{"id":27627,"date":"2018-11-21T00:00:00","date_gmt":"2018-11-20T23:00:00","guid":{"rendered":"https:\/\/imagazine.it\/?p=27627"},"modified":"2018-11-21T00:00:00","modified_gmt":"2018-11-20T23:00:00","slug":"a-palmanova-si-accampa-la-tribu-che-legge","status":"publish","type":"post","link":"https:\/\/imagazine.it\/home_desk\/a-palmanova-si-accampa-la-tribu-che-legge\/","title":{"rendered":"A Palmanova si accampa la &#8220;Trib\u00f9 che legge&#8221;"},"content":{"rendered":"<p>Saranno gli studenti della scuola secondaria Zorutti, insieme ai bambini della scuola elementare,\u00a0\u00a0<strong>i<\/strong>\u00a0<strong>protagonisti della \u201cTrib\u00f9 che legge\u201d.<\/strong>\u00a0Due classi della secondaria e due della primaria si sono radunate ieri nella cornice della polveriera Garzoni a Palmanova. Altre quattro classi ripeteranno l\u2019esperienza\u00a0<strong>domani dalle 10.30 alle 12.30.<\/strong><\/p>\n<p>Il nuovo progetto del programma regionale di promozione della lettura LeggiAMO 0-18 FVG, realizzato da Damatr\u00e0, \u00e8 arrivato\u00a0<strong>nella citt\u00e0 stellata, quarta tappa di un tour che sta toccando diverse biblioteche della regione<\/strong>. Stiamo parlando delle colorate e variopinte tende, disegnate, cucite e rifinite completamente a mano, della\u00a0<em>Trib\u00f9 che legge<\/em>, un vero e proprio accampamento di storie dove bambini e bambine racconteranno in maniera autogestita i propri libri preferiti, a tu per tu con chi legge, chi non legge e chi legger\u00e0.<\/p>\n<p>\u201c\u00c8 bellissimo vedere come l\u2019esperienza della lettura possa essere condivisa e trasmessa da un\u00a0 bambino pi\u00f9 grande a quello pi\u00f9 piccolo. Come i libri possano essere legame e fonte di esperienze, come possano intrattenere ed educare. Leggere negli occhi degli studenti la gioia del racconto, del comunicarlo agli altri nei fatti e nelle emozioni provate. La Trib\u00f9 che legge \u00e8 un progetto di grande valore\u201d commentano il sindaco\u00a0<strong>Francesco Martines<\/strong>\u00a0e l\u2019assessore alla cultura\u00a0<strong>Adriana Danielis<\/strong>.<\/p>\n<p>\u201cA piccoli gruppi, dentro le tende, i pi\u00f9 grandi raccontano ai pi\u00f9 piccoli, si conoscono, condividono, si confrontano: un esempio concreto di peer education, scambio tra pari. E cos\u00ec, di tenda in tenda, di biblioteca in biblioteca, di lettura in lettura, la trib\u00f9 cresce. I libri sono storie e leggere vuol dire averne a disposizione sempre di pi\u00f9, e ancora sono immaginazione, gioco, divertimento, curiosit\u00e0, conoscenza. Insomma la lettura \u00e8 una maestra a tutto tondo\u201d spiegano i referenti di\u00a0<strong>Damatr\u00e0<\/strong>.<\/p>\n<p>In un appuntamento preliminare i bambini pi\u00f9 grandi hanno incontrato gli esperti di Damatr\u00e0 e si sono preparati a diventare una trib\u00f9 di lettori.<\/p>\n","protected":false},"excerpt":{"rendered":"<p>Coinvolti i giovani di medie ed elementari<\/p>\n","protected":false},"author":28,"featured_media":27628,"comment_status":"closed","ping_status":"closed","sticky":false,"template":"","format":"standard","meta":{"dwc-title":[],"dwc-content":[],"footnotes":""},"categories":[5],"tags":[],"class_list":["post-27627","post","type-post","status-publish","format-standard","has-post-thumbnail","hentry","category-attualita"],"rttpg_featured_image_url":{"full":["https:\/\/imagazine.it\/wp-content\/uploads\/2024\/01\/27513-1.webp",750,496,false],"landscape":["https:\/\/imagazine.it\/wp-content\/uploads\/2024\/01\/27513-1.webp",750,496,false],"portraits":["https:\/\/imagazine.it\/wp-content\/uploads\/2024\/01\/27513-1.webp",750,496,false],"thumbnail":["https:\/\/imagazine.it\/wp-content\/uploads\/2024\/01\/27513-1-150x150.webp",150,150,true],"medium":["https:\/\/imagazine.it\/wp-content\/uploads\/2024\/01\/27513-1-300x198.webp",300,198,true],"large":["https:\/\/imagazine.it\/wp-content\/uploads\/2024\/01\/27513-1.webp",640,423,false],"thumblist":["https:\/\/imagazine.it\/wp-content\/uploads\/2024\/01\/27513-1.webp",300,198,false],"thumbrelated":["https:\/\/imagazine.it\/wp-content\/uploads\/2024\/01\/27513-1.webp",500,331,false],"meccarouselthumb":["https:\/\/imagazine.it\/wp-content\/uploads\/2024\/01\/27513-1.webp",474,313,false],"gridsquare":["https:\/\/imagazine.it\/wp-content\/uploads\/2024\/01\/27513-1.webp",391,260,false],"tileview":["https:\/\/imagazine.it\/wp-content\/uploads\/2024\/01\/27513-1.webp",300,198,false],"1536x1536":["https:\/\/imagazine.it\/wp-content\/uploads\/2024\/01\/27513-1.webp",750,496,false],"2048x2048":["https:\/\/imagazine.it\/wp-content\/uploads\/2024\/01\/27513-1.webp",750,496,false],"newsup-slider-full":["https:\/\/imagazine.it\/wp-content\/uploads\/2024\/01\/27513-1.webp",750,496,false],"newsup-featured":["https:\/\/imagazine.it\/wp-content\/uploads\/2024\/01\/27513-1.webp",750,496,false],"newsup-medium":["https:\/\/imagazine.it\/wp-content\/uploads\/2024\/01\/27513-1-720x380.webp",720,380,true],"tptn_thumbnail":["https:\/\/imagazine.it\/wp-content\/uploads\/2024\/01\/27513-1.webp",250,165,false],"sow-carousel-default":["https:\/\/imagazine.it\/wp-content\/uploads\/2024\/01\/27513-1-272x182.webp",272,182,true]},"rttpg_author":{"display_name":"redazione","author_link":"https:\/\/imagazine.it\/home_desk\/author\/redazione\/"},"rttpg_comment":0,"rttpg_category":"<a href=\"https:\/\/imagazine.it\/home_desk\/category\/attualita\/\" rel=\"category tag\">ATTUALIT\u00c0<\/a>","rttpg_excerpt":"Coinvolti i giovani di medie ed elementari","_links":{"self":[{"href":"https:\/\/imagazine.it\/home_desk\/wp-json\/wp\/v2\/posts\/27627","targetHints":{"allow":["GET"]}}],"collection":[{"href":"https:\/\/imagazine.it\/home_desk\/wp-json\/wp\/v2\/posts"}],"about":[{"href":"https:\/\/imagazine.it\/home_desk\/wp-json\/wp\/v2\/types\/post"}],"author":[{"embeddable":true,"href":"https:\/\/imagazine.it\/home_desk\/wp-json\/wp\/v2\/users\/28"}],"replies":[{"embeddable":true,"href":"https:\/\/imagazine.it\/home_desk\/wp-json\/wp\/v2\/comments?post=27627"}],"version-history":[{"count":0,"href":"https:\/\/imagazine.it\/home_desk\/wp-json\/wp\/v2\/posts\/27627\/revisions"}],"wp:featuredmedia":[{"embeddable":true,"href":"https:\/\/imagazine.it\/home_desk\/wp-json\/wp\/v2\/media\/27628"}],"wp:attachment":[{"href":"https:\/\/imagazine.it\/home_desk\/wp-json\/wp\/v2\/media?parent=27627"}],"wp:term":[{"taxonomy":"category","embeddable":true,"href":"https:\/\/imagazine.it\/home_desk\/wp-json\/wp\/v2\/categories?post=27627"},{"taxonomy":"post_tag","embeddable":true,"href":"https:\/\/imagazine.it\/home_desk\/wp-json\/wp\/v2\/tags?post=27627"}],"curies":[{"name":"wp","href":"https:\/\/api.w.org\/{rel}","templated":true}]}}