{"id":27591,"date":"2018-11-14T00:00:00","date_gmt":"2018-11-13T23:00:00","guid":{"rendered":"https:\/\/imagazine.it\/?p=27591"},"modified":"2018-11-14T00:00:00","modified_gmt":"2018-11-13T23:00:00","slug":"a-teatro-per-insegnare-il-friulano-ai-bambini","status":"publish","type":"post","link":"https:\/\/imagazine.it\/home_desk\/a-teatro-per-insegnare-il-friulano-ai-bambini\/","title":{"rendered":"A teatro per insegnare il friulano ai bambini"},"content":{"rendered":"<p>Si chiama<strong> \u201cUn amico per Fal\u00f9\/Un am\u00ec par Fal\u00f9\u201d<\/strong> il progetto ideato dalla Compagnia udinese <strong>Teatro della Sete <\/strong>e finanziato da <strong>ARLeF <\/strong><strong>\u2013 Agjenzie Regjon\u0203l pe Lenghe Furlane <\/strong>per insegnare il friulano ai bambini attraverso un laboratorio-spettacolo gratuito. Fal\u00f9 toccher\u00e0 diverse tappe, le pi\u00f9 vicine sono <strong>Precenicco <\/strong>(Auditorium),<strong> gioved\u00ec 15 e domenica 18 <\/strong>(rispettivamente data del laboratorio e dello spettacolo) e <strong>Udine (frazione di Cussignacco) il 22 e 25<\/strong> novembre.<\/p>\n<p>La sua formula comprende il binomio <strong>laboratorio\u2013teatro<\/strong>, entrambi <strong>gratuiti<\/strong>: si parte da due ore di pura creativit\u00e0, in cui i piccoli partecipanti potranno creare con stoffa e forbici un personaggio, in questo caso un burattino, che qualche giorno dopo diverr\u00e0 il nuovo amico di <u><a href=\"https:\/\/www.teatrodellasete.com\/produzioni\/falu\/\" target=\"_blank\" rel=\"noopener\"><strong>\u201cFal\u00f9\u201d<\/strong><\/a><\/u>, nell\u2019omonimo spettacolo di figura interamente in lingua friulana.<\/p>\n<p>\u201c<em>Abbiamo cercato un modo divertente \u2013 spiegano dalla <\/em>Compagnia Teatro della Sete<em> \u2013 per sensibilizzare, diffondere e rafforzare l\u2019utilizzo della lingua friulana tra le nuove generazioni, non solo con l\u2019invito alla messa in scena, ma anche attraverso il coinvolgimento attivo. Questo accadr\u00e0 sia durante il laboratorio, sia al termine dello spettacolo, quando i bimbi verranno invitati sul palco, come veri protagonisti della storia\u201d<\/em>.<\/p>\n<p>Dettaglio curioso: ogni pupazzo dovr\u00e0 possedere una \u201ccarta d\u2019identit\u00e0\u201d, ovvero un nome e dei segni distintivi, tutti in friulano. Ai genitori verr\u00e0 consigliato di utilizzare<u><a href=\"http:\/\/www.arlef.it\/it\/strumenti\/grant-dizionari-talian-furlan\" target=\"_blank\" rel=\"noopener\"><strong> il Grande Dizionario Bilingue fornito dalla ARLeF<\/strong><\/a>,<\/u> in modo tale da curiosare e imparare assieme nuovi termini della lingua. Verr\u00e0 inoltre chiesto di condividere la foto sui social, in particolar modo su <strong>Instagram<u>,<\/u><\/strong> taggando la compagnia o inserendo l\u2019hashtag #unamiparfalu. Online sono gi\u00e0 presenti diversi \u201camici\u201d creati dai bimbi che hanno partecipato ai passati appuntamenti.<\/p>\n<p>Infatti, diversi comuni hanno gi\u00e0 aderito al progetto, partito da Paularo in agosto, San Giorgio di Nogaro in ottobre per arrivare a qualche giorno fa a Remanzacco. Ecco le prossime tappe di Fal\u00f9: 15 e 18 novembre a Precenicco, 22 e 25 novembre a Udine, 24 e 27 gennaio a Cividale fino ad arrivare a marzo, 21 e 24 a San Daniele del Friuli. Il progetto, <strong>si propone ad altri comuni friulani desiderosi di ospitarlo<\/strong>. Adatto a bambini dai 5 anni in su.<\/p>\n<p>Per ulteriori informazioni e per prenotarsi: <u><a href=\"https:\/\/www.teatrodellasete.com\/un-amico-per-falu\/\" target=\"_blank\" rel=\"noopener\"><strong>www.teatrodellasete.com<\/strong><\/a><\/u><strong>.<\/strong><\/p>\n","protected":false},"excerpt":{"rendered":"<p>\u201cUn am\u00ec par Fal\u00f9\u201d<\/p>\n","protected":false},"author":28,"featured_media":27592,"comment_status":"closed","ping_status":"closed","sticky":false,"template":"","format":"standard","meta":{"dwc-title":[],"dwc-content":[],"footnotes":""},"categories":[37],"tags":[],"class_list":["post-27591","post","type-post","status-publish","format-standard","has-post-thumbnail","hentry","category-cultura-e-spettacolo"],"rttpg_featured_image_url":{"full":["https:\/\/imagazine.it\/wp-content\/uploads\/2024\/01\/27437-1.webp",750,525,false],"landscape":["https:\/\/imagazine.it\/wp-content\/uploads\/2024\/01\/27437-1.webp",750,525,false],"portraits":["https:\/\/imagazine.it\/wp-content\/uploads\/2024\/01\/27437-1.webp",750,525,false],"thumbnail":["https:\/\/imagazine.it\/wp-content\/uploads\/2024\/01\/27437-1-150x150.webp",150,150,true],"medium":["https:\/\/imagazine.it\/wp-content\/uploads\/2024\/01\/27437-1-300x210.webp",300,210,true],"large":["https:\/\/imagazine.it\/wp-content\/uploads\/2024\/01\/27437-1.webp",640,448,false],"thumblist":["https:\/\/imagazine.it\/wp-content\/uploads\/2024\/01\/27437-1.webp",300,210,false],"thumbrelated":["https:\/\/imagazine.it\/wp-content\/uploads\/2024\/01\/27437-1.webp",500,350,false],"meccarouselthumb":["https:\/\/imagazine.it\/wp-content\/uploads\/2024\/01\/27437-1.webp",463,324,false],"gridsquare":["https:\/\/imagazine.it\/wp-content\/uploads\/2024\/01\/27437-1.webp",371,260,false],"tileview":["https:\/\/imagazine.it\/wp-content\/uploads\/2024\/01\/27437-1.webp",300,210,false],"1536x1536":["https:\/\/imagazine.it\/wp-content\/uploads\/2024\/01\/27437-1.webp",750,525,false],"2048x2048":["https:\/\/imagazine.it\/wp-content\/uploads\/2024\/01\/27437-1.webp",750,525,false],"newsup-slider-full":["https:\/\/imagazine.it\/wp-content\/uploads\/2024\/01\/27437-1.webp",750,525,false],"newsup-featured":["https:\/\/imagazine.it\/wp-content\/uploads\/2024\/01\/27437-1.webp",750,525,false],"newsup-medium":["https:\/\/imagazine.it\/wp-content\/uploads\/2024\/01\/27437-1-720x380.webp",720,380,true],"tptn_thumbnail":["https:\/\/imagazine.it\/wp-content\/uploads\/2024\/01\/27437-1.webp",250,175,false],"sow-carousel-default":["https:\/\/imagazine.it\/wp-content\/uploads\/2024\/01\/27437-1-272x182.webp",272,182,true]},"rttpg_author":{"display_name":"redazione","author_link":"https:\/\/imagazine.it\/home_desk\/author\/redazione\/"},"rttpg_comment":0,"rttpg_category":"<a href=\"https:\/\/imagazine.it\/home_desk\/category\/cultura-e-spettacolo\/\" rel=\"category tag\">CULTURA&amp;SPETTACOLO<\/a>","rttpg_excerpt":"\u201cUn am\u00ec par Fal\u00f9\u201d","_links":{"self":[{"href":"https:\/\/imagazine.it\/home_desk\/wp-json\/wp\/v2\/posts\/27591","targetHints":{"allow":["GET"]}}],"collection":[{"href":"https:\/\/imagazine.it\/home_desk\/wp-json\/wp\/v2\/posts"}],"about":[{"href":"https:\/\/imagazine.it\/home_desk\/wp-json\/wp\/v2\/types\/post"}],"author":[{"embeddable":true,"href":"https:\/\/imagazine.it\/home_desk\/wp-json\/wp\/v2\/users\/28"}],"replies":[{"embeddable":true,"href":"https:\/\/imagazine.it\/home_desk\/wp-json\/wp\/v2\/comments?post=27591"}],"version-history":[{"count":0,"href":"https:\/\/imagazine.it\/home_desk\/wp-json\/wp\/v2\/posts\/27591\/revisions"}],"wp:featuredmedia":[{"embeddable":true,"href":"https:\/\/imagazine.it\/home_desk\/wp-json\/wp\/v2\/media\/27592"}],"wp:attachment":[{"href":"https:\/\/imagazine.it\/home_desk\/wp-json\/wp\/v2\/media?parent=27591"}],"wp:term":[{"taxonomy":"category","embeddable":true,"href":"https:\/\/imagazine.it\/home_desk\/wp-json\/wp\/v2\/categories?post=27591"},{"taxonomy":"post_tag","embeddable":true,"href":"https:\/\/imagazine.it\/home_desk\/wp-json\/wp\/v2\/tags?post=27591"}],"curies":[{"name":"wp","href":"https:\/\/api.w.org\/{rel}","templated":true}]}}