{"id":27536,"date":"2018-11-07T00:00:00","date_gmt":"2018-11-06T23:00:00","guid":{"rendered":"https:\/\/imagazine.it\/?p=27536"},"modified":"2018-11-07T00:00:00","modified_gmt":"2018-11-06T23:00:00","slug":"mobilita-sostenibile-a-san-giorgio-di-nogaro-la-ricarica-per-auto-elettriche","status":"publish","type":"post","link":"https:\/\/imagazine.it\/home_desk\/mobilita-sostenibile-a-san-giorgio-di-nogaro-la-ricarica-per-auto-elettriche\/","title":{"rendered":"Mobilit\u00e0 sostenibile, a San Giorgio di Nogaro la ricarica per auto elettriche"},"content":{"rendered":"<p>Si allarga la rete per il rifornimento elettrico in Friuli Venezia Giulia.\u00a0<strong>Sky Gas &#038; Power, societ\u00e0 di Udine attiva su scala nazionale nella fornitura di energia elettrica e gas, ha attivato una colonnina per le auto elettriche ai Cantieri Marina San Giorgio di San Giorgio di Nogaro<\/strong>.<\/p>\n<p>Una scelta dettata dalla volont\u00e0 di diffondere una maggiore cultura ambientale partendo proprio dai consumi energetici. \u00abIl coinvolgimento dei nostri clienti in questa azione rientra in una precisa politica: promuovere la sostenibilit\u00e0 attraverso azioni quotidiane, come pu\u00f2 essere quella di spostarsi in auto\u00bb, spiega\u00a0<strong>Stefano Caldarazzo, fondatore e CEO di Sky Gas &#038; Power<\/strong>. \u00abL\u2019installazione a San Giorgio di Nogaro prosegue un percorso che abbiamo avviato fin dall\u2019anno scorso in Friuli Venezia Giulia per la diffusione delle colonnine: sono state posizionate fino a oggi allo stabilimento balneare Astoria a Sottomarina di Chioggia e al ristorante Podere dell\u2019Angelo di Pasiano di Pordenone. Nonostante la mobilit\u00e0 elettrica non sia ancora particolarmente diffusa, sono postazioni che vengono molto utilizzate\u00bb.<\/p>\n<p>Ai Cantieri Marina San Giorgio la colonnina ha trovato posto nelle immediate vicinanze del ristorante. \u00abUn punto di facile accesso per quanti frequentano la nostra struttura\u00bb, osserva\u00a0<strong>Davide Piccinin<\/strong>, amministratore unico e presidente dei Cantieri Marina San Giorgio. Primo approdo per la cantieristica da diporto nato nella zona industriale Aussa Corno 45 anni fa, Cantieri Marina San Giorgio ha 300 posti barca (per imbarcazioni dai 7 ai 35 metri) con 12.000 metri quadri di capannoni su un\u2019area da 40.000 metri. L\u2019intero complesso si affaccia sul fiume Corno, in acqua dolce, a circa 4 miglia dal mare aperto.<\/p>\n<p>\u00abIl tema ambientale ci viene ricordato quotidianamente guardando la darsena che fu dragata e bonificata da mio padre Angelo insieme con un gruppo di imprenditori nel 1973 per far spazio a marina San Giorgio\u00bb, continua Piccinin. \u00abLa mobilit\u00e0 elettrica, che sta trovando spazio anche nel mondo della navigazione, merita di essere incentivata e valorizzata. Passaggio fondamentale \u00e8 per\u00f2 la diffusione di appositi punti di ricarica\u00bb.<\/p>\n<p>La colonnina installata ha un doppio attacco universale da 22 Kw cos\u00ec da poter rifornire tutte le auto elettriche presenti sul mercato, dalle case automobilistiche pi\u00f9 comuni quali Nissan, Bmw, Renault, Citroen, Volkswagen e Smart, fino alle Tesla. \u00abLa mobilit\u00e0 elettrica rappresenta il futuro\u00bb, conclude Caldarazzo. \u00abLa capillarit\u00e0 dei punti di ricarica \u00e8 quindi un passaggio indispensabile per sostenere un nuovo concetto di sostenibilit\u00e0: a una qualit\u00e0 \u201cecologica\u201d dell\u2019energia utilizzata deve abbinarsi anche un servizio puntuale. Sky Gas &#038; Power segue un comportamento sostenibile, non anonimi call center, ma una rete qualificata di consulenti capace di orientare le scelte e indicare le soluzioni migliori per ridurre i consumi\u00bb.<\/p>\n","protected":false},"excerpt":{"rendered":"<p>Attivata da Sky Gas &#038; Power<\/p>\n","protected":false},"author":28,"featured_media":27537,"comment_status":"closed","ping_status":"closed","sticky":false,"template":"","format":"standard","meta":{"dwc-title":[],"dwc-content":[],"footnotes":""},"categories":[5],"tags":[],"class_list":["post-27536","post","type-post","status-publish","format-standard","has-post-thumbnail","hentry","category-attualita"],"rttpg_featured_image_url":{"full":["https:\/\/imagazine.it\/wp-content\/uploads\/2024\/01\/27313-1.webp",750,500,false],"landscape":["https:\/\/imagazine.it\/wp-content\/uploads\/2024\/01\/27313-1.webp",750,500,false],"portraits":["https:\/\/imagazine.it\/wp-content\/uploads\/2024\/01\/27313-1.webp",750,500,false],"thumbnail":["https:\/\/imagazine.it\/wp-content\/uploads\/2024\/01\/27313-1-150x150.webp",150,150,true],"medium":["https:\/\/imagazine.it\/wp-content\/uploads\/2024\/01\/27313-1-300x200.webp",300,200,true],"large":["https:\/\/imagazine.it\/wp-content\/uploads\/2024\/01\/27313-1.webp",640,427,false],"thumblist":["https:\/\/imagazine.it\/wp-content\/uploads\/2024\/01\/27313-1.webp",300,200,false],"thumbrelated":["https:\/\/imagazine.it\/wp-content\/uploads\/2024\/01\/27313-1.webp",500,333,false],"meccarouselthumb":["https:\/\/imagazine.it\/wp-content\/uploads\/2024\/01\/27313-1.webp",474,316,false],"gridsquare":["https:\/\/imagazine.it\/wp-content\/uploads\/2024\/01\/27313-1.webp",391,260,false],"tileview":["https:\/\/imagazine.it\/wp-content\/uploads\/2024\/01\/27313-1.webp",300,200,false],"1536x1536":["https:\/\/imagazine.it\/wp-content\/uploads\/2024\/01\/27313-1.webp",750,500,false],"2048x2048":["https:\/\/imagazine.it\/wp-content\/uploads\/2024\/01\/27313-1.webp",750,500,false],"newsup-slider-full":["https:\/\/imagazine.it\/wp-content\/uploads\/2024\/01\/27313-1.webp",750,500,false],"newsup-featured":["https:\/\/imagazine.it\/wp-content\/uploads\/2024\/01\/27313-1.webp",750,500,false],"newsup-medium":["https:\/\/imagazine.it\/wp-content\/uploads\/2024\/01\/27313-1-720x380.webp",720,380,true],"tptn_thumbnail":["https:\/\/imagazine.it\/wp-content\/uploads\/2024\/01\/27313-1.webp",250,167,false],"sow-carousel-default":["https:\/\/imagazine.it\/wp-content\/uploads\/2024\/01\/27313-1-272x182.webp",272,182,true]},"rttpg_author":{"display_name":"redazione","author_link":"https:\/\/imagazine.it\/home_desk\/author\/redazione\/"},"rttpg_comment":0,"rttpg_category":"<a href=\"https:\/\/imagazine.it\/home_desk\/category\/attualita\/\" rel=\"category tag\">ATTUALIT\u00c0<\/a>","rttpg_excerpt":"Attivata da Sky Gas & Power","_links":{"self":[{"href":"https:\/\/imagazine.it\/home_desk\/wp-json\/wp\/v2\/posts\/27536","targetHints":{"allow":["GET"]}}],"collection":[{"href":"https:\/\/imagazine.it\/home_desk\/wp-json\/wp\/v2\/posts"}],"about":[{"href":"https:\/\/imagazine.it\/home_desk\/wp-json\/wp\/v2\/types\/post"}],"author":[{"embeddable":true,"href":"https:\/\/imagazine.it\/home_desk\/wp-json\/wp\/v2\/users\/28"}],"replies":[{"embeddable":true,"href":"https:\/\/imagazine.it\/home_desk\/wp-json\/wp\/v2\/comments?post=27536"}],"version-history":[{"count":0,"href":"https:\/\/imagazine.it\/home_desk\/wp-json\/wp\/v2\/posts\/27536\/revisions"}],"wp:featuredmedia":[{"embeddable":true,"href":"https:\/\/imagazine.it\/home_desk\/wp-json\/wp\/v2\/media\/27537"}],"wp:attachment":[{"href":"https:\/\/imagazine.it\/home_desk\/wp-json\/wp\/v2\/media?parent=27536"}],"wp:term":[{"taxonomy":"category","embeddable":true,"href":"https:\/\/imagazine.it\/home_desk\/wp-json\/wp\/v2\/categories?post=27536"},{"taxonomy":"post_tag","embeddable":true,"href":"https:\/\/imagazine.it\/home_desk\/wp-json\/wp\/v2\/tags?post=27536"}],"curies":[{"name":"wp","href":"https:\/\/api.w.org\/{rel}","templated":true}]}}