{"id":27420,"date":"2018-10-15T00:00:00","date_gmt":"2018-10-14T23:00:00","guid":{"rendered":"https:\/\/imagazine.it\/?p=27420"},"modified":"2018-10-15T00:00:00","modified_gmt":"2018-10-14T23:00:00","slug":"cividale-prove-di-terremoto","status":"publish","type":"post","link":"https:\/\/imagazine.it\/home_desk\/cividale-prove-di-terremoto\/","title":{"rendered":"Cividale, prove di terremoto"},"content":{"rendered":"<p>Si svolger\u00e0 il <strong>20 e 21 ottobre 2018 a Cividale del Friuli<\/strong> l\u2019esercitazione \u201cFORUM IULII 2018\u201d che avr\u00e0 come scopo principale quello di testare il <strong>Piano Comunale di Emergenza<\/strong> del Comune e le relative <strong>procedure di protezione della popolazione, in caso di evento sismico<\/strong>.<\/p>\n<p>L\u2019esercitazione sar\u00e0 articolata su due localit\u00e0: il <strong>centro storico<\/strong> di Cividale del Friuli e la localit\u00e0 di <strong>Purgessimo<\/strong>. Dalla mattina di sabato 20 si inizier\u00e0 simulando un evento sismico di magnitudo 5,8. Su richiesta del sindaco, la Protezione Civile della Regione attiver\u00e0 la Colonna Mobile Regionale, simulando le reali attivit\u00e0 di intervento gi\u00e0 svolte in numerose e reali situazioni (terremoti in Umbria nel 1997, in Molise nel 2002, in Pakistan nel 2005, in Abruzzo nel 2009, in Emilia nel 2012, ad Amatrice nel 2016), per il trasporto, montaggio, allestimento e gestione di una tendopoli (realizzata, nella simulazione, in versione ridotta).<\/p>\n<p>In parallelo, nella mattinata di <strong>sabato 20 ottobre<\/strong> avr\u00e0 luogo, presso il Museo Archeologico Nazionale e il Monastero di Santa Maria in Valle, sotto il coordinamento dei funzionari del Museo Archeologico Nazionale, un\u2019esercitazione per il recupero di beni artistici in contesti emergenziali, da parte di alcuni volontari (sempre dei Gruppi Comunali di Protezione Civile della Regione) abilitati a svolgere tale delicata attivit\u00e0 avendo partecipato a specifici corsi di formazione, in atto dal 2015. In questo contesto l\u2019amministrazione comunale, avvalendosi della propria struttura specializzata, su base volontaria (il Gruppo Comunale di Protezione Civile di Cividale del Friuli) e delle altre componenti del sistema integrato di Protezione Civile, attiver\u00e0 il C.O.C. (Centro Operativo Comunale) ove i funzionari comunali e gli altri componenti preposti coordineranno le operazioni. Sar\u00e0 cos\u00ec testata concretamente l\u2019attivazione del Piano Comunale di Emergenza e le relative procedure operative (ordinanza del sindaco di costituzione del C.O.C.; richiesta di attivazione del meccanismo di soccorso alla Prefettura e alla Protezione Civile della Regione; censimento della popolazione presso l\u2019area di attesa di Purgessimo; allestimento di una tendopoli, completa di mensa, presso l\u2019Area di Ricovero Scoperta di Purgessimo, nel locale centro sportivo; ricovero degli sfollati, con pasti e pernottamento della popolazione presso la tendopoli; recupero beni culturali mobili in siti di interesse nel centro storico di Cividale del Friuli; svolgimento, da parte della Croce Rossa Italiana, di sessioni formative di primo soccorso, a favore dei volontari e della popolazione ivi confluita; cena in tendopoli e alle 21 illustrazione del Piano Comunale delle Emergenze cui far\u00e0 seguito, per chi lo volesse, la \u201cnotte in tenda\u201d, potendo dormire nella tendopoli stessa).<\/p>\n<p><strong>Domenica 21 ottobre<\/strong>, con il coordinamento dei Vigili del Fuoco e l\u2019apporto dei volontari dei Gruppi Comunali di Protezione Civile coinvolti (Distretti Valli del Natisone e Manzanese), nonch\u00e9 delle squadre cinofile della Protezione Civile della Regione e la partecipazione della Croce Rossa Italiana, sar\u00e0 simulata una ricerca persona in ambiente impervio, nelle zone contermini all\u2019abitato di Purgessimo.<\/p>\n<p>La <strong>popolazione della frazione di Purgessimo \u00e8 invitata a partecipare all&#39;esercitazione, previa iscrizione presso l\u2019Area di Attesa di Purgessimo<\/strong> nella mattinata di sabato 20 ottobre, partecipando sia al censimento dei terremotati nella stessa area di attesa, che all\u2019esperienza di pernottamento (con relativi pasti) presso l\u2019Area di Ricovero Scoperta (tendopoli) di Purgessimo, il tutto per testare l\u2019efficacia del Piano Comunale d\u2019Emergenza.<\/p>\n<p>Parteciperanno all&#39;esercitazione &#8220;FORUM IULII 2018&#8221; i funzionari della Protezione Civile della Regione Friuli Venezia Giulia, i funzionari preposti al COC del Comune di Cividale del Friuli, i Vigili del Fuoco, il Museo Archeologico Nazionale \/ MIBAC, i volontari dei Gruppi Comunali Protezione Civile di Cividale del Friuli e dei Distretti di Protezione Civile \u201cValli del Natisone\u201d e \u201cManzanese\u201d assieme a gruppi di volontari abilitati al recupero delle opere artistiche ed ai binomi cinofili provenienti da vari Gruppi Comunali della Regione, alla Protezione Civile dell\u2019ANA (Associazione Nazionale Alpini), alla Croce Rossa Italiana, alle Forze dell\u2019Ordine e alla Polizia Locale dell\u2019UTI Natisone, per un totale di circa 150 persone impegnate, tra volontari e personale professionale.<\/p>\n","protected":false},"excerpt":{"rendered":"<p>Esercitazione \u201cFORUM IULII 2018\u201d<\/p>\n","protected":false},"author":28,"featured_media":27421,"comment_status":"closed","ping_status":"closed","sticky":false,"template":"","format":"standard","meta":{"dwc-title":[],"dwc-content":[],"footnotes":""},"categories":[5],"tags":[],"class_list":["post-27420","post","type-post","status-publish","format-standard","has-post-thumbnail","hentry","category-attualita"],"rttpg_featured_image_url":{"full":["https:\/\/imagazine.it\/wp-content\/uploads\/2024\/01\/27085-1.webp",750,500,false],"landscape":["https:\/\/imagazine.it\/wp-content\/uploads\/2024\/01\/27085-1.webp",750,500,false],"portraits":["https:\/\/imagazine.it\/wp-content\/uploads\/2024\/01\/27085-1.webp",750,500,false],"thumbnail":["https:\/\/imagazine.it\/wp-content\/uploads\/2024\/01\/27085-1-150x150.webp",150,150,true],"medium":["https:\/\/imagazine.it\/wp-content\/uploads\/2024\/01\/27085-1-300x200.webp",300,200,true],"large":["https:\/\/imagazine.it\/wp-content\/uploads\/2024\/01\/27085-1.webp",640,427,false],"thumblist":["https:\/\/imagazine.it\/wp-content\/uploads\/2024\/01\/27085-1.webp",300,200,false],"thumbrelated":["https:\/\/imagazine.it\/wp-content\/uploads\/2024\/01\/27085-1.webp",500,333,false],"meccarouselthumb":["https:\/\/imagazine.it\/wp-content\/uploads\/2024\/01\/27085-1.webp",474,316,false],"gridsquare":["https:\/\/imagazine.it\/wp-content\/uploads\/2024\/01\/27085-1.webp",391,260,false],"tileview":["https:\/\/imagazine.it\/wp-content\/uploads\/2024\/01\/27085-1.webp",300,200,false],"1536x1536":["https:\/\/imagazine.it\/wp-content\/uploads\/2024\/01\/27085-1.webp",750,500,false],"2048x2048":["https:\/\/imagazine.it\/wp-content\/uploads\/2024\/01\/27085-1.webp",750,500,false],"newsup-slider-full":["https:\/\/imagazine.it\/wp-content\/uploads\/2024\/01\/27085-1.webp",750,500,false],"newsup-featured":["https:\/\/imagazine.it\/wp-content\/uploads\/2024\/01\/27085-1.webp",750,500,false],"newsup-medium":["https:\/\/imagazine.it\/wp-content\/uploads\/2024\/01\/27085-1-720x380.webp",720,380,true],"tptn_thumbnail":["https:\/\/imagazine.it\/wp-content\/uploads\/2024\/01\/27085-1.webp",250,167,false],"sow-carousel-default":["https:\/\/imagazine.it\/wp-content\/uploads\/2024\/01\/27085-1-272x182.webp",272,182,true]},"rttpg_author":{"display_name":"redazione","author_link":"https:\/\/imagazine.it\/home_desk\/author\/redazione\/"},"rttpg_comment":0,"rttpg_category":"<a href=\"https:\/\/imagazine.it\/home_desk\/category\/attualita\/\" rel=\"category tag\">ATTUALIT\u00c0<\/a>","rttpg_excerpt":"Esercitazione \u201cFORUM IULII 2018\u201d","_links":{"self":[{"href":"https:\/\/imagazine.it\/home_desk\/wp-json\/wp\/v2\/posts\/27420","targetHints":{"allow":["GET"]}}],"collection":[{"href":"https:\/\/imagazine.it\/home_desk\/wp-json\/wp\/v2\/posts"}],"about":[{"href":"https:\/\/imagazine.it\/home_desk\/wp-json\/wp\/v2\/types\/post"}],"author":[{"embeddable":true,"href":"https:\/\/imagazine.it\/home_desk\/wp-json\/wp\/v2\/users\/28"}],"replies":[{"embeddable":true,"href":"https:\/\/imagazine.it\/home_desk\/wp-json\/wp\/v2\/comments?post=27420"}],"version-history":[{"count":0,"href":"https:\/\/imagazine.it\/home_desk\/wp-json\/wp\/v2\/posts\/27420\/revisions"}],"wp:featuredmedia":[{"embeddable":true,"href":"https:\/\/imagazine.it\/home_desk\/wp-json\/wp\/v2\/media\/27421"}],"wp:attachment":[{"href":"https:\/\/imagazine.it\/home_desk\/wp-json\/wp\/v2\/media?parent=27420"}],"wp:term":[{"taxonomy":"category","embeddable":true,"href":"https:\/\/imagazine.it\/home_desk\/wp-json\/wp\/v2\/categories?post=27420"},{"taxonomy":"post_tag","embeddable":true,"href":"https:\/\/imagazine.it\/home_desk\/wp-json\/wp\/v2\/tags?post=27420"}],"curies":[{"name":"wp","href":"https:\/\/api.w.org\/{rel}","templated":true}]}}