{"id":27322,"date":"2018-09-27T00:00:00","date_gmt":"2018-09-26T23:00:00","guid":{"rendered":"https:\/\/imagazine.it\/?p=27322"},"modified":"2018-09-27T00:00:00","modified_gmt":"2018-09-26T23:00:00","slug":"trieste-riabbraccia-il-campo-di-giarizzole","status":"publish","type":"post","link":"https:\/\/imagazine.it\/home_desk\/trieste-riabbraccia-il-campo-di-giarizzole\/","title":{"rendered":"Trieste riabbraccia il Campo di Giarizzole"},"content":{"rendered":"<p><strong>ICOP spa<\/strong>, impresa esecutrice dei lavori per la realizzazione della nuova Piattaforma logistica del Porto di Trieste, annuncia che <strong>domenica 30 settembre<\/strong>, <strong>alle 12.30<\/strong>, alla presenza del vescovo di Trieste <strong>Giampaolo Crepaldi<\/strong> e del sindaco <strong>Roberto Dipiazza<\/strong>, sar\u00e0 inaugurato a Trieste il campo di calcio di<strong> Giarizzole, completamente ristrutturato. <\/strong><\/p>\n<p>La Casa del giovane, con l\u2019attiguo campo di Giarizzole, negli Anni \u201970-\u201980 \u00e8 stato un importante centro di aggregazione giovanile del quartiere, un rione periferico densamente abitato, che si \u00e8 sviluppato a ridosso della zona produttiva della citt\u00e0. Nel tempo il centro aveva perso la funzione originaria per la mancanza delle risorse necessarie al suo mantenimento; anche il campo di calcio, inizialmente a disposizione delle societ\u00e0 sportive, era stato abbandonato e gran parte degli spazi esterni erano diventati inagibili.<\/p>\n<p>Icop, capogruppo dell\u2019Ati delle imprese esecutrici dei lavori della Piattaforma Logistica, ha coinvolto in questo progetto i professionisti e le aziende impegnate nella realizzazione dei lavori, ottenendo da parte di tutte sostegno all\u2019iniziativa. <strong>In tal modo \u00e8 stato possibile realizzare l\u2019intervento di demolizione e di ricostruzione del campo di calcio e delle annesse tribune, il cui costo, di circa 450.000 euro, \u00e8 stato interamente sostenuto dalle aziende.<\/strong><\/p>\n<p>\u201cRiteniamo \u2013 commenta <strong>Vittorio<\/strong> <strong>Petrucco<\/strong>, presidente della ICOP \u2013 che questo intervento rappresenti un esempio concreto e significativo di responsabilit\u00e0 sociale d\u2019impresa e un segno di attenzione del mondo produttivo nei confronti del territorio che lo ospita, nella stretta collaborazione tra realt\u00e0 molto diverse quali il mondo delle imprese e quello dell\u2019associazionismo\u201d.\u00a0<\/p>\n","protected":false},"excerpt":{"rendered":"<p>Domenica l&#8217;inaugurazione<\/p>\n","protected":false},"author":28,"featured_media":27323,"comment_status":"closed","ping_status":"closed","sticky":false,"template":"","format":"standard","meta":{"dwc-title":[],"dwc-content":[],"footnotes":""},"categories":[38],"tags":[],"class_list":["post-27322","post","type-post","status-publish","format-standard","has-post-thumbnail","hentry","category-sport"],"rttpg_featured_image_url":{"full":["https:\/\/imagazine.it\/wp-content\/uploads\/2024\/01\/26864-1.webp",750,522,false],"landscape":["https:\/\/imagazine.it\/wp-content\/uploads\/2024\/01\/26864-1.webp",750,522,false],"portraits":["https:\/\/imagazine.it\/wp-content\/uploads\/2024\/01\/26864-1.webp",750,522,false],"thumbnail":["https:\/\/imagazine.it\/wp-content\/uploads\/2024\/01\/26864-1-150x150.webp",150,150,true],"medium":["https:\/\/imagazine.it\/wp-content\/uploads\/2024\/01\/26864-1-300x209.webp",300,209,true],"large":["https:\/\/imagazine.it\/wp-content\/uploads\/2024\/01\/26864-1.webp",640,445,false],"thumblist":["https:\/\/imagazine.it\/wp-content\/uploads\/2024\/01\/26864-1.webp",300,209,false],"thumbrelated":["https:\/\/imagazine.it\/wp-content\/uploads\/2024\/01\/26864-1.webp",500,348,false],"meccarouselthumb":["https:\/\/imagazine.it\/wp-content\/uploads\/2024\/01\/26864-1.webp",466,324,false],"gridsquare":["https:\/\/imagazine.it\/wp-content\/uploads\/2024\/01\/26864-1.webp",374,260,false],"tileview":["https:\/\/imagazine.it\/wp-content\/uploads\/2024\/01\/26864-1.webp",300,209,false],"1536x1536":["https:\/\/imagazine.it\/wp-content\/uploads\/2024\/01\/26864-1.webp",750,522,false],"2048x2048":["https:\/\/imagazine.it\/wp-content\/uploads\/2024\/01\/26864-1.webp",750,522,false],"newsup-slider-full":["https:\/\/imagazine.it\/wp-content\/uploads\/2024\/01\/26864-1.webp",750,522,false],"newsup-featured":["https:\/\/imagazine.it\/wp-content\/uploads\/2024\/01\/26864-1.webp",750,522,false],"newsup-medium":["https:\/\/imagazine.it\/wp-content\/uploads\/2024\/01\/26864-1-720x380.webp",720,380,true],"tptn_thumbnail":["https:\/\/imagazine.it\/wp-content\/uploads\/2024\/01\/26864-1.webp",250,174,false],"sow-carousel-default":["https:\/\/imagazine.it\/wp-content\/uploads\/2024\/01\/26864-1-272x182.webp",272,182,true]},"rttpg_author":{"display_name":"redazione","author_link":"https:\/\/imagazine.it\/home_desk\/author\/redazione\/"},"rttpg_comment":0,"rttpg_category":"<a href=\"https:\/\/imagazine.it\/home_desk\/category\/sport\/\" rel=\"category tag\">SPORT<\/a>","rttpg_excerpt":"Domenica l'inaugurazione","_links":{"self":[{"href":"https:\/\/imagazine.it\/home_desk\/wp-json\/wp\/v2\/posts\/27322","targetHints":{"allow":["GET"]}}],"collection":[{"href":"https:\/\/imagazine.it\/home_desk\/wp-json\/wp\/v2\/posts"}],"about":[{"href":"https:\/\/imagazine.it\/home_desk\/wp-json\/wp\/v2\/types\/post"}],"author":[{"embeddable":true,"href":"https:\/\/imagazine.it\/home_desk\/wp-json\/wp\/v2\/users\/28"}],"replies":[{"embeddable":true,"href":"https:\/\/imagazine.it\/home_desk\/wp-json\/wp\/v2\/comments?post=27322"}],"version-history":[{"count":0,"href":"https:\/\/imagazine.it\/home_desk\/wp-json\/wp\/v2\/posts\/27322\/revisions"}],"wp:featuredmedia":[{"embeddable":true,"href":"https:\/\/imagazine.it\/home_desk\/wp-json\/wp\/v2\/media\/27323"}],"wp:attachment":[{"href":"https:\/\/imagazine.it\/home_desk\/wp-json\/wp\/v2\/media?parent=27322"}],"wp:term":[{"taxonomy":"category","embeddable":true,"href":"https:\/\/imagazine.it\/home_desk\/wp-json\/wp\/v2\/categories?post=27322"},{"taxonomy":"post_tag","embeddable":true,"href":"https:\/\/imagazine.it\/home_desk\/wp-json\/wp\/v2\/tags?post=27322"}],"curies":[{"name":"wp","href":"https:\/\/api.w.org\/{rel}","templated":true}]}}