{"id":27306,"date":"2018-09-24T00:00:00","date_gmt":"2018-09-23T23:00:00","guid":{"rendered":"https:\/\/imagazine.it\/?p=27306"},"modified":"2018-09-24T00:00:00","modified_gmt":"2018-09-23T23:00:00","slug":"barcolana-e-generali-nuova-partnership-internazionale","status":"publish","type":"post","link":"https:\/\/imagazine.it\/home_desk\/barcolana-e-generali-nuova-partnership-internazionale\/","title":{"rendered":"Barcolana e Generali, nuova partnership internazionale"},"content":{"rendered":"<p>La Societ\u00e0 Velica di Barcola e Grignano e Assicurazioni Generali hanno sottoscritto un accordo per consolidare la partnership quarantennale. Per il prossimo triennio, Generali sar\u00e0 presenting sponsor accompagnando Barcolana nello sviluppo internazionale.<\/p>\n<p>L\u2019annuncio \u00e8 stato dato oggi, a Trieste, dal presidente di Barcolana, <strong>Mitja Gialuz<\/strong>, insieme al presidente di Assicurazioni Generali, <strong>Gabriele Galateri di Genola<\/strong>, nel corso della conferenza stampa alla vigilia della cinquantesima edizione della regata pi\u00f9 grande del mondo in programma a Trieste il 14 ottobre, preceduta da 400 eventi collegati che si svolgono a partire dal 5 ottobre.<\/p>\n<p>Generali, con questo accordo, potenzia il suo appoggio alla manifestazione attraverso attivit\u00e0 come l\u2019internazionalizzazione, gi\u00e0 avviata nell\u2019ultimo biennio, la promozione del legame con il territorio, dello sport, della cultura e della solidariet\u00e0. Generali sar\u00e0 al fianco di Barcolana lungo tutte le attivit\u00e0 annuali, supportando la manifestazione nello sviluppo e consolidamento dei progetti che hanno permesso, a partire dal 2015, la grande crescita evidenziata dalla manifestazione.<\/p>\n<p><em>\u201cPer la Societ\u00e0 Velica di Barcola e Grignano \u2013\u00a0<\/em>ha affermato il\u00a0<strong>presidente di Barcolana, Mitja Gialuz<\/strong><em>\u00a0\u2013 \u00e8 un momento strategico: alla vigilia della cinquantesima edizione che oggi presentiamo assieme al Main Sponsor Generali siamo in grado gi\u00e0 di guardare avanti, sapendo che potremo contare sul supporto crescente di Generali nelle prossime tre edizioni e in una sponsorizzazione che permetter\u00e0 a Barcolana di sviluppare nuovi progetti: promozione del territorio, creazione di valore per Trieste e il Friuli Venezia Giulia, sviluppo e salvaguardia di temi fondamentali, quali la cultura del mare, lo sport praticato a tutti i livelli, il volontariato e l\u2019impegno dei cittadini nella costruzione di un evento che \u00e8 patrimonio di tutti\u201d.<\/em><\/p>\n<p><em><em>\u201cGenerali \u00e8 orgogliosa di supportare la crescita di Barcolana in Italia e nel mondo \u2013\u00a0<\/em><\/em>ha affermato il\u00a0<strong>presidente\u00a0 di Assicurazioni Generali Gabriele Galateri di Genola<\/strong><em>\u00a0\u2013 crediamo in questa manifestazione e nelle sue potenzialit\u00e0 di crescita, a favore del territorio, della comunit\u00e0, dello sport. Per questo, come player globale presente in 50 Paesi, desideriamo contribuire ad aprirla ancora di pi\u00f9 al mondo, portando la nostra esperienza, i nostri progetti, la nostra capacit\u00e0 imprenditoriale\u201d.<\/em><\/p>\n<p><em><em>&#8220;<\/em><\/em>\u00c8<em> per noi un motivo di vero orgoglio sostenere un evento come la Barcolana\u00a0\u2013\u00a0<\/em>ha aggiunto il\u00a0<strong>Country Manager e\u00a0Ceo\u00a0di\u00a0Generali\u00a0Italia e Global Business Lines,<\/strong>\u00a0<strong>Marco Sesana<\/strong>\u00a0<em>\u2013\u00a0che negli anni \u00e8 riuscita a diventare il pi\u00f9 suggestivo e importante evento velistico a livello internazionale e una vetrina straordinaria per la citt\u00e0 di Trieste, sede storica della nostra Compagnia. Generali sostiene lo sport, la prevenzione e lo stile di vita sano. Perci\u00f2 le iniziative che, come la Barcolana, favoriscono l&#39;aggregazione e lo stare bene insieme rappresentano a pieno i nostri valori\u201d.<\/em><\/p>\n<p>Nel corso della conferenza stampa Barcolana ha presentato come da tradizione il calendario eventi dell\u2019edizione 2018, che conta oltre quattrocento manifestazioni <em>\u2013<\/em> quasi tutte a ingresso gratuito <em>\u2013<\/em> organizzate in partnership con le istituzioni locali, gli sponsor e oltre cento associazioni che nei mesi scorsi hanno messo in comune con Barcolana le proprie iniziative dedicate al mare.<\/p>\n<p>Sar\u00e0 \u201cC\u2019ero anch\u2019io\u201d il filo conduttore della cinquantesima edizione della regata:\u00a0<em>\u201cFesteggiare i 50 anni della Barcolana \u2013\u00a0<\/em>ha commentato\u00a0<strong>Gialuz<\/strong>\u00a0<em>\u2013 significa prima di tutto festeggiare gli oltre centomila velisti che hanno partecipato alla regata nel corso della sua lunga storia: con \u201cC\u2019ero anch\u2019io\u201d vogliamo focalizzare l\u2019attenzione su tutti i nostri protagonisti,<\/em>\u00a0tutti i velisti che, almeno una volta, hanno partecipato alla regata\u201d.<\/p>\n<p>Il Presidente di Assicurazioni Generali Galateri di Genola ha presentato il libro che Barcolana ha realizzato in occasione del cinquantenario, supportato da Generali tra le \u201ciniziative speciali per Barcolana\u201d ed edito da Giunti, in libreria dal 5 ottobre. Generali rinnova inoltre l\u2019appuntamento con la Generali CUP, giunta alla seconda edizione, in programma il 13 ottobre. L\u2019evento \u00e8 dedicato ai dipendenti di Generali che, da tutto il mondo, arrivano a Trieste per regatare a bordo dei monotipi J70 in una serie di regate che anticipano lo spirito di Barcolana.<\/p>\n","protected":false},"excerpt":{"rendered":"<p>Siglato un accordo triennale<\/p>\n","protected":false},"author":28,"featured_media":27307,"comment_status":"closed","ping_status":"closed","sticky":false,"template":"","format":"standard","meta":{"dwc-title":[],"dwc-content":[],"footnotes":""},"categories":[38],"tags":[],"class_list":["post-27306","post","type-post","status-publish","format-standard","has-post-thumbnail","hentry","category-sport"],"rttpg_featured_image_url":{"full":["https:\/\/imagazine.it\/wp-content\/uploads\/2024\/01\/26836-1.webp",750,508,false],"landscape":["https:\/\/imagazine.it\/wp-content\/uploads\/2024\/01\/26836-1.webp",750,508,false],"portraits":["https:\/\/imagazine.it\/wp-content\/uploads\/2024\/01\/26836-1.webp",750,508,false],"thumbnail":["https:\/\/imagazine.it\/wp-content\/uploads\/2024\/01\/26836-1-150x150.webp",150,150,true],"medium":["https:\/\/imagazine.it\/wp-content\/uploads\/2024\/01\/26836-1-300x203.webp",300,203,true],"large":["https:\/\/imagazine.it\/wp-content\/uploads\/2024\/01\/26836-1.webp",640,433,false],"thumblist":["https:\/\/imagazine.it\/wp-content\/uploads\/2024\/01\/26836-1.webp",300,203,false],"thumbrelated":["https:\/\/imagazine.it\/wp-content\/uploads\/2024\/01\/26836-1.webp",500,339,false],"meccarouselthumb":["https:\/\/imagazine.it\/wp-content\/uploads\/2024\/01\/26836-1.webp",474,321,false],"gridsquare":["https:\/\/imagazine.it\/wp-content\/uploads\/2024\/01\/26836-1.webp",384,260,false],"tileview":["https:\/\/imagazine.it\/wp-content\/uploads\/2024\/01\/26836-1.webp",300,203,false],"1536x1536":["https:\/\/imagazine.it\/wp-content\/uploads\/2024\/01\/26836-1.webp",750,508,false],"2048x2048":["https:\/\/imagazine.it\/wp-content\/uploads\/2024\/01\/26836-1.webp",750,508,false],"newsup-slider-full":["https:\/\/imagazine.it\/wp-content\/uploads\/2024\/01\/26836-1.webp",750,508,false],"newsup-featured":["https:\/\/imagazine.it\/wp-content\/uploads\/2024\/01\/26836-1.webp",750,508,false],"newsup-medium":["https:\/\/imagazine.it\/wp-content\/uploads\/2024\/01\/26836-1-720x380.webp",720,380,true],"tptn_thumbnail":["https:\/\/imagazine.it\/wp-content\/uploads\/2024\/01\/26836-1.webp",250,169,false],"sow-carousel-default":["https:\/\/imagazine.it\/wp-content\/uploads\/2024\/01\/26836-1-272x182.webp",272,182,true]},"rttpg_author":{"display_name":"redazione","author_link":"https:\/\/imagazine.it\/home_desk\/author\/redazione\/"},"rttpg_comment":0,"rttpg_category":"<a href=\"https:\/\/imagazine.it\/home_desk\/category\/sport\/\" rel=\"category tag\">SPORT<\/a>","rttpg_excerpt":"Siglato un accordo triennale","_links":{"self":[{"href":"https:\/\/imagazine.it\/home_desk\/wp-json\/wp\/v2\/posts\/27306","targetHints":{"allow":["GET"]}}],"collection":[{"href":"https:\/\/imagazine.it\/home_desk\/wp-json\/wp\/v2\/posts"}],"about":[{"href":"https:\/\/imagazine.it\/home_desk\/wp-json\/wp\/v2\/types\/post"}],"author":[{"embeddable":true,"href":"https:\/\/imagazine.it\/home_desk\/wp-json\/wp\/v2\/users\/28"}],"replies":[{"embeddable":true,"href":"https:\/\/imagazine.it\/home_desk\/wp-json\/wp\/v2\/comments?post=27306"}],"version-history":[{"count":0,"href":"https:\/\/imagazine.it\/home_desk\/wp-json\/wp\/v2\/posts\/27306\/revisions"}],"wp:featuredmedia":[{"embeddable":true,"href":"https:\/\/imagazine.it\/home_desk\/wp-json\/wp\/v2\/media\/27307"}],"wp:attachment":[{"href":"https:\/\/imagazine.it\/home_desk\/wp-json\/wp\/v2\/media?parent=27306"}],"wp:term":[{"taxonomy":"category","embeddable":true,"href":"https:\/\/imagazine.it\/home_desk\/wp-json\/wp\/v2\/categories?post=27306"},{"taxonomy":"post_tag","embeddable":true,"href":"https:\/\/imagazine.it\/home_desk\/wp-json\/wp\/v2\/tags?post=27306"}],"curies":[{"name":"wp","href":"https:\/\/api.w.org\/{rel}","templated":true}]}}