{"id":27254,"date":"2018-09-18T00:00:00","date_gmt":"2018-09-17T23:00:00","guid":{"rendered":"https:\/\/imagazine.it\/?p=27254"},"modified":"2018-09-18T00:00:00","modified_gmt":"2018-09-17T23:00:00","slug":"un-tenore-monfalconese-per-i-carabinieri-del-veneto","status":"publish","type":"post","link":"https:\/\/imagazine.it\/home_desk\/un-tenore-monfalconese-per-i-carabinieri-del-veneto\/","title":{"rendered":"Un tenore monfalconese per i carabinieri del Veneto"},"content":{"rendered":"<p>Il tenore monfalconese <strong>Enrico Cossutta<\/strong> sar\u00e0 ospite sabato 22 settembre alle ore 19 in piazza Roma a Cison di Valmarino in provincia di Treviso al XIV Raduno Regionale del Veneto dei Carabinieri, organizzato dall&#39;Associazione Nazionale Carabinieri della Regione Veneto. Affiancher\u00e0 in concerto la Fanfara del terzo Regimento Carabinieri Lombardia.<\/p>\n<p>Cossutta ha iniziato la carriera nel 1985 debuttando a Viterbo nel ruolo di Almaviva ne <em>Il Barbiere di Siviglia<\/em>, a cui hanno fatto seguito a Savona: Arbace nel <em>Ciro in Babilonia<\/em>, Normanno nella <em>Lucia<\/em> di Lammermoor, Valerio ne <em>Il fanatico burlato<\/em> di Cimarosa e il Contino del Fiore nel <em>Crispino e la Comare<\/em> di L. e \u00a0F. Ricci.<br \/> Negli anni successivi si \u00e8 esibito ne <em>La Traviata<\/em> (Gastone) al Teatro alla Scala di Milano e nei teatri di: Cagliari, Savona, Treviso, Rovigo, Modena, Ferrara, Siviglia, Genova, Palermo, nonch\u00e9 in varie tourn\u00e9e in Giappone.<br \/> Canta inoltre nell&#39; Idomeneo e Le Comte Ory alla Scala, Les Danaides di Salieri a Stoccarda, La Testa di bronzo di C. Soliva (Federico) a Lugano.<br \/> Nelle stagioni successive \u00e8 stato impegnato alla Scala con:\u00a0Manon Lescaut diretta da L.Maazel, con La Fanciulla del west diretta da G. Sinopoli e La Traviata diretta da R. Muti.<br \/> Ha cantato nella Lucia di Lammermoor (Normanno) al Regio di Torino, Mos\u00e8 in Egitto, Werther, L&#39;Amico Fritz al Teatro San Carlo di Napoli, Ricciardo e Zoraide al Rossini Opera Festival, Tosca, Carmen, La gazza ladra alla Fenice di Venezia, Don Carlo e Don Sebastiano al Teatro Comunale di Bologna.<br \/> La stagione 1999 &#8211; 2000, lo vede al Teatro del Maggio Musicale Fiorentino in Tristano e Isotta e La Dama di\u00a0picche; al Comunale di Bologna in Tosca in occasione della serata inaugurale della stagione; a Napoli per La Traviata e a Venezia per\u00a0la Maria di Rohan, Sadko, e Madama Butterfly (Goro), e nuovamente ospite a Firenze per La Traviata e La Fanciulla del west, nonch\u00e8 a Cagliari con Lucia di Lammermoor.<br \/> Nella stagione 2000 &#8211; 2001 si esibisce nell&#39; Ernani a Ravenna; Stiffelio al Teatro Verdi di Trieste; Il Trovatore al Teatro dell&#39;Opera di Roma; La Traviata a Tokyo, al Teatro alla Scala e in una tourn\u00e9e in Giappone del Teatro La Fenice di Venezia.<br \/> Negli ultimi anni ricordiamo la sua presenza a Venezia per il Rigoletto, al San Carlo di Napoli per Adriana Lecouvreur (sotto la direzione di Renato Palumbo), al Comunale di Bologna\u00a0e Comunale di Modena Il Trovatore (diretto da Carlo Rizzi).<br \/> Lo vediamo quindi al Teatro Lirico di Cagliari per Madama Butterfly (Goro), Otello (Roderigo), Capriccio di\u00a0R. Strauss, Alfonso und Estrella di F. Schubert, Lucia di Lammermoor e La Traviata. Di particolare interesse il debutto sul palcoscenico del Opernhaus di Zurigo in\u00a0Tosca, il ritorno a Firenze per il Simon Boccanegra diretto da C. Abbado, Manon Lescaut diretta da D. Oren, Rigoletto, I Maestri Cantori e Don Carlo per la direzione del Maestro Z. Mehta, e I Lombardi alla prima crociata diretta da R. Abbado.<\/p>\n<p>\u00c8 stato inoltre presente nel Tannhauser al Teatro alla Scala (direttore J. Tate), a Cagliari per Il Barbiere di Siviglia, nonch\u00e9 a Genova per Il Flauto Magico dirette entrambe da R. Frizza.<br \/> Inoltre \u00e8 Altoum allo Sferisterio Opera Festival di Macerata e al Teatro Comunale di Firenze (direttore Z. Mehta) e nella relativa tourn\u00e9e in Giappone.<br \/> Allo Sferisterio di Macerata canta nell&#39; Aida (Messaggero) e alla Fenice di Venezia interpreta nuovamente Altoum. \u00a0<br \/> Nel 2008: Aida e Turandot a Seoul in Corea; Il giocatore a Milano, Boris Goudunov (Boiaro di Corte) al Teatro La Fenice di Venezia, Aida al Massimo di Palermo.<br \/> Nel 2009: Lucia di Lammermoor a Firenze. Ernani (Don Riccardo) a Catania; Traviata (Gastone) a Macerata; I sette peccati capitali a Pavia, Como e Cremona.<br \/> Nel 2010: Lucia di Lammermoor (Normanno) a Valencia; Tannhauser a Milano; I Lombardi alla prima crociata e Attila a Macerata.<br \/> Nel 2011: A view from the bridge all\u2019Opera di Roma; Ballo in maschera e Rigoletto a Macerata.<br \/> Nel 2012: \u00a0Viaggio a Reims e Turandot a Firenze, Norma a Roma (Caracalla).<br \/> Nel 2013: Nabucco e Trovatore a Macerata, I Masnadieri a Parma.<br \/> Nell 2014: Nabucco a Firenze, Trovatore a Napoli.\u00a0 Nel 2015: Lucia di Lammermoor a Genova, Traviata a Firenze, Boh\u00e8me, Tosca e Traviata a Napoli. Nel 2016: Andrea Ch\u00e9nier a Genova. Nel 2017: Boh\u00e8me a Parma, Don Carlo a Firenze, Aida a Macerata, Fanciulla del west a Napoli. Nel 2018 La fanciulla del west al Teatro S. Carlo di Napoli.<\/p>\n","protected":false},"excerpt":{"rendered":"<p>Sabato a Cison di Valmarino<\/p>\n","protected":false},"author":28,"featured_media":27255,"comment_status":"closed","ping_status":"closed","sticky":false,"template":"","format":"standard","meta":{"dwc-title":[],"dwc-content":[],"footnotes":""},"categories":[5],"tags":[],"class_list":["post-27254","post","type-post","status-publish","format-standard","has-post-thumbnail","hentry","category-attualita"],"rttpg_featured_image_url":{"full":["https:\/\/imagazine.it\/wp-content\/uploads\/2024\/01\/26748-1.webp",750,525,false],"landscape":["https:\/\/imagazine.it\/wp-content\/uploads\/2024\/01\/26748-1.webp",750,525,false],"portraits":["https:\/\/imagazine.it\/wp-content\/uploads\/2024\/01\/26748-1.webp",750,525,false],"thumbnail":["https:\/\/imagazine.it\/wp-content\/uploads\/2024\/01\/26748-1-150x150.webp",150,150,true],"medium":["https:\/\/imagazine.it\/wp-content\/uploads\/2024\/01\/26748-1-300x210.webp",300,210,true],"large":["https:\/\/imagazine.it\/wp-content\/uploads\/2024\/01\/26748-1.webp",640,448,false],"thumblist":["https:\/\/imagazine.it\/wp-content\/uploads\/2024\/01\/26748-1.webp",300,210,false],"thumbrelated":["https:\/\/imagazine.it\/wp-content\/uploads\/2024\/01\/26748-1.webp",500,350,false],"meccarouselthumb":["https:\/\/imagazine.it\/wp-content\/uploads\/2024\/01\/26748-1.webp",463,324,false],"gridsquare":["https:\/\/imagazine.it\/wp-content\/uploads\/2024\/01\/26748-1.webp",371,260,false],"tileview":["https:\/\/imagazine.it\/wp-content\/uploads\/2024\/01\/26748-1.webp",300,210,false],"1536x1536":["https:\/\/imagazine.it\/wp-content\/uploads\/2024\/01\/26748-1.webp",750,525,false],"2048x2048":["https:\/\/imagazine.it\/wp-content\/uploads\/2024\/01\/26748-1.webp",750,525,false],"newsup-slider-full":["https:\/\/imagazine.it\/wp-content\/uploads\/2024\/01\/26748-1.webp",750,525,false],"newsup-featured":["https:\/\/imagazine.it\/wp-content\/uploads\/2024\/01\/26748-1.webp",750,525,false],"newsup-medium":["https:\/\/imagazine.it\/wp-content\/uploads\/2024\/01\/26748-1-720x380.webp",720,380,true],"tptn_thumbnail":["https:\/\/imagazine.it\/wp-content\/uploads\/2024\/01\/26748-1.webp",250,175,false],"sow-carousel-default":["https:\/\/imagazine.it\/wp-content\/uploads\/2024\/01\/26748-1-272x182.webp",272,182,true]},"rttpg_author":{"display_name":"redazione","author_link":"https:\/\/imagazine.it\/home_desk\/author\/redazione\/"},"rttpg_comment":0,"rttpg_category":"<a href=\"https:\/\/imagazine.it\/home_desk\/category\/attualita\/\" rel=\"category tag\">ATTUALIT\u00c0<\/a>","rttpg_excerpt":"Sabato a Cison di Valmarino","_links":{"self":[{"href":"https:\/\/imagazine.it\/home_desk\/wp-json\/wp\/v2\/posts\/27254","targetHints":{"allow":["GET"]}}],"collection":[{"href":"https:\/\/imagazine.it\/home_desk\/wp-json\/wp\/v2\/posts"}],"about":[{"href":"https:\/\/imagazine.it\/home_desk\/wp-json\/wp\/v2\/types\/post"}],"author":[{"embeddable":true,"href":"https:\/\/imagazine.it\/home_desk\/wp-json\/wp\/v2\/users\/28"}],"replies":[{"embeddable":true,"href":"https:\/\/imagazine.it\/home_desk\/wp-json\/wp\/v2\/comments?post=27254"}],"version-history":[{"count":0,"href":"https:\/\/imagazine.it\/home_desk\/wp-json\/wp\/v2\/posts\/27254\/revisions"}],"wp:featuredmedia":[{"embeddable":true,"href":"https:\/\/imagazine.it\/home_desk\/wp-json\/wp\/v2\/media\/27255"}],"wp:attachment":[{"href":"https:\/\/imagazine.it\/home_desk\/wp-json\/wp\/v2\/media?parent=27254"}],"wp:term":[{"taxonomy":"category","embeddable":true,"href":"https:\/\/imagazine.it\/home_desk\/wp-json\/wp\/v2\/categories?post=27254"},{"taxonomy":"post_tag","embeddable":true,"href":"https:\/\/imagazine.it\/home_desk\/wp-json\/wp\/v2\/tags?post=27254"}],"curies":[{"name":"wp","href":"https:\/\/api.w.org\/{rel}","templated":true}]}}