{"id":27244,"date":"2018-09-17T00:00:00","date_gmt":"2018-09-16T23:00:00","guid":{"rendered":"https:\/\/imagazine.it\/?p=27244"},"modified":"2018-09-17T00:00:00","modified_gmt":"2018-09-16T23:00:00","slug":"la-tv-russa-a-trieste-per-commemorare-i-suoi-soldati","status":"publish","type":"post","link":"https:\/\/imagazine.it\/home_desk\/la-tv-russa-a-trieste-per-commemorare-i-suoi-soldati\/","title":{"rendered":"La tv russa a Trieste per commemorare i suoi soldati"},"content":{"rendered":"<p>Alcuni componenti della troupe della emittente televisiva HTB-NTV, che stanno girando a Trieste le riprese di un documentario, sono stati accolti in municipio dall\u2019assessore al turismo, <strong>Maurizio Bucci<\/strong>. Si tratta del regista <strong>Elkin Mikhail<\/strong>, della sceneggiatrice <strong>Vasilenko Nadezhda<\/strong>, di <strong>Olga Bulle <\/strong>e della traduttrice <strong>Iryna Boruscovska<\/strong>.\u00a0<\/p>\n<p>\u201cLa realizzazione del documentario, dedicato alla storia e agli eventi legati alla Prima guerra mondiale, in particolare dei prigionieri russi in citt\u00e0 in quel periodo, e che sar\u00e0 trasmesso da un&#39;emittente che conta ben 100 milioni di telespettatori \u2013 ha sottolineato Bucci \u2013 sar\u00e0 anche una grande opportunit\u00e0 per diffondere in Russia le peculiarit\u00e0 del nostro territorio e del Porto Vecchio a livello turistico\u201d.<\/p>\n<p>La Pro Loco Trieste, con il sostegno del Comune, sta collaborando per le riprese, della durata di quattro giorni, effettuate dalla troupe della HTB-NTV proprio per sviluppare un servizio documentaristico sui soldati russi presenti a Trieste e nelle zone limitrofe durante la Grande Guerra. La Pro Loco ha lavorato alle ricerche e agli approfondimenti in stretto contatto con l&#39;emittente russa, anche grazie all&#39;aiuto di volontari e, tra gli altri, al contributo della Banca di credito cooperativo del Carso. Il progetto \u00e8 nato infatti dalla curiosit\u00e0 storica di due soci della Pro Loco: <strong>Marija Pudane<\/strong> e <strong>Mauro Nadlisek<\/strong>. Incuriositi da alcune conferenze sul tema, quasi sconosciuto, dei prigionieri russi dell\u2019Impero Austro Ungarico nel retroterra triestino tenutesi in occasione delle celebrazioni del centenario della Prima guerra mondiale, si sono trasformati in \u2018segugi\u2019 alla ricerca delle poche tracce ancora esistenti di quei fatti, intervistando alcuni abitanti del Carso, svolgendo indagini sul campo e negli archivi del Comune di Trieste, ma anche in Austria e Russia, nonch\u00e9 intervistando alcuni esperti della materia.<\/p>\n<p>La troupe russa, composta da sette persone, in questi giorni sta girando le riprese, che si sono svolte anche al Sacrario di Redipuglia e a Opicina, dove sono stati filmati la collina con la \u201cStrada russa\u201d e le trincee e i bunker di seconda e terza linea costruiti dai prigionieri russi.\u00a0 A Trieste, oltre a Piazza dell\u2019Unit\u00e0 d\u2019Italia e al Bacino San Giusto, la troupe ha avuto accesso ai sotterranei della chiesa di Santa Maria Maggiore, al Castello di San Giusto, alla Sala del Consiglio comunale, ma anche alla Chiesa Serbo-Ortodossa e al Porto Vecchio, oltre ad altri siti che hanno fatto da cornice al \u00a0racconto storico che ha preso vita in questa citt\u00e0.<\/p>\n<p>Il documentario sui prigionieri russi dell\u2019Impero Austroungarico che venivano utilizzati per la costruzione di ferrovie, acquedotti, strade, ma anche per lo scavo di trincee di guerra o il trasferimento di armi verso la prima linea del fronte, e per le sepolture, \u00e8 stato arricchito dalle informazioni tramandate oralmente nei racconti familiari degli abitanti del Carso e fatti rivivere dai documenti custoditi presso l&#39;Archivio Generale cittadino costruendo un intreccio narrativo che ha fatto rivivere ed esportare un pezzo della storia di questa Citt\u00e0.<\/p>\n<p>Il documentario, ha spiegato Marja Pudane, sar\u00e0 pronto nel mese di dicembre per essere successivamente trasmesso da HTB-NTV.<\/p>\n","protected":false},"excerpt":{"rendered":"<p>Riprese in questi giorni<\/p>\n","protected":false},"author":28,"featured_media":27245,"comment_status":"closed","ping_status":"closed","sticky":false,"template":"","format":"standard","meta":{"dwc-title":[],"dwc-content":[],"footnotes":""},"categories":[37],"tags":[],"class_list":["post-27244","post","type-post","status-publish","format-standard","has-post-thumbnail","hentry","category-cultura-e-spettacolo"],"rttpg_featured_image_url":{"full":["https:\/\/imagazine.it\/wp-content\/uploads\/2024\/01\/26733-1.webp",750,411,false],"landscape":["https:\/\/imagazine.it\/wp-content\/uploads\/2024\/01\/26733-1.webp",750,411,false],"portraits":["https:\/\/imagazine.it\/wp-content\/uploads\/2024\/01\/26733-1.webp",750,411,false],"thumbnail":["https:\/\/imagazine.it\/wp-content\/uploads\/2024\/01\/26733-1-150x150.webp",150,150,true],"medium":["https:\/\/imagazine.it\/wp-content\/uploads\/2024\/01\/26733-1-300x164.webp",300,164,true],"large":["https:\/\/imagazine.it\/wp-content\/uploads\/2024\/01\/26733-1.webp",640,351,false],"thumblist":["https:\/\/imagazine.it\/wp-content\/uploads\/2024\/01\/26733-1.webp",300,164,false],"thumbrelated":["https:\/\/imagazine.it\/wp-content\/uploads\/2024\/01\/26733-1.webp",500,274,false],"meccarouselthumb":["https:\/\/imagazine.it\/wp-content\/uploads\/2024\/01\/26733-1.webp",474,260,false],"gridsquare":["https:\/\/imagazine.it\/wp-content\/uploads\/2024\/01\/26733-1.webp",391,214,false],"tileview":["https:\/\/imagazine.it\/wp-content\/uploads\/2024\/01\/26733-1.webp",300,164,false],"1536x1536":["https:\/\/imagazine.it\/wp-content\/uploads\/2024\/01\/26733-1.webp",750,411,false],"2048x2048":["https:\/\/imagazine.it\/wp-content\/uploads\/2024\/01\/26733-1.webp",750,411,false],"newsup-slider-full":["https:\/\/imagazine.it\/wp-content\/uploads\/2024\/01\/26733-1.webp",750,411,false],"newsup-featured":["https:\/\/imagazine.it\/wp-content\/uploads\/2024\/01\/26733-1.webp",750,411,false],"newsup-medium":["https:\/\/imagazine.it\/wp-content\/uploads\/2024\/01\/26733-1-720x380.webp",720,380,true],"tptn_thumbnail":["https:\/\/imagazine.it\/wp-content\/uploads\/2024\/01\/26733-1.webp",250,137,false],"sow-carousel-default":["https:\/\/imagazine.it\/wp-content\/uploads\/2024\/01\/26733-1-272x182.webp",272,182,true]},"rttpg_author":{"display_name":"redazione","author_link":"https:\/\/imagazine.it\/home_desk\/author\/redazione\/"},"rttpg_comment":0,"rttpg_category":"<a href=\"https:\/\/imagazine.it\/home_desk\/category\/cultura-e-spettacolo\/\" rel=\"category tag\">CULTURA&amp;SPETTACOLO<\/a>","rttpg_excerpt":"Riprese in questi giorni","_links":{"self":[{"href":"https:\/\/imagazine.it\/home_desk\/wp-json\/wp\/v2\/posts\/27244","targetHints":{"allow":["GET"]}}],"collection":[{"href":"https:\/\/imagazine.it\/home_desk\/wp-json\/wp\/v2\/posts"}],"about":[{"href":"https:\/\/imagazine.it\/home_desk\/wp-json\/wp\/v2\/types\/post"}],"author":[{"embeddable":true,"href":"https:\/\/imagazine.it\/home_desk\/wp-json\/wp\/v2\/users\/28"}],"replies":[{"embeddable":true,"href":"https:\/\/imagazine.it\/home_desk\/wp-json\/wp\/v2\/comments?post=27244"}],"version-history":[{"count":0,"href":"https:\/\/imagazine.it\/home_desk\/wp-json\/wp\/v2\/posts\/27244\/revisions"}],"wp:featuredmedia":[{"embeddable":true,"href":"https:\/\/imagazine.it\/home_desk\/wp-json\/wp\/v2\/media\/27245"}],"wp:attachment":[{"href":"https:\/\/imagazine.it\/home_desk\/wp-json\/wp\/v2\/media?parent=27244"}],"wp:term":[{"taxonomy":"category","embeddable":true,"href":"https:\/\/imagazine.it\/home_desk\/wp-json\/wp\/v2\/categories?post=27244"},{"taxonomy":"post_tag","embeddable":true,"href":"https:\/\/imagazine.it\/home_desk\/wp-json\/wp\/v2\/tags?post=27244"}],"curies":[{"name":"wp","href":"https:\/\/api.w.org\/{rel}","templated":true}]}}