{"id":27151,"date":"2018-08-27T00:00:00","date_gmt":"2018-08-26T23:00:00","guid":{"rendered":"https:\/\/imagazine.it\/?p=27151"},"modified":"2018-08-27T00:00:00","modified_gmt":"2018-08-26T23:00:00","slug":"udine-teatro-musica-e-scuola-per-le-nuove-generazioni","status":"publish","type":"post","link":"https:\/\/imagazine.it\/home_desk\/udine-teatro-musica-e-scuola-per-le-nuove-generazioni\/","title":{"rendered":"Udine: teatro, musica e scuola per le nuove generazioni"},"content":{"rendered":"<p><strong>Tx2 Teatri Palamostre e S. Giorgio<\/strong> \u00e8 un nuovo progetto per una stagione di <strong>teatro, musica, danza, incontri e laboratori<\/strong> <strong>a Udine<\/strong>, ideato in un partenariato che mette in relazione <strong>CSS Teatro stabile di innovazione del FVG, Conservatorio statale di musica \u201cJacopo Tomadini\u201d e Universit\u00e0 degli Studi di Udine.<\/strong><\/p>\n<p>Tx2 coinvolge, da quest\u2019anno, nuovi interlocutori e partner, con l\u2019obiettivo di fare un ulteriore passo in avanti per potenziare la partecipazione alla vita culturale e artistica della citt\u00e0, in relazione ai suoi spazi, luoghi di proposta culturale, ai programmi artistici, ai suoi pubblici e ai cittadini, dedicando particolare attenzione al coinvolgimento delle nuove generazioni.<\/p>\n<p><strong>CSS, Universit\u00e0 e Conservatorio di Udine<\/strong> si mettono in rete e collaborano a una <strong>programmazione annuale<\/strong>\u00a0 di <strong>spettacolo dal vivo e attivit\u00e0 culturali, <\/strong>\u00a0il cui <strong>focus \u00e8 centrato sulle nuove generazioni e sull\u2019apertura di un dialogo fra generazioni e i diversi pubblici e fruitori delle attivit\u00e0 e delle sale teatrali.<\/strong><\/p>\n<p><strong>LE COMPONENTI DEL PROGETTO<\/strong><\/p>\n<p><strong>Il Progetto artistico di spettacolo dal vivo<\/strong><\/p>\n<p>Tx2 Teatri Palamostre e S. Giorgio \u00e8 un programma che si compone degli appuntamenti delle stagioni teatrali curate dal <strong>CSS Teatro stabile di innovazione del FVG<\/strong> &#8211;\u00a0 la stagione di <strong>Teatro Contatto 37<\/strong>, la stagione in matin\u00e9e di <strong>ContattoTIG per le nuove generazioni<\/strong>, gli appuntamenti pomeridiani <strong>Contatto TIG per le famiglie<\/strong> &#8211; dell\u2019attivit\u00e0 di creazione, di allestimento, prove e i debutti degli <strong>spettacoli di produzione e co-produzione del CSS <\/strong>come Centro di produzione teatrale riconosciuto dal Ministero per i beni e le attivit\u00e0 culturali, dei momenti di creazione dei <strong>progetti di Teatro partecipato<\/strong> aperti ai cittadini.<br \/> Con il <strong>Conservatorio di Udine<\/strong> Tx2 inaugura una <strong>nuova stagione concertistica di 8 appuntamenti<\/strong> pensata come spazio aperto ai giovani musicisti \u2013 studenti e diplomati del Conservatorio \u2013 in formazioni solistiche, orchestrali e da camera.\u00a0 Per la prima volta realizzeremo un intero ciclo di concerti dedicato alle migliori risorse artistiche che trovano nella nostra citt\u00e0 il punto di partenza per la propria carriera, con il desiderio di rendere sistematico il <strong>collegamento tra la formazione artistica e il mondo professionale<\/strong>.<\/p>\n<p>Dal mese di marzo 2019, un appuntamento fisso settimanale arricchir\u00e0 la programmazione anche con una <strong>Jazz Zone<\/strong>, vitalizzando anche diversi spazi del teatro, a seconda delle formazioni che si esibiranno \u2013\u00a0dal Blubar alla sala Carmelo Bene e al foyer, fino alla Sala Pasolini che potr\u00e0 ospitare i concerti dell\u2019Orchestra Jazz del Conservatorio.<br \/> In ottobre 2018 verr\u00e0 lanciata una call per la partecipazione al\u00a0 primo <strong>Palio musicale<\/strong> della citt\u00e0, un contest aperto agli studenti delle scuole superiori di Udine, realizzato dal CSS con\u00a0 la collaborazione del\u00a0 Conservatorio nel mese di aprile 2019.<\/p>\n<p><strong>Il Progetto\u00a0 culturale<\/strong><\/p>\n<p>Tx2\u00a0 coniuga l\u2019offerta artistica ad una proposta di approfondimento culturale. Il ruolo e la funzione dell\u2019Universit\u00e0 degli Studi di Udine costituiscono, in tal senso, il pilastro di una serie di iniziative di conoscenza, scambio di saperi, condivisione di esperienze e confronto fra generazioni. I due teatri e l\u2019ateneo entrano in sintonia e dialogo serrato per integrare una proposta culturale a 360 gradi che risponder\u00e0 alla necessit\u00e0 di un teatro capace di interpretare in maniera contemporanea il proprio ruolo e la propria funzione sociale.<\/p>\n<p><strong>La scuola dello sguardo e dell\u2019ascolto<\/strong><\/p>\n<p>Una delle attivit\u00e0 principali del progetto Tx2 sar\u00e0 l\u2019ulteriore ampliamento de <strong>La scuola dello sguardo e dell\u2019ascolto<\/strong>, il ciclo di incontri dedicati alla \u201c<strong>formazione dello spettatore<\/strong> <strong>contemporaneo<\/strong>\u201d avviato gi\u00e0 nel corso della stagione precedente con la consulenza di<\/p>\n<p><strong>Roberto Canziani<\/strong> (docente DAMS Gorizia \u2013 Universit\u00e0 di Udine), che si aprir\u00e0 alla musica, al cinema e alla multimedialit\u00e0, per coinvolgere docenti dell\u2019Universit\u00e0 di Udine e del Conservatorio, assieme a giornalisti, esperti, studiosi.<br \/> Le lezioni della Scuola sono incontri informali, non frontali, e sono supportate da video, ascolti musicali, accompagnamenti musicali dal vivo, che offrono panoramiche e chiavi di lettura dei principali formati\u00a0artistici del contemporaneo come della tradizione.<\/p>\n<p><strong>I Laboratori<\/strong><\/p>\n<p>Da ottobre 2018 a giugno 2019, il CSS curer\u00e0 un <strong>ciclo di laboratori teatrali <\/strong>aperti alla partecipazione degli<strong> studenti dell\u2019Universit\u00e0 di Udine e gratuiti<\/strong>, Il percorso prevede un centro permanente di lavoro e un punto informazioni negli spazi del Teatro Palamostre.<\/p>\n<p>I laboratori saranno <strong>trimestrali<\/strong> (ottobre-dicembre 2018; gennaio-marzo 2019; aprile-giugno 2019) e saranno condotti da tre attori e registi, <strong>Gabriele Benedetti<\/strong>, <strong>Rita Maffei, Nicoletta Oscuro, <\/strong>e si apriranno a momenti finali\u00a0 di restituzione al pubblico.\u00a0<\/p>\n<p><strong>Rita Maffei<\/strong> condurr\u00e0 anche un <strong>laboratorio per docenti e studenti<\/strong> in cui metter\u00e0 al servizio del progetto la sua pluriennale esperienza teatrale per fornire ai partecipanti gli strumenti del \u201c<strong>public speaking<\/strong>\u201d assieme a elementi fondamentali di comunicazione, tecniche teatrali di base per\u00a0 la corretta emissione della voce, la presa di coscienza della propria presenza e postura, la gestione delle emozioni.<\/p>\n<p><strong>Esperienze di Teatro partecipato<\/strong><\/p>\n<p>Lo strumento del Teatro partecipato sar\u00e0 utilizzato per favorire l\u2019incontro fra cittadini di tutte le et\u00e0 e la popolazione studentesca dell\u2019Ateneo e del Conservatorio.<\/p>\n<p>Il Teatro partecipato \u00e8 una costante della progettualit\u00e0 del CSS. In oltre vent\u2019anni lo stabile d\u2019innovazione di Udine ha aperto di frequente <strong>cantieri di produzione<\/strong> alla cittadinanza, a gruppi di spettatori di ogni et\u00e0 e a particolari comunit\u00e0 (giovani e studenti, associazioni culturali, nuovi cittadini stranieri migranti o extracomunitari, operatori e utenti\u00a0del Dipartimento di salute mentale). Sulla base della consuetudine con questa pratica, CSS vuole coinvolgere anche la popolazione universitaria per ideare, organizzare e realizzare progetti in cui l\u2019esperienza artistica attiva possa creare comunit\u00e0 inedite e valorizzare il senso di appartenenza con incontri imprevedibili e spontanei.<\/p>\n<p>In particolare, <strong>Rita Maffei<\/strong> da settembre a dicembre 2018 dar\u00e0 vita a un laboratorio e cantiere di produzione per uno spettacolo intitolato <strong><em>L\u2019Assemblea<\/em><\/strong>, incentrato sulla riflessione \u00a0sull\u2019eredit\u00e0 della <strong>rivoluzione<\/strong> <strong>del 1968<\/strong> nel nostro presente, in termini di valori, stili di vita, militanza. Il <strong>punto di vista sar\u00e0 quello delle donne<\/strong> e il laboratorio sar\u00e0 aperto trasversalmente a tutte le generazioni, dalle giovani <em>millennials<\/em> alle donne ormai mature che hanno vissuto il \u201968 in prima persona.<\/p>\n<p>Il 6 e 7 dicembre il Teatro Palamostre ospiter\u00e0 un <strong>convegno nazionale \u201cIl Teatro di tutti\u201d<\/strong> che rifletter\u00e0 sulla diffusione, i formati e gli impieghi del teatro partecipato in Italia ed Europa, con esperti, artisti, compagnie che hanno sviluppato e studiato questa pratica.<\/p>\n<p><strong>Percorso Teatro&#038;Scienza<\/strong><\/p>\n<p>Proseguir\u00e0 anche per la prossima stagione il percorso avviato dal CSS assieme all\u2019Universit\u00e0 di Udine dedicato a <strong>teatro&#038;scienza<\/strong>, con la consulenza della prof. <strong>Marisa Michelini<\/strong>. La divulgazione scientifica trova nel teatro uno strumento possibile di diffusione.\u00a0<\/p>\n<p>Si avvier\u00e0 nel corso dell\u2019autunno una <strong>Residenza artistico-scientifica<\/strong> con <strong>Virtew<\/strong>, un collettivo friulano che si occupa di realt\u00e0 virtuale, che svilupper\u00e0 un progetto multimediale dove la tecnologia AR e VR sperimenta la possibilit\u00e0 di un dialogo e di un impiego funzionale a concept propri delle arti performative.<\/p>\n<p><strong>Digital Lab\u00a0<\/strong>In collaborazione con il <strong>Digital Storytelling Lab<\/strong>, il <strong>DIUM <\/strong><strong>Dipartimento di Studi umanistici e del patrimonio culturale<\/strong> dell\u2019Universit\u00e0 degli studi di Udine e la Fondazione Friuli, la stagione ContattoTIG di teatro per le nuove generazioni coinvolger\u00e0\u00a0 &#8211; il prossimo 6 novembre 2018 &#8211; studenti delle scuole superiori di secondo grado in una lezione spettacolo su un momento cruciale della storia contemporanea del nostro paese: gli anni di piombo, <strong>Clandestinit\u00e0 e prigionia_Le lettere di Aldo Moro dal \u201cCarcere del popolo\u201d e le voci delle BR\u201d, <\/strong>a cura di <strong>Paolo Colombo e Chiara Continisio<\/strong>, docenti di Storia dell\u2019Universit\u00e0 Cattolica di Milano.<\/p>\n<p>Alla presentazione del progetto sono intervenuti <strong>Alberto Bevilacqua, p<\/strong>residente del CSS Teatro stabile di innovazione del Friuli Venezia Giulia, <strong>Alberto Felice <\/strong><em><strong>De Toni<\/strong><\/em><em><strong>, r<\/strong><\/em>ettore dell&#39;<em>Universit\u00e0 degli Studi di Udine<\/em><em>, <\/em><strong>Virginio Pio Zoccatelli, d<\/strong>irettore del Conservatorio di musica Jacopo Tomadini di Udine e Fabr<strong>izio Cigolot, a<\/strong>ssessore alla Cultura del Comune di Udine.<\/p>\n","protected":false},"excerpt":{"rendered":"<p>Presentato TX2<\/p>\n","protected":false},"author":28,"featured_media":27152,"comment_status":"closed","ping_status":"closed","sticky":false,"template":"","format":"standard","meta":{"dwc-title":[],"dwc-content":[],"footnotes":""},"categories":[37],"tags":[],"class_list":["post-27151","post","type-post","status-publish","format-standard","has-post-thumbnail","hentry","category-cultura-e-spettacolo"],"rttpg_featured_image_url":{"full":["https:\/\/imagazine.it\/wp-content\/uploads\/2024\/01\/26571-1.webp",750,512,false],"landscape":["https:\/\/imagazine.it\/wp-content\/uploads\/2024\/01\/26571-1.webp",750,512,false],"portraits":["https:\/\/imagazine.it\/wp-content\/uploads\/2024\/01\/26571-1.webp",750,512,false],"thumbnail":["https:\/\/imagazine.it\/wp-content\/uploads\/2024\/01\/26571-1-150x150.webp",150,150,true],"medium":["https:\/\/imagazine.it\/wp-content\/uploads\/2024\/01\/26571-1-300x205.webp",300,205,true],"large":["https:\/\/imagazine.it\/wp-content\/uploads\/2024\/01\/26571-1.webp",640,437,false],"thumblist":["https:\/\/imagazine.it\/wp-content\/uploads\/2024\/01\/26571-1.webp",300,205,false],"thumbrelated":["https:\/\/imagazine.it\/wp-content\/uploads\/2024\/01\/26571-1.webp",500,341,false],"meccarouselthumb":["https:\/\/imagazine.it\/wp-content\/uploads\/2024\/01\/26571-1.webp",474,324,false],"gridsquare":["https:\/\/imagazine.it\/wp-content\/uploads\/2024\/01\/26571-1.webp",381,260,false],"tileview":["https:\/\/imagazine.it\/wp-content\/uploads\/2024\/01\/26571-1.webp",300,205,false],"1536x1536":["https:\/\/imagazine.it\/wp-content\/uploads\/2024\/01\/26571-1.webp",750,512,false],"2048x2048":["https:\/\/imagazine.it\/wp-content\/uploads\/2024\/01\/26571-1.webp",750,512,false],"newsup-slider-full":["https:\/\/imagazine.it\/wp-content\/uploads\/2024\/01\/26571-1.webp",750,512,false],"newsup-featured":["https:\/\/imagazine.it\/wp-content\/uploads\/2024\/01\/26571-1.webp",750,512,false],"newsup-medium":["https:\/\/imagazine.it\/wp-content\/uploads\/2024\/01\/26571-1-720x380.webp",720,380,true],"tptn_thumbnail":["https:\/\/imagazine.it\/wp-content\/uploads\/2024\/01\/26571-1.webp",250,171,false],"sow-carousel-default":["https:\/\/imagazine.it\/wp-content\/uploads\/2024\/01\/26571-1-272x182.webp",272,182,true]},"rttpg_author":{"display_name":"redazione","author_link":"https:\/\/imagazine.it\/home_desk\/author\/redazione\/"},"rttpg_comment":0,"rttpg_category":"<a href=\"https:\/\/imagazine.it\/home_desk\/category\/cultura-e-spettacolo\/\" rel=\"category tag\">CULTURA&amp;SPETTACOLO<\/a>","rttpg_excerpt":"Presentato TX2","_links":{"self":[{"href":"https:\/\/imagazine.it\/home_desk\/wp-json\/wp\/v2\/posts\/27151","targetHints":{"allow":["GET"]}}],"collection":[{"href":"https:\/\/imagazine.it\/home_desk\/wp-json\/wp\/v2\/posts"}],"about":[{"href":"https:\/\/imagazine.it\/home_desk\/wp-json\/wp\/v2\/types\/post"}],"author":[{"embeddable":true,"href":"https:\/\/imagazine.it\/home_desk\/wp-json\/wp\/v2\/users\/28"}],"replies":[{"embeddable":true,"href":"https:\/\/imagazine.it\/home_desk\/wp-json\/wp\/v2\/comments?post=27151"}],"version-history":[{"count":0,"href":"https:\/\/imagazine.it\/home_desk\/wp-json\/wp\/v2\/posts\/27151\/revisions"}],"wp:featuredmedia":[{"embeddable":true,"href":"https:\/\/imagazine.it\/home_desk\/wp-json\/wp\/v2\/media\/27152"}],"wp:attachment":[{"href":"https:\/\/imagazine.it\/home_desk\/wp-json\/wp\/v2\/media?parent=27151"}],"wp:term":[{"taxonomy":"category","embeddable":true,"href":"https:\/\/imagazine.it\/home_desk\/wp-json\/wp\/v2\/categories?post=27151"},{"taxonomy":"post_tag","embeddable":true,"href":"https:\/\/imagazine.it\/home_desk\/wp-json\/wp\/v2\/tags?post=27151"}],"curies":[{"name":"wp","href":"https:\/\/api.w.org\/{rel}","templated":true}]}}