{"id":27149,"date":"2018-08-18T00:00:00","date_gmt":"2018-08-17T23:00:00","guid":{"rendered":"https:\/\/imagazine.it\/?p=27149"},"modified":"2018-08-18T00:00:00","modified_gmt":"2018-08-17T23:00:00","slug":"il-ricordo-di-cormons-ai-caduti-delle-guerre","status":"publish","type":"post","link":"https:\/\/imagazine.it\/home_desk\/il-ricordo-di-cormons-ai-caduti-delle-guerre\/","title":{"rendered":"Il ricordo di Corm\u00f2ns ai caduti delle guerre"},"content":{"rendered":"<p>Venerd\u00ec 17 agosto, presso il cimitero austro-ungarico di Brazzano, frazione di Corm\u00f2ns, si \u00e8 svolta la tradizionale cerimonia in ricordo dei caduti di tutte le guerre.<\/p>\n<p>Nel suo intervento il vicesindaco di Corm\u00f2ns, <strong>Antonietta Fazi<\/strong>, ha voluto ricordare come uomini, spesso ancora ragazzi e padri di famiglia, furono sradicati dalle loro famiglie e buttati nelle trincee di paesi lontani: ha richiesto ai presenti di unirsi a lei nella preghiera in loro ricordo esprimendo riconoscenza e affetto nei confronti dei caduti.<\/p>\n<p>Alla celebrazione hanno poi preso la parola anche <strong>Paolo Petiziol<\/strong>, presidente dell\u2019Associazione Culturale Mitteleuropa, <strong>Franco Stacul<\/strong>, presidente dell\u2019associazione \u201cAmici della Croce Nera Austriaca\u201d e il parroco monsignor <strong>Paolo Nutarelli<\/strong>.<\/p>\n<p>Presenti, con i loro gonfaloni, la sezione degli Alpini di Corm\u00f2ns, rappresentata dal presidente provinciale <strong>Paolo Verdoliva<\/strong>, l\u2019Associazione Nazionale Cacciatori delle Alpi Giuseppe Garibaldi e la sezione di Udine dell\u2019Istituto Nazionale per la Guardia d\u2019Onore alle Reali Tombe del Pantheon. Alla commemorazione hanno partecipato, con i loro costumi tradizionali friulani, anche \u201cChei di U\u00e0nis\u201d, gruppo folcloristico di Joannis.<\/p>\n<p>Significativo il luogo in cui si \u00e8 svolta la cerimonia: i 534 caduti della Grande Guerra, sepolti in un settore del cimitero civile di Brazzano e appartenuti anche a popoli in conflitto tra loro, testimoniano gli eventi storici \u00a0che hanno modificato la geografia politica di un intero Continente. Qui sono sepolti sia russi sia austriaci, come ricorda la frase \u201c<em>Freud und Feind Im Tode vereint<\/em> (Amico e nemico uniti nella morte)\u201d, incisa sul monumento piramidale presente all\u2019interno del cimitero davanti al quale \u00e8 stata deposta una corona. Nel 1915 la frazione di Brazzano faceva parte dell\u2019Impero austro-ungarico ma, trovandosi a pochi chilometri dal confine, venne occupata dall\u2019Italia sin dal primo giorno di guerra. Riconquistata dagli austriaci dopo la disfatta di Caporetto, divenne definitivamente una localit\u00e0 del Regno d\u2019Italia dopo il 4 novembre 1918. Proprio per tali ragioni storiche in questo sacrario, insieme ai caduti nella zona, sono sepolti sia soldati russi, fatti prigionieri sul fronte orientale dall\u2019esercito imperiale, sia prigionieri di popolazioni, come ad esempio quella serba e rumena morti nei campi di concentramento austro-ungarici, sia austriaci, prigionieri di guerra degli italiani quando quell\u2019area fin\u00ec sotto il controllo del Regno d\u2019Italia.<\/p>\n","protected":false},"excerpt":{"rendered":"<p>Guarda le foto on line<\/p>\n","protected":false},"author":22,"featured_media":27150,"comment_status":"closed","ping_status":"closed","sticky":false,"template":"","format":"standard","meta":{"dwc-title":[],"dwc-content":[],"footnotes":""},"categories":[5],"tags":[],"class_list":["post-27149","post","type-post","status-publish","format-standard","has-post-thumbnail","hentry","category-attualita"],"rttpg_featured_image_url":{"full":["https:\/\/imagazine.it\/wp-content\/uploads\/2024\/01\/26553-1.webp",750,523,false],"landscape":["https:\/\/imagazine.it\/wp-content\/uploads\/2024\/01\/26553-1.webp",750,523,false],"portraits":["https:\/\/imagazine.it\/wp-content\/uploads\/2024\/01\/26553-1.webp",750,523,false],"thumbnail":["https:\/\/imagazine.it\/wp-content\/uploads\/2024\/01\/26553-1-150x150.webp",150,150,true],"medium":["https:\/\/imagazine.it\/wp-content\/uploads\/2024\/01\/26553-1-300x209.webp",300,209,true],"large":["https:\/\/imagazine.it\/wp-content\/uploads\/2024\/01\/26553-1.webp",640,446,false],"thumblist":["https:\/\/imagazine.it\/wp-content\/uploads\/2024\/01\/26553-1.webp",300,209,false],"thumbrelated":["https:\/\/imagazine.it\/wp-content\/uploads\/2024\/01\/26553-1.webp",500,349,false],"meccarouselthumb":["https:\/\/imagazine.it\/wp-content\/uploads\/2024\/01\/26553-1.webp",465,324,false],"gridsquare":["https:\/\/imagazine.it\/wp-content\/uploads\/2024\/01\/26553-1.webp",373,260,false],"tileview":["https:\/\/imagazine.it\/wp-content\/uploads\/2024\/01\/26553-1.webp",300,209,false],"1536x1536":["https:\/\/imagazine.it\/wp-content\/uploads\/2024\/01\/26553-1.webp",750,523,false],"2048x2048":["https:\/\/imagazine.it\/wp-content\/uploads\/2024\/01\/26553-1.webp",750,523,false],"newsup-slider-full":["https:\/\/imagazine.it\/wp-content\/uploads\/2024\/01\/26553-1.webp",750,523,false],"newsup-featured":["https:\/\/imagazine.it\/wp-content\/uploads\/2024\/01\/26553-1.webp",750,523,false],"newsup-medium":["https:\/\/imagazine.it\/wp-content\/uploads\/2024\/01\/26553-1-720x380.webp",720,380,true],"tptn_thumbnail":["https:\/\/imagazine.it\/wp-content\/uploads\/2024\/01\/26553-1.webp",250,174,false],"sow-carousel-default":["https:\/\/imagazine.it\/wp-content\/uploads\/2024\/01\/26553-1-272x182.webp",272,182,true]},"rttpg_author":{"display_name":"Livio Nonis","author_link":"https:\/\/imagazine.it\/home_desk\/author\/nonis\/"},"rttpg_comment":0,"rttpg_category":"<a href=\"https:\/\/imagazine.it\/home_desk\/category\/attualita\/\" rel=\"category tag\">ATTUALIT\u00c0<\/a>","rttpg_excerpt":"Guarda le foto on line","_links":{"self":[{"href":"https:\/\/imagazine.it\/home_desk\/wp-json\/wp\/v2\/posts\/27149","targetHints":{"allow":["GET"]}}],"collection":[{"href":"https:\/\/imagazine.it\/home_desk\/wp-json\/wp\/v2\/posts"}],"about":[{"href":"https:\/\/imagazine.it\/home_desk\/wp-json\/wp\/v2\/types\/post"}],"author":[{"embeddable":true,"href":"https:\/\/imagazine.it\/home_desk\/wp-json\/wp\/v2\/users\/22"}],"replies":[{"embeddable":true,"href":"https:\/\/imagazine.it\/home_desk\/wp-json\/wp\/v2\/comments?post=27149"}],"version-history":[{"count":0,"href":"https:\/\/imagazine.it\/home_desk\/wp-json\/wp\/v2\/posts\/27149\/revisions"}],"wp:featuredmedia":[{"embeddable":true,"href":"https:\/\/imagazine.it\/home_desk\/wp-json\/wp\/v2\/media\/27150"}],"wp:attachment":[{"href":"https:\/\/imagazine.it\/home_desk\/wp-json\/wp\/v2\/media?parent=27149"}],"wp:term":[{"taxonomy":"category","embeddable":true,"href":"https:\/\/imagazine.it\/home_desk\/wp-json\/wp\/v2\/categories?post=27149"},{"taxonomy":"post_tag","embeddable":true,"href":"https:\/\/imagazine.it\/home_desk\/wp-json\/wp\/v2\/tags?post=27149"}],"curies":[{"name":"wp","href":"https:\/\/api.w.org\/{rel}","templated":true}]}}