{"id":27145,"date":"2018-08-27T00:00:00","date_gmt":"2018-08-26T23:00:00","guid":{"rendered":"https:\/\/imagazine.it\/?p=27145"},"modified":"2018-08-27T00:00:00","modified_gmt":"2018-08-26T23:00:00","slug":"la-festosita-della-colombia-conquista-gorizia","status":"publish","type":"post","link":"https:\/\/imagazine.it\/home_desk\/la-festosita-della-colombia-conquista-gorizia\/","title":{"rendered":"La festosit\u00e0 della Colombia conquista Gorizia"},"content":{"rendered":"<p>I sorrisi, il ritmo e la festosit\u00e0 della Colombia hanno contagiato Gorizia e il pubblico del 48\u00b0 Festival Mondiale del Folklore. Il premio simpatia \u2013 trofeo \u201cCastello di Gorizia 2018\u201d \u00e8 andato, infatti, al gruppo Estesis Danza di Bogot\u00e0. \u00a0<\/p>\n<p>Fondata nel 2010, la Compa\u00f1\u00eda Estesis Danza \u00e8 un laboratorio di ricerca sul movimento del corpo nell\u2019ambito della coreografia sperimentale. Con la messa in scena di temi di vita quotidiana, le performance del gruppo mescolano modernit\u00e0 e tradizione con la creativit\u00e0 dei ballerini e la natura interdisciplinare delle arti e dei diversi generi di danza latino americana.<\/p>\n<p>Diploma di partecipazione e riconoscimenti per tutti i ventiquattro gruppi partecipanti alla kermesse. L\u2019Oscar del Folklore \u00e8 andato al gruppo Uzbegim Yoshlari dell\u2019UZBEKISTAN per l\u2019esecuzione musicale, a Les Bategails de Saintonge della FRANCIA per l\u2019originalit\u00e0 e accuratezza dei costumi, al Timor Furak Group di TIMOR EST per la presentazione coreutica della vita popolare quotidiana, al gruppo Opincuta della MOLDAVIA per la coreografia, al gruppo Citt\u00e0 di Fondi dall\u2019ITALIA per gli strumenti tradizionali, a Hkd Vrila della BOSNIA ERZEGOVINA per il repertorio tradizionale, al gruppo Ngwao Letshwao del BOTSWANA per il canto folklorico e la presentazione folklorica complessiva ed infine alla Compa\u00f1\u00eda Estesis Danza della COLOMBIA per la spettacolarizzazione della danza.<\/p>\n<p>II premio antropologico \u201cTullio Tentori\u201d per la capacit\u00e0 di rappresentare efficacemente il proprio patrimonio culturale nel solco della tradizione etnica e nel contesto del dialogo, oltre i confini, tra gli uomini ed i popoli, \u00e8 stato assegnato al gruppo francese Les Bategails de Saintonge di Saujon.<\/p>\n<p>Infine, il \u201c3\u00b0 Memorial Sergio Piemonti\u201d \u00e8 stato conferito alle scuole cittadine che si sono particolarmente impegnate per la diffusione della cultura e della tradizione folklorica. Nello specifico, <strong>alle scuole primarie Elisa Frinta, Giuseppe Ungaretti e Josip Abram<\/strong> per la mostra intitolata \u201cI bambini incontrano il mondo con Etnos\u201d allestita fino al 31 agosto nel foyer al teatro comunale Giuseppe Verdi di Gorizia.<\/p>\n<p>Il presidente di Etnos, <strong>Stefano Minniti<\/strong>, soddisfatto per l\u2019edizione appena conclusa, traccia un bilancio snocciolando i primi numeri riguardanti la kermesse. \u00a0Una serata in pi\u00f9, 56 volontari attivi, 5 service (audio, video, sicurezza, trasporti, palco), 10 responsabili della sicurezza, 6 associazioni locali coinvolte nella manifestazione, 560 ospiti (gruppi folkloristici), 12 congressisti e componenti della giuria internazionale, 200 visite al Castello di Gorizia, 15 corriere movimentate. E ancora, oltre 25.000 visualizzazioni su Facebook e Instagram. \u201cCi\u00f2 dimostra che stiamo lavorando nella giusta direzione. Ogni anno portiamo delle novit\u00e0 che la nostra citt\u00e0 dimostra di apprezzare. Abbiamo gi\u00e0 alcune nuove idee che sicuramente cercheremo di mettere in campo per l\u2019edizione 2019. Un sincero ringraziamento voglio rivolgerlo ai volontari, ogni anno pi\u00f9 numerosi. Il loro impegno e la loro energia contribuiscono a far crescere il nostro Festival\u201d.<\/p>\n","protected":false},"excerpt":{"rendered":"<p>Al 48\u00b0 Festival Mondiale del Folklore<\/p>\n","protected":false},"author":28,"featured_media":27146,"comment_status":"closed","ping_status":"closed","sticky":false,"template":"","format":"standard","meta":{"dwc-title":[],"dwc-content":[],"footnotes":""},"categories":[37],"tags":[],"class_list":["post-27145","post","type-post","status-publish","format-standard","has-post-thumbnail","hentry","category-cultura-e-spettacolo"],"rttpg_featured_image_url":{"full":["https:\/\/imagazine.it\/wp-content\/uploads\/2024\/01\/26539-1.webp",750,480,false],"landscape":["https:\/\/imagazine.it\/wp-content\/uploads\/2024\/01\/26539-1.webp",750,480,false],"portraits":["https:\/\/imagazine.it\/wp-content\/uploads\/2024\/01\/26539-1.webp",750,480,false],"thumbnail":["https:\/\/imagazine.it\/wp-content\/uploads\/2024\/01\/26539-1-150x150.webp",150,150,true],"medium":["https:\/\/imagazine.it\/wp-content\/uploads\/2024\/01\/26539-1-300x192.webp",300,192,true],"large":["https:\/\/imagazine.it\/wp-content\/uploads\/2024\/01\/26539-1.webp",640,410,false],"thumblist":["https:\/\/imagazine.it\/wp-content\/uploads\/2024\/01\/26539-1.webp",300,192,false],"thumbrelated":["https:\/\/imagazine.it\/wp-content\/uploads\/2024\/01\/26539-1.webp",500,320,false],"meccarouselthumb":["https:\/\/imagazine.it\/wp-content\/uploads\/2024\/01\/26539-1.webp",474,303,false],"gridsquare":["https:\/\/imagazine.it\/wp-content\/uploads\/2024\/01\/26539-1.webp",391,250,false],"tileview":["https:\/\/imagazine.it\/wp-content\/uploads\/2024\/01\/26539-1.webp",300,192,false],"1536x1536":["https:\/\/imagazine.it\/wp-content\/uploads\/2024\/01\/26539-1.webp",750,480,false],"2048x2048":["https:\/\/imagazine.it\/wp-content\/uploads\/2024\/01\/26539-1.webp",750,480,false],"newsup-slider-full":["https:\/\/imagazine.it\/wp-content\/uploads\/2024\/01\/26539-1.webp",750,480,false],"newsup-featured":["https:\/\/imagazine.it\/wp-content\/uploads\/2024\/01\/26539-1.webp",750,480,false],"newsup-medium":["https:\/\/imagazine.it\/wp-content\/uploads\/2024\/01\/26539-1-720x380.webp",720,380,true],"tptn_thumbnail":["https:\/\/imagazine.it\/wp-content\/uploads\/2024\/01\/26539-1.webp",250,160,false],"sow-carousel-default":["https:\/\/imagazine.it\/wp-content\/uploads\/2024\/01\/26539-1-272x182.webp",272,182,true]},"rttpg_author":{"display_name":"redazione","author_link":"https:\/\/imagazine.it\/home_desk\/author\/redazione\/"},"rttpg_comment":0,"rttpg_category":"<a href=\"https:\/\/imagazine.it\/home_desk\/category\/cultura-e-spettacolo\/\" rel=\"category tag\">CULTURA&amp;SPETTACOLO<\/a>","rttpg_excerpt":"Al 48\u00b0 Festival Mondiale del Folklore","_links":{"self":[{"href":"https:\/\/imagazine.it\/home_desk\/wp-json\/wp\/v2\/posts\/27145","targetHints":{"allow":["GET"]}}],"collection":[{"href":"https:\/\/imagazine.it\/home_desk\/wp-json\/wp\/v2\/posts"}],"about":[{"href":"https:\/\/imagazine.it\/home_desk\/wp-json\/wp\/v2\/types\/post"}],"author":[{"embeddable":true,"href":"https:\/\/imagazine.it\/home_desk\/wp-json\/wp\/v2\/users\/28"}],"replies":[{"embeddable":true,"href":"https:\/\/imagazine.it\/home_desk\/wp-json\/wp\/v2\/comments?post=27145"}],"version-history":[{"count":0,"href":"https:\/\/imagazine.it\/home_desk\/wp-json\/wp\/v2\/posts\/27145\/revisions"}],"wp:featuredmedia":[{"embeddable":true,"href":"https:\/\/imagazine.it\/home_desk\/wp-json\/wp\/v2\/media\/27146"}],"wp:attachment":[{"href":"https:\/\/imagazine.it\/home_desk\/wp-json\/wp\/v2\/media?parent=27145"}],"wp:term":[{"taxonomy":"category","embeddable":true,"href":"https:\/\/imagazine.it\/home_desk\/wp-json\/wp\/v2\/categories?post=27145"},{"taxonomy":"post_tag","embeddable":true,"href":"https:\/\/imagazine.it\/home_desk\/wp-json\/wp\/v2\/tags?post=27145"}],"curies":[{"name":"wp","href":"https:\/\/api.w.org\/{rel}","templated":true}]}}