{"id":27139,"date":"2018-08-24T00:00:00","date_gmt":"2018-08-23T23:00:00","guid":{"rendered":"https:\/\/imagazine.it\/?p=27139"},"modified":"2018-08-24T00:00:00","modified_gmt":"2018-08-23T23:00:00","slug":"il-mare-in-piazza-a-palmanova","status":"publish","type":"post","link":"https:\/\/imagazine.it\/home_desk\/il-mare-in-piazza-a-palmanova\/","title":{"rendered":"Il mare in piazza a Palmanova"},"content":{"rendered":"<p><em>\u201cL&#39;importante \u00e8 aver dimostrato che l&#39;impossibile pu\u00f2 diventare possibile\u201d.<\/em> \u00c8 prendendo spunto da questa frase pronunciata da <strong>Franco Basaglia<\/strong> alla fine degli anni &#39;70 che <strong><em>Il Mosaico<\/em><\/strong>, consorzio di 12 cooperative sociali attivo nella provincia di Gorizia e in quella di Udine, ha deciso di organizzare per sabato 8 settembre (sabato 15 in caso di pioggia) una cena in azzurro nel cuore della citt\u00e0 stellata friulana, trasformando visivamente la sua piazza d&#39;armi in qualcosa di insolito, ovvero in mare.<\/p>\n<p>Il progetto intitolato \u201cIl mare a&#8230; Palmanova\u201d vuole celebrare l&#39;<strong>anniversario della rivoluzione basagliana iniziata proprio in Friuli Venezia Giulia alla fine degli anni &#39;60<\/strong> e culminata il 13 maggio 1978 con il varo della <strong>legge italiana 180<\/strong>, la prima al mondo a decretare la fine dei manicomi e la liberazione dei suoi alienati. Sar\u00e0 una festa informale in cui, attraverso l&#39;utilizzo di una serie di simboli, si vivranno alcuni momenti di riflessione per ricordare quelle innovazioni che la psichiatria basagliana port\u00f2 nel campo dei diritti umani e nella cura della sofferenza mentale attraverso l&#39;istituzione dei primi Csm (Centri di salute mentale).<\/p>\n<p>L&#39;evento, presentato questa mattina alla stampa, vede il patrocinio dell&#39;Azienda per l&#39;Assistenza Sanitaria n. 2 \u201cBassa Friulana &#8211; Isontina\u201d ed \u00e8 co-organizzato dal Comune di Palmanova, dall&#39;ufficio creativo Creaa Snc, che ha realizzato l\u2019idea del progetto e il programma della serata, con la collaborazione dell&#39;associazione di architetti e studenti di Architettura dell\u2019Universit\u00e0 di Udine denominata A+Aud.<\/p>\n<p><em>\u00abAttraverso questa iniziativa di partecipazione condivisa e proattiva \u2013<\/em> ha spiegato il presidente del Consorzio, <strong>Mauro Perissini <\/strong><em>\u2013<\/em>,<em> vogliamo far passare un concetto fondamentale per la salute e il benessere di tutti: <strong>stare insieme agli altri, trascorrendo del tempo piacevole e facendo qualcosa di bello e gratificante, \u00e8 salutare e necessario<\/strong>. Attraverso questa cena vogliamo far passare questo principio che per noi che operiamo nel mondo della salute mentale \u00e8 basilare. Si tratta di una necessit\u00e0 umana, quasi elementare <\/em>\u2013 ha concluso il presidente-,<em> ma che spesso si rivela complessa proprio perch\u00e9 la si sottovaluta e la si dimentica\u00bb.<\/em><\/p>\n<p><em>\u00abLa Legge Basaglia <\/em>\u2013 ha sottolineato <strong>Marco Bertoli<\/strong>, direttore Dipartimento di Salute Mentale A.A.S. n. 2 \u2013<em> continua a rappresentare un significativo passaggio civile per la nostra societ\u00e0. Si tratta di una delle leggi pi\u00f9 importanti che il Parlamento abbia mai approvato, a tutela dei diritti dell&#39;uomo e dei malati. La serata un po&#39; surreale che si terr\u00e0 a Palmanova affronter\u00e0 il tema della salute come andrebbe sempre fatto, in modo gioioso e coinvolgente\u00bb.<\/em><\/p>\n<p><em>\u00abIl tema della salute mentale <\/em>\u2013 ha commentato il sindaco di Palmanova, <strong>Francesco Martines <\/strong>\u2013 <em>deve interessare e coinvolgere tutti.<\/em> <em>Proprio per questo si il quarantennale della Legge 180 sar\u00e0 un evento aperto a tutti, in una logica inclusiva e di partecipazione attiva. Sono davvero curioso di vedere come si trasformer\u00e0 l\u2019immensa piazza accogliendo i grandi allestimenti previsti e le centinaia di persone che vorranno trascorrere una serata all\u2019insegna dell\u2019amicizia, del divertimento e dell\u2019impegno sociale\u00bb.\u00a0 <\/em><\/p>\n<p>Belen\u00f2<\/p>\n<p>Tra le installazioni che occuperanno il plateatico esagonale della fortezza di Palmanova, spiccher\u00e0 la balena che sar\u00e0 realizzata dai ragazzi dell&#39;associazione\u00a0 A+Aud. <em>\u00abSi tratta <\/em>\u2013 ha anticipato <strong>Alberto Cervesato<\/strong>, presidente A+AUD \u2013 <em>di un cetaceo gonfiabile a grandezza naturale che noi abbiamo chiamato Balen\u00f2. Misurer\u00e0 30 metri e sar\u00e0 realizzato in 5 giorni utilizzando esclusivamente sacchi e teli di plastica. \u00c8 stato creato attraverso un paziente lavoro di taglio e cucito svolto da una ventina di volontari, fra i quali anche alcuni ospiti dei Centri gestiti dal Consorzio Mosaico\u00bb.\u00a0 <\/em><\/p>\n<p><em>\u00abCi hanno chiesto una cosa impossibile <\/em>\u2013 ha precisato <strong>Silvia Bean<\/strong>, responsabile dell&#39;installazione \u2013<em>, quindi abbiamo proposto di portare un balena nel centro della piazza<\/em>. <em>L\u2019impossibile \u00e8 anche riuscire a stupire con cose semplici, senza effetti speciali, materiali costosi o dispositivi high-tech. Balen\u00f2 pesa infatti meno di 5 kg, \u00e8 un sogno che fluttua, che ci incanta con la sua presenza e ci fa tornare un po\u2019 bambini. E&#39; un invito a meravigliarsi, a liberare la mente dai pesi che la aggravano e a godere, almeno per una sera, della leggerezza dell\u2019effimero\u00bb.<\/em><\/p>\n<p>La cena in blu: come funziona<\/p>\n<p>Il party sar\u00e0 accompagnato dalla musica selezionata da <strong>Mr Island<\/strong> e <strong>Dj Kireevsky<\/strong>. Durante la serata gli ospiti saranno i protagonisti. Tutti i partecipanti saranno invitati a indossare abiti in azzurro o in blu e a portare stoviglie, sedie, tovaglie, stuoini e asciugamani del colore del mare. La partecipazione all&#39;evento \u00e8 gratuita ma \u00e8 obbligatoria l&#39;iscrizione tramite sottoscrizione da effettuare al portale <u><a href=\"\/Users\/Redazione1\/Downloads\/ilmareapalmanova.eventbrite.it\" target=\"_blank\" rel=\"noopener\">ilmareapalmanova.eventbrite.it<\/a><\/u>. Ogni gruppo dovr\u00e0 avere un capotavola che, oltre a procedere all&#39;iscrizione per la sua comitiva, avr\u00e0 l&#39;obbligo di divulgare a tutti i suoi commensali le istruzioni logistiche, di parcheggio e di scarico e carico che saranno successivamente fornite via mail.<\/p>\n<p>Chiunque potr\u00e0 partecipare alla festa portando le pietanze che pi\u00f9 preferisce mangiare o far assaggiare. I meno intraprendenti, invece, potranno prenotare i cestini di pietanze preparate dagli esercenti di Palmanova da pagare direttamente al momento del ritiro (per cercare gli esercenti che hanno aderito all\u2019iniziativa bisogna consultare la pagina Facebook dell\u2019evento \u201cIl mare a Palmanova\u201d al link: <a href=\"\/Users\/Redazione1\/Downloads\/goo.gl\/8x2LCT\" target=\"_blank\" rel=\"noopener\">goo.gl\/8x2LCT<\/a> ).\u00a0<\/p>\n","protected":false},"excerpt":{"rendered":"<p>Sabato 8 settembre<\/p>\n","protected":false},"author":28,"featured_media":27140,"comment_status":"closed","ping_status":"closed","sticky":false,"template":"","format":"standard","meta":{"dwc-title":[],"dwc-content":[],"footnotes":""},"categories":[6],"tags":[],"class_list":["post-27139","post","type-post","status-publish","format-standard","has-post-thumbnail","hentry","category-societa"],"rttpg_featured_image_url":{"full":["https:\/\/imagazine.it\/wp-content\/uploads\/2024\/01\/26533-1.webp",750,438,false],"landscape":["https:\/\/imagazine.it\/wp-content\/uploads\/2024\/01\/26533-1.webp",750,438,false],"portraits":["https:\/\/imagazine.it\/wp-content\/uploads\/2024\/01\/26533-1.webp",750,438,false],"thumbnail":["https:\/\/imagazine.it\/wp-content\/uploads\/2024\/01\/26533-1-150x150.webp",150,150,true],"medium":["https:\/\/imagazine.it\/wp-content\/uploads\/2024\/01\/26533-1-300x175.webp",300,175,true],"large":["https:\/\/imagazine.it\/wp-content\/uploads\/2024\/01\/26533-1.webp",640,374,false],"thumblist":["https:\/\/imagazine.it\/wp-content\/uploads\/2024\/01\/26533-1.webp",300,175,false],"thumbrelated":["https:\/\/imagazine.it\/wp-content\/uploads\/2024\/01\/26533-1.webp",500,292,false],"meccarouselthumb":["https:\/\/imagazine.it\/wp-content\/uploads\/2024\/01\/26533-1.webp",474,277,false],"gridsquare":["https:\/\/imagazine.it\/wp-content\/uploads\/2024\/01\/26533-1.webp",391,228,false],"tileview":["https:\/\/imagazine.it\/wp-content\/uploads\/2024\/01\/26533-1.webp",300,175,false],"1536x1536":["https:\/\/imagazine.it\/wp-content\/uploads\/2024\/01\/26533-1.webp",750,438,false],"2048x2048":["https:\/\/imagazine.it\/wp-content\/uploads\/2024\/01\/26533-1.webp",750,438,false],"newsup-slider-full":["https:\/\/imagazine.it\/wp-content\/uploads\/2024\/01\/26533-1.webp",750,438,false],"newsup-featured":["https:\/\/imagazine.it\/wp-content\/uploads\/2024\/01\/26533-1.webp",750,438,false],"newsup-medium":["https:\/\/imagazine.it\/wp-content\/uploads\/2024\/01\/26533-1-720x380.webp",720,380,true],"tptn_thumbnail":["https:\/\/imagazine.it\/wp-content\/uploads\/2024\/01\/26533-1.webp",250,146,false],"sow-carousel-default":["https:\/\/imagazine.it\/wp-content\/uploads\/2024\/01\/26533-1-272x182.webp",272,182,true]},"rttpg_author":{"display_name":"redazione","author_link":"https:\/\/imagazine.it\/home_desk\/author\/redazione\/"},"rttpg_comment":0,"rttpg_category":"<a href=\"https:\/\/imagazine.it\/home_desk\/category\/societa\/\" rel=\"category tag\">SOCIET\u00c0<\/a>","rttpg_excerpt":"Sabato 8 settembre","_links":{"self":[{"href":"https:\/\/imagazine.it\/home_desk\/wp-json\/wp\/v2\/posts\/27139","targetHints":{"allow":["GET"]}}],"collection":[{"href":"https:\/\/imagazine.it\/home_desk\/wp-json\/wp\/v2\/posts"}],"about":[{"href":"https:\/\/imagazine.it\/home_desk\/wp-json\/wp\/v2\/types\/post"}],"author":[{"embeddable":true,"href":"https:\/\/imagazine.it\/home_desk\/wp-json\/wp\/v2\/users\/28"}],"replies":[{"embeddable":true,"href":"https:\/\/imagazine.it\/home_desk\/wp-json\/wp\/v2\/comments?post=27139"}],"version-history":[{"count":0,"href":"https:\/\/imagazine.it\/home_desk\/wp-json\/wp\/v2\/posts\/27139\/revisions"}],"wp:featuredmedia":[{"embeddable":true,"href":"https:\/\/imagazine.it\/home_desk\/wp-json\/wp\/v2\/media\/27140"}],"wp:attachment":[{"href":"https:\/\/imagazine.it\/home_desk\/wp-json\/wp\/v2\/media?parent=27139"}],"wp:term":[{"taxonomy":"category","embeddable":true,"href":"https:\/\/imagazine.it\/home_desk\/wp-json\/wp\/v2\/categories?post=27139"},{"taxonomy":"post_tag","embeddable":true,"href":"https:\/\/imagazine.it\/home_desk\/wp-json\/wp\/v2\/tags?post=27139"}],"curies":[{"name":"wp","href":"https:\/\/api.w.org\/{rel}","templated":true}]}}