{"id":27123,"date":"2018-08-20T00:00:00","date_gmt":"2018-08-19T23:00:00","guid":{"rendered":"https:\/\/imagazine.it\/?p=27123"},"modified":"2018-08-20T00:00:00","modified_gmt":"2018-08-19T23:00:00","slug":"fvg-e-australia-tra-vecchia-e-nuova-emigrazione","status":"publish","type":"post","link":"https:\/\/imagazine.it\/home_desk\/fvg-e-australia-tra-vecchia-e-nuova-emigrazione\/","title":{"rendered":"FVG e Australia, tra vecchia e nuova emigrazione"},"content":{"rendered":"<p>Eraple, ente regionale Acli per i problemi dei lavoratori emigrati, si occupa di gestire i collegamenti con i corregionali all&#39;estero promuovendo iniziative e incontri di formazione tra i discendenti di persone del Friuli Venezia Giulia all&#39;estero.<\/p>\n<p>Una delle ultime iniziative organizzate si \u00e8 svolta in Australia, all\u2019istituto Italiano di Cultura di Melbourne, Paese che dal 2003 \u00e8 diventata la destinazione di molti giovani italiani che la scelgono per le opportunit\u00e0 lavorative, l&#39;alta qualit\u00e0 della vita e le possibilit\u00e0 di guadagno. L\u2019incontro, che si \u00e8 svolto lo scorso 14 luglio, \u00e8 diventato\u00a0 anche occasione per creare un\u2019ulteriore via per i giovani friulani che vogliano recarsi in Australia.<\/p>\n<p>L&#39;appuntamento, finanziato dalla Regione FVG, ha visto come protagonisti la nuova e la vecchia emigrazione: dopo i discorsi di apertura di <strong>Bruna Zuccolin<\/strong>, segretaria Eraple, di <strong>Mario Fera <\/strong>di Slide Production e dell\u2019insegnante di origine triestina <strong>Michela Pellizon<\/strong>, organizzatori dell&#39;evento, sono intervenuti <strong>Adriana Nelli<\/strong> sull&#39;emigrazione triestina del dopoguerra e <strong>Piero Genovesi <\/strong>sull&#39;emigrazione friulana dello stesso periodo. Ampio spazio \u00e8 stato poi dato al racconto delle esperienze di <strong>Renato Raimondi<\/strong>, presidente del Trieste Social Club, oltre che di <strong>Peter Muzzolini<\/strong>, presidente del Fogolar Furlan, e di <strong>Bruno Viti<\/strong>, presidente del Circolo Fiumano.<\/p>\n<p>La seconda parte del convegno, intitolato \u201cIl ruolo ponte tra Friuli Venezia Giulia e\u00a0Australia delle diverse generazioni di corregionali in materia culturale, linguistica,\u00a0economica\u201d \u00e8 stata completamente riservata ai pi\u00f9 giovani. <strong>Ruth Borgobello<\/strong> ha raccontato la sua esperienza cinematografica con &#8220;The space between&#8221;, interamente girato in Friuli Venezia Giulia. Il ricercatore <strong>Riccardo Armillei <\/strong>ha fatto un ritratto dell\u2019emigrazione giovanile in Australia, mentre la giornalista triestina <strong>Micol Brusaferro<\/strong> ha illustrato un video sui numeri che riguardano la nostra regione con una particolare attenzione al sito <u><a href=\"http:\/\/www.borninfvg.com\" target=\"_blank\" rel=\"noopener\"><strong>www.borninfvg.com<\/strong><\/a><\/u>, sostenuto dalla Regione, sportello per informazioni ai corregionali, che raccoglie anche le storie di chi ha deciso di emigrare all&#39;estero.<\/p>\n<p>Tra i protagonisti anche alcuni giovani corregionali che hanno raccontato la loro esperienza australiana: la giornalista <strong>Ilaria Gianfagna<\/strong> co fondatrice di <em>Just Australia<\/em>, <strong>Elena Goi<\/strong>, <strong>Alessandro Vascotto<\/strong>, <strong>Margherita Brandi<\/strong> e <strong>Roberto Dreolini<\/strong>, che hanno raccontato la loro esperienza moderati da <strong>Chiara De Lazzari<\/strong> della University of Melbourne.<\/p>\n<p>Non solo l\u2019avvicinamento dei giovani alla comunit\u00e0 italiana e friulana in Australia, l\u2019obiettivo di questo progetto si concretizzer\u00e0 anche nella creazione di una piccola guida che sar\u00e0 distribuita nelle scuole superiori del Friuli Venezia Giulia contenente le informazioni e i contatti per orientarsi in Australia.\u00a0<\/p>\n","protected":false},"excerpt":{"rendered":"<p>Convegno a Melbourne<\/p>\n","protected":false},"author":28,"featured_media":27124,"comment_status":"closed","ping_status":"closed","sticky":false,"template":"","format":"standard","meta":{"dwc-title":[],"dwc-content":[],"footnotes":""},"categories":[8],"tags":[],"class_list":["post-27123","post","type-post","status-publish","format-standard","has-post-thumbnail","hentry","category-turismo"],"rttpg_featured_image_url":{"full":["https:\/\/imagazine.it\/wp-content\/uploads\/2024\/01\/26487-1.webp",750,500,false],"landscape":["https:\/\/imagazine.it\/wp-content\/uploads\/2024\/01\/26487-1.webp",750,500,false],"portraits":["https:\/\/imagazine.it\/wp-content\/uploads\/2024\/01\/26487-1.webp",750,500,false],"thumbnail":["https:\/\/imagazine.it\/wp-content\/uploads\/2024\/01\/26487-1-150x150.webp",150,150,true],"medium":["https:\/\/imagazine.it\/wp-content\/uploads\/2024\/01\/26487-1-300x200.webp",300,200,true],"large":["https:\/\/imagazine.it\/wp-content\/uploads\/2024\/01\/26487-1.webp",640,427,false],"thumblist":["https:\/\/imagazine.it\/wp-content\/uploads\/2024\/01\/26487-1.webp",300,200,false],"thumbrelated":["https:\/\/imagazine.it\/wp-content\/uploads\/2024\/01\/26487-1.webp",500,333,false],"meccarouselthumb":["https:\/\/imagazine.it\/wp-content\/uploads\/2024\/01\/26487-1.webp",474,316,false],"gridsquare":["https:\/\/imagazine.it\/wp-content\/uploads\/2024\/01\/26487-1.webp",391,260,false],"tileview":["https:\/\/imagazine.it\/wp-content\/uploads\/2024\/01\/26487-1.webp",300,200,false],"1536x1536":["https:\/\/imagazine.it\/wp-content\/uploads\/2024\/01\/26487-1.webp",750,500,false],"2048x2048":["https:\/\/imagazine.it\/wp-content\/uploads\/2024\/01\/26487-1.webp",750,500,false],"newsup-slider-full":["https:\/\/imagazine.it\/wp-content\/uploads\/2024\/01\/26487-1.webp",750,500,false],"newsup-featured":["https:\/\/imagazine.it\/wp-content\/uploads\/2024\/01\/26487-1.webp",750,500,false],"newsup-medium":["https:\/\/imagazine.it\/wp-content\/uploads\/2024\/01\/26487-1-720x380.webp",720,380,true],"tptn_thumbnail":["https:\/\/imagazine.it\/wp-content\/uploads\/2024\/01\/26487-1.webp",250,167,false],"sow-carousel-default":["https:\/\/imagazine.it\/wp-content\/uploads\/2024\/01\/26487-1-272x182.webp",272,182,true]},"rttpg_author":{"display_name":"redazione","author_link":"https:\/\/imagazine.it\/home_desk\/author\/redazione\/"},"rttpg_comment":0,"rttpg_category":"<a href=\"https:\/\/imagazine.it\/home_desk\/category\/turismo\/\" rel=\"category tag\">TURISMO<\/a>","rttpg_excerpt":"Convegno a Melbourne","_links":{"self":[{"href":"https:\/\/imagazine.it\/home_desk\/wp-json\/wp\/v2\/posts\/27123","targetHints":{"allow":["GET"]}}],"collection":[{"href":"https:\/\/imagazine.it\/home_desk\/wp-json\/wp\/v2\/posts"}],"about":[{"href":"https:\/\/imagazine.it\/home_desk\/wp-json\/wp\/v2\/types\/post"}],"author":[{"embeddable":true,"href":"https:\/\/imagazine.it\/home_desk\/wp-json\/wp\/v2\/users\/28"}],"replies":[{"embeddable":true,"href":"https:\/\/imagazine.it\/home_desk\/wp-json\/wp\/v2\/comments?post=27123"}],"version-history":[{"count":0,"href":"https:\/\/imagazine.it\/home_desk\/wp-json\/wp\/v2\/posts\/27123\/revisions"}],"wp:featuredmedia":[{"embeddable":true,"href":"https:\/\/imagazine.it\/home_desk\/wp-json\/wp\/v2\/media\/27124"}],"wp:attachment":[{"href":"https:\/\/imagazine.it\/home_desk\/wp-json\/wp\/v2\/media?parent=27123"}],"wp:term":[{"taxonomy":"category","embeddable":true,"href":"https:\/\/imagazine.it\/home_desk\/wp-json\/wp\/v2\/categories?post=27123"},{"taxonomy":"post_tag","embeddable":true,"href":"https:\/\/imagazine.it\/home_desk\/wp-json\/wp\/v2\/tags?post=27123"}],"curies":[{"name":"wp","href":"https:\/\/api.w.org\/{rel}","templated":true}]}}