{"id":27111,"date":"2018-08-09T00:00:00","date_gmt":"2018-08-08T23:00:00","guid":{"rendered":"https:\/\/imagazine.it\/?p=27111"},"modified":"2018-08-09T00:00:00","modified_gmt":"2018-08-08T23:00:00","slug":"friuli-doc-ecco-la-mappa-dei-trasporti","status":"publish","type":"post","link":"https:\/\/imagazine.it\/home_desk\/friuli-doc-ecco-la-mappa-dei-trasporti\/","title":{"rendered":"Friuli DOC, ecco la mappa dei trasporti"},"content":{"rendered":"<p>Udine si prepara alla nuova edizione di Friuli Doc, in programma dal 13 al 16 settembre 2018, con un <strong>piano dei trasporti<\/strong> all\u2019insegna della <strong>mobilit\u00e0 pubblica e sostenibile, <\/strong>che punta a facilitare gli spostamenti in sicurezza. La nuova mappa dei trasporti, elaborata dal Comune di Udine grazie <strong>al sostegno della Regione Friuli Venezia Giulia, alla collaborazione di Trenitalia, Ferrovie Udine-Cividale, SSM e SAF<\/strong>, prevede treni speciali, biglietti prolungati per l&#39;autobus, aperture straordinarie dei park in struttura, park-and-ride ai parcheggi scambiatori.<\/p>\n<p>\u00ab<em>Friuli Doc \u2013 <\/em>sottolinea <strong>Maurizio Franz<\/strong>, <strong>assessore alle Attivit\u00e0 produttive, Turismo e Grandi eventi del Comune di Udine<\/strong> \u2013 <em>\u00e8 una manifestazione di grande attrattiva, che in pochi giorni richiama centinaia di migliaia di persone nel cuore di Udine<\/em>.<em> Per questa ragione gli aspetti logistici dell\u2019evento sono stati valutati a 360 gradi. Il pacchetto trasporti studiato per Friuli Doc 2018 permetter\u00e0 a un elevato numero di persone di raggiungere facilmente il centro citt\u00e0. Il piano della logistica prevede sia agevolazioni per chi utilizza i mezzi pubblici sia facilitazioni per chi sceglie di arrivare con la propria auto, grazie alla disponibilit\u00e0 dei parcheggi scambiatori e al collegamento in autobus ai luoghi della festa<\/em>\u00bb.\u00a0<\/p>\n<p><strong>Treni speciali e promozioni<\/strong><\/p>\n<p>Durante la XXIV edizione di Friuli Doc, gli appassionati della rinomata kermesse friulana potranno raggiungere Udine anzitutto grazie a un <strong>intensificato programma dei trasporti su rotaia<\/strong> grazie al supporto di Trenitalia che garantir\u00e0 numerose soluzioni di viaggio &#8211; in arrivo e in partenza &#8211; nell\u2019arco di tutte le giornate della manifestazione, con collegamenti da Sacile, Trieste, Carnia anche al mattino e al pomeriggio. Il sabato e la domenica sar\u00e0 valida la promozione <strong>Weekend FVG <\/strong>che permette di viaggiare con il\u00a020% di sconto\u00a0sulla tariffa ordinaria.<\/p>\n<p>Anche il <strong>collegamento ferroviario Udine-Cividale sar\u00e0 assicurato<\/strong> nei giorni di Friuli Doc con corse serali (da Udine fino alle 21.51, da Cividale fino alle 21.20). I bambini fino a 12 anni, accompagnati da un adulto, viaggeranno gratis a partire dalle ore 15 del sabato e per l&#39;intera giornata di domenica.<\/p>\n<p>Da quest\u2019anno il <strong>collegamento ferroviario\u00a0transfrontaliero Mi.Co.Tra<\/strong>\u00a0 (Trieste\u2013Udine\u2013Villach), garantir\u00e0 quattro corse giornaliere Udine\u2013Villach, mentre il sabato e la domenica sar\u00e0 attivo il prolungamento del servizio fino a Trieste.<\/p>\n<p>Domenica 16 settembre, gli avventori in arrivo da Treviso potranno raggiungere Udine in treno a vapore. L\u2019iniziativa, denominata <strong>\u201cFriuli Doc a vapore\u201d,<\/strong> \u00e8 organizzata dall\u2019associazione La Carrozza Matta e prevede per tutti i passeggeri anche la colazione a bordo dello storico treno.\u00a0<\/p>\n<p><strong>Parcheggi auto: aperture straordinarie e <\/strong><strong>formula park-and-ride<\/strong><\/p>\n<p>I visitatori che vorranno raggiungere il centro di Udine con la propria auto potranno usufruire dei <strong>parcheggi blu a raso<\/strong> a pagamento e dei <strong>vari parcheggi in struttura<\/strong> gestiti da Sistema Sosta e Mobilit\u00e0. Tutti e sette i park sotterranei (Andreuzzi, Caccia, Magrini, Moretti, Primo Maggio, Tribunale e Venerio) <strong>garantiranno l\u2019apertura al pubblico in entrata<\/strong> fino alle ore 01 da gioved\u00ec a sabato notte e fino alle 24 della domenica. Per consentire di ritirare l\u2019auto liberamente, senza vincoli di orario, l\u2019uscita in auto <strong>sar\u00e0\u00a0 assicurata 24 ore su 24<\/strong>.<\/p>\n<p>Per chi volesse fermarsi al di fuori del ring cittadino, potr\u00e0 usufruire della <strong>formula park-and-ride<\/strong>: sar\u00e0, infatti, possibile lasciare l\u2019auto nei parcheggi scambiatori gratuiti della Fiera e dello Stadio e raggiungere il centro cittadino attraverso gli autobus urbani.<\/p>\n<p><strong>Autobus: corse straordinarie e biglietto urbano prolungato<\/strong><\/p>\n<p>Chi preferisce parcheggiare in periferia e raggiungere la manifestazione con l\u2019autobus potr\u00e0 utilizzare, <strong>eccezionalmente per Friuli Doc<\/strong>, il consueto <strong>biglietto urbano <\/strong>al costo di 1,25 euro con <strong>estensione della durata del ticket fino a 6 ore<\/strong>. La validit\u00e0 prolungata sar\u00e0 attiva da venerd\u00ec 14 a domenica 16 settembre.<\/p>\n<p>Un ulteriore <strong>potenziamento degli orari degli autobus urbani<\/strong> sar\u00e0 previsto a sostegno della <strong>formula park-and-ride<\/strong>. La linea 9, infatti, che collega il centro ai grandi parcheggi scambiatori della Fiera e dello Stadio Friuli, garantir\u00e0 il servizio fino all\u20191.30 di notte sia il venerd\u00ec sia il sabato. Per le linee 1, 2, 4 e 5 (quest\u2019ultima terminer\u00e0 le corse all\u20191.30) saranno previste delle corse aggiuntive, mentre la linea 7 sar\u00e0 attiva anche di domenica.<\/p>\n<p><strong>Per iniziativa della SAF<\/strong>, gi\u00e0 in questi giorni \u00e8 possibile veder girare in citt\u00e0 <strong>un autobus personalizzato<\/strong> con la nuova immagine grafica di Friuli Doc 2018. Il mezzo, in servizio sulle linee 1 e 4, sar\u00e0 operativo nelle prossime settimane per promuovere la XXIV edizione della manifestazione enogastronomica friulana.\u00a0<\/p>\n<p>Per maggiori informazioni \u00e8 possibile visitare il sito <u><a href=\"http:\/\/www.friuli-doc.it\/\" target=\"_blank\" rel=\"noopener\">www.friuli-doc.it<\/a><\/u><\/p>\n","protected":false},"excerpt":{"rendered":"<p>Dal 13 al 16 settembre<\/p>\n","protected":false},"author":28,"featured_media":27112,"comment_status":"closed","ping_status":"closed","sticky":false,"template":"","format":"standard","meta":{"dwc-title":[],"dwc-content":[],"footnotes":""},"categories":[8],"tags":[],"class_list":["post-27111","post","type-post","status-publish","format-standard","has-post-thumbnail","hentry","category-turismo"],"rttpg_featured_image_url":{"full":["https:\/\/imagazine.it\/wp-content\/uploads\/2024\/01\/26446-1.webp",750,486,false],"landscape":["https:\/\/imagazine.it\/wp-content\/uploads\/2024\/01\/26446-1.webp",750,486,false],"portraits":["https:\/\/imagazine.it\/wp-content\/uploads\/2024\/01\/26446-1.webp",750,486,false],"thumbnail":["https:\/\/imagazine.it\/wp-content\/uploads\/2024\/01\/26446-1-150x150.webp",150,150,true],"medium":["https:\/\/imagazine.it\/wp-content\/uploads\/2024\/01\/26446-1-300x194.webp",300,194,true],"large":["https:\/\/imagazine.it\/wp-content\/uploads\/2024\/01\/26446-1.webp",640,415,false],"thumblist":["https:\/\/imagazine.it\/wp-content\/uploads\/2024\/01\/26446-1.webp",300,194,false],"thumbrelated":["https:\/\/imagazine.it\/wp-content\/uploads\/2024\/01\/26446-1.webp",500,324,false],"meccarouselthumb":["https:\/\/imagazine.it\/wp-content\/uploads\/2024\/01\/26446-1.webp",474,307,false],"gridsquare":["https:\/\/imagazine.it\/wp-content\/uploads\/2024\/01\/26446-1.webp",391,253,false],"tileview":["https:\/\/imagazine.it\/wp-content\/uploads\/2024\/01\/26446-1.webp",300,194,false],"1536x1536":["https:\/\/imagazine.it\/wp-content\/uploads\/2024\/01\/26446-1.webp",750,486,false],"2048x2048":["https:\/\/imagazine.it\/wp-content\/uploads\/2024\/01\/26446-1.webp",750,486,false],"newsup-slider-full":["https:\/\/imagazine.it\/wp-content\/uploads\/2024\/01\/26446-1.webp",750,486,false],"newsup-featured":["https:\/\/imagazine.it\/wp-content\/uploads\/2024\/01\/26446-1.webp",750,486,false],"newsup-medium":["https:\/\/imagazine.it\/wp-content\/uploads\/2024\/01\/26446-1-720x380.webp",720,380,true],"tptn_thumbnail":["https:\/\/imagazine.it\/wp-content\/uploads\/2024\/01\/26446-1.webp",250,162,false],"sow-carousel-default":["https:\/\/imagazine.it\/wp-content\/uploads\/2024\/01\/26446-1-272x182.webp",272,182,true]},"rttpg_author":{"display_name":"redazione","author_link":"https:\/\/imagazine.it\/home_desk\/author\/redazione\/"},"rttpg_comment":0,"rttpg_category":"<a href=\"https:\/\/imagazine.it\/home_desk\/category\/turismo\/\" rel=\"category tag\">TURISMO<\/a>","rttpg_excerpt":"Dal 13 al 16 settembre","_links":{"self":[{"href":"https:\/\/imagazine.it\/home_desk\/wp-json\/wp\/v2\/posts\/27111","targetHints":{"allow":["GET"]}}],"collection":[{"href":"https:\/\/imagazine.it\/home_desk\/wp-json\/wp\/v2\/posts"}],"about":[{"href":"https:\/\/imagazine.it\/home_desk\/wp-json\/wp\/v2\/types\/post"}],"author":[{"embeddable":true,"href":"https:\/\/imagazine.it\/home_desk\/wp-json\/wp\/v2\/users\/28"}],"replies":[{"embeddable":true,"href":"https:\/\/imagazine.it\/home_desk\/wp-json\/wp\/v2\/comments?post=27111"}],"version-history":[{"count":0,"href":"https:\/\/imagazine.it\/home_desk\/wp-json\/wp\/v2\/posts\/27111\/revisions"}],"wp:featuredmedia":[{"embeddable":true,"href":"https:\/\/imagazine.it\/home_desk\/wp-json\/wp\/v2\/media\/27112"}],"wp:attachment":[{"href":"https:\/\/imagazine.it\/home_desk\/wp-json\/wp\/v2\/media?parent=27111"}],"wp:term":[{"taxonomy":"category","embeddable":true,"href":"https:\/\/imagazine.it\/home_desk\/wp-json\/wp\/v2\/categories?post=27111"},{"taxonomy":"post_tag","embeddable":true,"href":"https:\/\/imagazine.it\/home_desk\/wp-json\/wp\/v2\/tags?post=27111"}],"curies":[{"name":"wp","href":"https:\/\/api.w.org\/{rel}","templated":true}]}}