{"id":27099,"date":"2018-08-07T00:00:00","date_gmt":"2018-08-06T23:00:00","guid":{"rendered":"https:\/\/imagazine.it\/?p=27099"},"modified":"2018-08-07T00:00:00","modified_gmt":"2018-08-06T23:00:00","slug":"trieste-3-milioni-per-la-manutenzione-delle-strade","status":"publish","type":"post","link":"https:\/\/imagazine.it\/home_desk\/trieste-3-milioni-per-la-manutenzione-delle-strade\/","title":{"rendered":"Trieste, 3 milioni per la manutenzione delle strade"},"content":{"rendered":"<p>\u201cL&#39;amministrazione comunale ha messo in campo 3 milioni di euro per realizzare\u00a0 un&#39;opera complessivamente di grande rilievo per la citt\u00e0, gi\u00e0 iniziata ad aprile e che continuer\u00e0 durante il corso dell&#39;estate con numerosi cantieri in varie zone, dal centro ai rioni, da via dell&#39;Istria a via Commerciale, fino alla strada dei campi di golf di Padriciano, nonch\u00e9 per nuovi parcheggi come a Longera\u201d. Cos\u00ec l&#39;assessore comunale ai Lavori Pubblici del Comune di Trieste <strong>Elisa Lodi<\/strong> che, assieme al sindaco <strong>Roberto Dipiazza<\/strong>, si \u00e8 recata stamane in sopralluogo a San Giacomo, nell&#39;area circostante la scuola Slataper, dove sono appena stati conclusi gli interventi di sistemazione dei marciapiedi e dei parcheggi per agevolare un&#39;area molto trafficata durante l&#39;anno scolastico.<\/p>\n<p>\u201cIn altre zone, tra cui via Flavia, Barcola e via Revoltella, \u2013 ha aggiunto Lodi \u2013 sono state installate anche &#39;isole salvapedoni&#39;, \u00a0per garantire la sicurezza in arterie molto frequentate e caratterizzate da forte flusso veicolare. Lavori che vanno effettuati prevalentemente in estate \u00a0per agevolare chi vi opera e per creare meno disagi possibili ai cittadini. Sono gi\u00e0 in programma nuovi stanziamenti per ulteriori interventi\u201d.<\/p>\n<p>\u201cSono opere importanti per migliorare la vivibilit\u00e0 e l&#39;immagine della nostra citt\u00e0 \u2013 ha sottolineato Dipiazza \u2013 che interesseranno anche l\u2019area della Maddalena dove si sta per aprire il cantiere che ridar\u00e0 dignit\u00e0 a una zona degradata a beneficio di tutto il rione. Il parcheggio di Barcola, biglietto da visita d&#39;ingresso alla citt\u00e0,\u00a0 sar\u00e0 sistemato per l&#39;arrivo della \u201cBarcolana\u201d con l&#39;avvio dei lavori a fine agosto, divisi in due lotti, compresa la tinteggiatura delle ringhiere di viale Miaramare\u201d.<\/p>\n<p>Altri interventi di rilievo \u2013 ha poi annunciato \u2013 saranno la ristrutturazione della Galleria di Montebello, con una gara aggiudicata (in giugno) a una societ\u00e0 di professionisti che elaborer\u00e0 il progetto esecutivo per poi indire subito dopo la gara per la realizzazione dei lavori. Con particolare attenzione viene seguito anche il cantiere &#39;centrale&#39; di via Carducci dove continua l&#39;opera sulle volte che entrer\u00e0 nel clou a fine agosto. Ulteriori interventi sono previsti, a fine settembre, per la riqualificazione del sottopasso di piazza della Libert\u00e0 in cui sar\u00e0 utilizzato un apposito materiale &#39;anti-writer&#39;\u201d.<\/p>\n","protected":false},"excerpt":{"rendered":"<p>Illustrato il programma degli interventi<\/p>\n","protected":false},"author":28,"featured_media":27100,"comment_status":"closed","ping_status":"closed","sticky":false,"template":"","format":"standard","meta":{"dwc-title":[],"dwc-content":[],"footnotes":""},"categories":[5],"tags":[],"class_list":["post-27099","post","type-post","status-publish","format-standard","has-post-thumbnail","hentry","category-attualita"],"rttpg_featured_image_url":{"full":["https:\/\/imagazine.it\/wp-content\/uploads\/2024\/01\/26408-1.webp",750,422,false],"landscape":["https:\/\/imagazine.it\/wp-content\/uploads\/2024\/01\/26408-1.webp",750,422,false],"portraits":["https:\/\/imagazine.it\/wp-content\/uploads\/2024\/01\/26408-1.webp",750,422,false],"thumbnail":["https:\/\/imagazine.it\/wp-content\/uploads\/2024\/01\/26408-1-150x150.webp",150,150,true],"medium":["https:\/\/imagazine.it\/wp-content\/uploads\/2024\/01\/26408-1-300x169.webp",300,169,true],"large":["https:\/\/imagazine.it\/wp-content\/uploads\/2024\/01\/26408-1.webp",640,360,false],"thumblist":["https:\/\/imagazine.it\/wp-content\/uploads\/2024\/01\/26408-1.webp",300,169,false],"thumbrelated":["https:\/\/imagazine.it\/wp-content\/uploads\/2024\/01\/26408-1.webp",500,281,false],"meccarouselthumb":["https:\/\/imagazine.it\/wp-content\/uploads\/2024\/01\/26408-1.webp",474,267,false],"gridsquare":["https:\/\/imagazine.it\/wp-content\/uploads\/2024\/01\/26408-1.webp",391,220,false],"tileview":["https:\/\/imagazine.it\/wp-content\/uploads\/2024\/01\/26408-1.webp",300,169,false],"1536x1536":["https:\/\/imagazine.it\/wp-content\/uploads\/2024\/01\/26408-1.webp",750,422,false],"2048x2048":["https:\/\/imagazine.it\/wp-content\/uploads\/2024\/01\/26408-1.webp",750,422,false],"newsup-slider-full":["https:\/\/imagazine.it\/wp-content\/uploads\/2024\/01\/26408-1.webp",750,422,false],"newsup-featured":["https:\/\/imagazine.it\/wp-content\/uploads\/2024\/01\/26408-1.webp",750,422,false],"newsup-medium":["https:\/\/imagazine.it\/wp-content\/uploads\/2024\/01\/26408-1-720x380.webp",720,380,true],"tptn_thumbnail":["https:\/\/imagazine.it\/wp-content\/uploads\/2024\/01\/26408-1.webp",250,141,false],"sow-carousel-default":["https:\/\/imagazine.it\/wp-content\/uploads\/2024\/01\/26408-1-272x182.webp",272,182,true]},"rttpg_author":{"display_name":"redazione","author_link":"https:\/\/imagazine.it\/home_desk\/author\/redazione\/"},"rttpg_comment":0,"rttpg_category":"<a href=\"https:\/\/imagazine.it\/home_desk\/category\/attualita\/\" rel=\"category tag\">ATTUALIT\u00c0<\/a>","rttpg_excerpt":"Illustrato il programma degli interventi","_links":{"self":[{"href":"https:\/\/imagazine.it\/home_desk\/wp-json\/wp\/v2\/posts\/27099","targetHints":{"allow":["GET"]}}],"collection":[{"href":"https:\/\/imagazine.it\/home_desk\/wp-json\/wp\/v2\/posts"}],"about":[{"href":"https:\/\/imagazine.it\/home_desk\/wp-json\/wp\/v2\/types\/post"}],"author":[{"embeddable":true,"href":"https:\/\/imagazine.it\/home_desk\/wp-json\/wp\/v2\/users\/28"}],"replies":[{"embeddable":true,"href":"https:\/\/imagazine.it\/home_desk\/wp-json\/wp\/v2\/comments?post=27099"}],"version-history":[{"count":0,"href":"https:\/\/imagazine.it\/home_desk\/wp-json\/wp\/v2\/posts\/27099\/revisions"}],"wp:featuredmedia":[{"embeddable":true,"href":"https:\/\/imagazine.it\/home_desk\/wp-json\/wp\/v2\/media\/27100"}],"wp:attachment":[{"href":"https:\/\/imagazine.it\/home_desk\/wp-json\/wp\/v2\/media?parent=27099"}],"wp:term":[{"taxonomy":"category","embeddable":true,"href":"https:\/\/imagazine.it\/home_desk\/wp-json\/wp\/v2\/categories?post=27099"},{"taxonomy":"post_tag","embeddable":true,"href":"https:\/\/imagazine.it\/home_desk\/wp-json\/wp\/v2\/tags?post=27099"}],"curies":[{"name":"wp","href":"https:\/\/api.w.org\/{rel}","templated":true}]}}