{"id":27095,"date":"2018-08-06T00:00:00","date_gmt":"2018-08-05T23:00:00","guid":{"rendered":"https:\/\/imagazine.it\/?p=27095"},"modified":"2018-08-06T00:00:00","modified_gmt":"2018-08-05T23:00:00","slug":"monfalcone-dal-nuovo-mondo-al-novecento","status":"publish","type":"post","link":"https:\/\/imagazine.it\/home_desk\/monfalcone-dal-nuovo-mondo-al-novecento\/","title":{"rendered":"Monfalcone, dal &#8220;nuovo mondo&#8221; al Novecento"},"content":{"rendered":"<p>Prime anticipazioni per la nuova stagione di musica e prosa del Teatro Comunale di Monfalcone.<\/p>\n<p>Sar\u00e0 la\u00a0<strong>Mitteleuropa Orchestra, affiancata da Giuseppe Albanese<\/strong>, fra i pianisti pi\u00f9 richiesti della sua generazione, ad aprire, venerd\u00ec 12 ottobre, il cartellone dei concerti. In programma il solenne\u00a0<em>Quinto Concerto per pianoforte e orchestra, \u201cImperatore\u201d<\/em>, di Beethoven e la pi\u00f9 popolare delle opere di Anton\u00edn Dvor\u00e1k, la\u00a0<em>Sinfonia \u201cDal Nuovo Mondo\u201d<\/em>, composta durante la sua permanenza a New York, che intreccia le sonorit\u00e0 dell\u2019America del XIX secolo ai \u201cricordi\u201d della sua terra. Di richiamo anche l&#39;appuntamento con l&#39;<strong>Odessa Philharmonic Orchestra e il violoncellista Alexey Stadler<\/strong>, che propongono pagine di \u0160ostakovic e Beethoven.<\/p>\n<p>Fra gli appuntamenti di \u201c\u2019900&#038;oltre\u201d, il ciclo dedicato alla musica del Novecento e contemporanea, spicca il concerto che vede protagonisti\u00a0<strong>Gino Paoli e\u00a0Danilo\u00a0Rea<\/strong>: uno spettacolo all\u2019insegna dell\u2019improvvisazione, in cui il grande cantautore reinterpreta i suoi successi in chiave jazz, affiancato dal pianista che pi\u00f9 ha segnato la scena jazz negli ultimi decenni.<\/p>\n<p>Ed \u00e8 nel segno del jazz anche la chiusura del cartellone: il 30 aprile 2019 approder\u00e0 infatti al Comunale\u00a0<strong>l&#39;Uri Caine Trio<\/strong>\u00a0(<strong>Uri Caine<\/strong> al pianoforte, <strong>Mark Helias<\/strong> al contrabbasso e <strong>Clarence Penn<\/strong> alla batteria). Non c&#39;\u00e8 modo migliore per festeggiare l\u2019International Jazz Day, giornata proclamata dall\u2019Unesco con l\u2019intento di celebrare la forza della musica jazz come simbolo di unione, pace e dialogo fra i popoli.<\/p>\n<p>L\u2019inaugurazione della stagione di prosa, i giorni 24 e 25 ottobre, \u00e8 affidata a due &#8220;vecchie volpi del palcoscenico&#8221;,\u00a0<strong>Massimo Lopez e Tullio Solenghi<\/strong>, che nel loro show, affiancati dall&#39;orchestra Jazz Company, propongono una pirotecnica carrellata di voci, imitazioni, sketch, performance musicali e improvvisazioni, con un emozionante omaggio ad Anna Marchesini. Ma il teatro e la musica si incontrano anche in chiusura di cartellone (26 e 27 marzo 2019), quando gli\u00a0<strong>Oblivion<\/strong> proporranno il loro musical comico\u00a0<strong><em>La Bibbia riveduta e scorretta<\/em><\/strong>.<\/p>\n<p>Fra i classici spicca il brillante\u00a0<strong><em>L\u2019importanza di chiamarsi Ernesto<\/em>, di Oscar Wilde, nell\u2019allestimento del Teatro dell\u2019Elfo<\/strong>, in cui la caustica ironia dell\u2019autore irlandese si tinge dei colori presi in prestito ai cartoon e all&#39;immaginario pop. E fra gli appuntamenti di \u201cAltroTeatro\u201d, la rassegna dedicata ai diversi linguaggi scenici, che spazier\u00e0 dalla musica al <em>nouveau cirque<\/em>, un vero e proprio cult del teatro di narrazione. A celebrare i 25 anni dal debutto, infatti, torna\u00a0<strong><em>Novecento<\/em>, il monologo di Alessandro Baricco interpretato da Eugenio Allegri<\/strong>, messo in scena dal Teatro Stabile di Torino. Il transatlantico Virginian riprende dunque il suo viaggio, e il Teatro di Monfalcone insieme a lui.<\/p>\n<p>Fra le\u00a0<strong>informazioni utili per il viaggio<\/strong>\u00a0troviamo la possibilit\u00e0, per chi si abbona al cartellone dei concerti, di scegliere fra tre formule: musica (10 concerti), rassegna &#8220;ControCanto&#8221; (6 concerti) e musica plus (15 concerti). Ma anche le promozioni riservate a scuole di musica, teatro e danza o la riduzione del 50% sul biglietto dei concerti per chi ha gi\u00e0 acquistato un biglietto della stagione, nonch\u00e9 le tariffe agevolate riservate alle fasce di pubblico economicamente pi\u00f9 deboli.<\/p>\n<p>Tornano infine \u201cDentro la scena\u201d, il progetto di educazione al teatro e alla musica dedicato alle scuole, e \u201cDietro le quinte\u201d, la rassegna di incontri con il pubblico ad anticipare tutti gli appuntamenti della stagione, organizzati insieme all\u2019Associazione \u201cPer il Teatro di Monfalcone\u201d.<\/p>\n<p><strong>La campagna abbonamenti ha inizio sabato 8 settembre.<\/strong><\/p>\n","protected":false},"excerpt":{"rendered":"<p>La stagione del Teatro Comunale<\/p>\n","protected":false},"author":28,"featured_media":27096,"comment_status":"closed","ping_status":"closed","sticky":false,"template":"","format":"standard","meta":{"dwc-title":[],"dwc-content":[],"footnotes":""},"categories":[37],"tags":[],"class_list":["post-27095","post","type-post","status-publish","format-standard","has-post-thumbnail","hentry","category-cultura-e-spettacolo"],"rttpg_featured_image_url":{"full":["https:\/\/imagazine.it\/wp-content\/uploads\/2024\/01\/26398-1.webp",750,493,false],"landscape":["https:\/\/imagazine.it\/wp-content\/uploads\/2024\/01\/26398-1.webp",750,493,false],"portraits":["https:\/\/imagazine.it\/wp-content\/uploads\/2024\/01\/26398-1.webp",750,493,false],"thumbnail":["https:\/\/imagazine.it\/wp-content\/uploads\/2024\/01\/26398-1-150x150.webp",150,150,true],"medium":["https:\/\/imagazine.it\/wp-content\/uploads\/2024\/01\/26398-1-300x197.webp",300,197,true],"large":["https:\/\/imagazine.it\/wp-content\/uploads\/2024\/01\/26398-1.webp",640,421,false],"thumblist":["https:\/\/imagazine.it\/wp-content\/uploads\/2024\/01\/26398-1.webp",300,197,false],"thumbrelated":["https:\/\/imagazine.it\/wp-content\/uploads\/2024\/01\/26398-1.webp",500,329,false],"meccarouselthumb":["https:\/\/imagazine.it\/wp-content\/uploads\/2024\/01\/26398-1.webp",474,312,false],"gridsquare":["https:\/\/imagazine.it\/wp-content\/uploads\/2024\/01\/26398-1.webp",391,257,false],"tileview":["https:\/\/imagazine.it\/wp-content\/uploads\/2024\/01\/26398-1.webp",300,197,false],"1536x1536":["https:\/\/imagazine.it\/wp-content\/uploads\/2024\/01\/26398-1.webp",750,493,false],"2048x2048":["https:\/\/imagazine.it\/wp-content\/uploads\/2024\/01\/26398-1.webp",750,493,false],"newsup-slider-full":["https:\/\/imagazine.it\/wp-content\/uploads\/2024\/01\/26398-1.webp",750,493,false],"newsup-featured":["https:\/\/imagazine.it\/wp-content\/uploads\/2024\/01\/26398-1.webp",750,493,false],"newsup-medium":["https:\/\/imagazine.it\/wp-content\/uploads\/2024\/01\/26398-1-720x380.webp",720,380,true],"tptn_thumbnail":["https:\/\/imagazine.it\/wp-content\/uploads\/2024\/01\/26398-1.webp",250,164,false],"sow-carousel-default":["https:\/\/imagazine.it\/wp-content\/uploads\/2024\/01\/26398-1-272x182.webp",272,182,true]},"rttpg_author":{"display_name":"redazione","author_link":"https:\/\/imagazine.it\/home_desk\/author\/redazione\/"},"rttpg_comment":0,"rttpg_category":"<a href=\"https:\/\/imagazine.it\/home_desk\/category\/cultura-e-spettacolo\/\" rel=\"category tag\">CULTURA&amp;SPETTACOLO<\/a>","rttpg_excerpt":"La stagione del Teatro Comunale","_links":{"self":[{"href":"https:\/\/imagazine.it\/home_desk\/wp-json\/wp\/v2\/posts\/27095","targetHints":{"allow":["GET"]}}],"collection":[{"href":"https:\/\/imagazine.it\/home_desk\/wp-json\/wp\/v2\/posts"}],"about":[{"href":"https:\/\/imagazine.it\/home_desk\/wp-json\/wp\/v2\/types\/post"}],"author":[{"embeddable":true,"href":"https:\/\/imagazine.it\/home_desk\/wp-json\/wp\/v2\/users\/28"}],"replies":[{"embeddable":true,"href":"https:\/\/imagazine.it\/home_desk\/wp-json\/wp\/v2\/comments?post=27095"}],"version-history":[{"count":0,"href":"https:\/\/imagazine.it\/home_desk\/wp-json\/wp\/v2\/posts\/27095\/revisions"}],"wp:featuredmedia":[{"embeddable":true,"href":"https:\/\/imagazine.it\/home_desk\/wp-json\/wp\/v2\/media\/27096"}],"wp:attachment":[{"href":"https:\/\/imagazine.it\/home_desk\/wp-json\/wp\/v2\/media?parent=27095"}],"wp:term":[{"taxonomy":"category","embeddable":true,"href":"https:\/\/imagazine.it\/home_desk\/wp-json\/wp\/v2\/categories?post=27095"},{"taxonomy":"post_tag","embeddable":true,"href":"https:\/\/imagazine.it\/home_desk\/wp-json\/wp\/v2\/tags?post=27095"}],"curies":[{"name":"wp","href":"https:\/\/api.w.org\/{rel}","templated":true}]}}