{"id":27091,"date":"2018-08-06T00:00:00","date_gmt":"2018-08-05T23:00:00","guid":{"rendered":"https:\/\/imagazine.it\/?p=27091"},"modified":"2018-08-06T00:00:00","modified_gmt":"2018-08-05T23:00:00","slug":"musica-inedita-a-grado-la-finale-di-play","status":"publish","type":"post","link":"https:\/\/imagazine.it\/home_desk\/musica-inedita-a-grado-la-finale-di-play\/","title":{"rendered":"Musica inedita, a Grado la finale di &#8220;Play!&#8221;"},"content":{"rendered":"<p>Selezionati i sei finalisti per PLAY!, il concorso musicale organizzato da Homepage Festival e The Groove Factory rivolto a gruppi e singoli che propongono musica inedita: sono ARTICA, J_A_N, CE SCIP, REVEERS, MIROIRS e ALMANECER. La serata finale marted\u00ec 14 agosto al Sun&#038;Sounds Festival di Grado: sul palco in Diga Nazario Sauro alle 21.30 con ingresso libero, le sei giovani band finaliste si esibiranno live e sar\u00e0 decretata la migliore da una giuria artistica.<\/p>\n<p>Gli <strong>ARTICA<\/strong> nascono nel 2017 da un\u2019idea di <strong>Stefano Tanzariello<\/strong> (voce e chitarra), <strong>Alessio Marocco<\/strong> (basso) e <strong>Riccardo Zamolo<\/strong> (batteria). Accomunati dalla passione comune per gli Oasis, nel 2015 formano la tribute band Maine Road, ma la voglia di lavorare ad un proprio repertorio in stile brit-pop ispirato alla band di Manchester li porta ad abbandonare la strada delle cover per proporre brani inediti.<\/p>\n<p><strong>J_A_N<\/strong> \u00e8 nuova band di 3 ragazzi triestini \u2013 <strong>Jody, Nikolas e Alessandro<\/strong>\u00a0 \u2013 nata nella scena underground di Berlino. JAN aspira a portare un nuovo sound nel grunge moderno, partendo dallo stile musicale di band come i Nirvana per poi trasformarlo con melodie uniche e effetti elettronici. Questa ricerca di variet\u00e0 armonica ha prodotto i pezzi originali che JAN presenter\u00e0 al Play Homepage di Grado di quest\u2019anno.<\/p>\n<p>I <strong>CE SCIP<\/strong> sono una band alternative rock nata nel febbraio 2017 a partire da un\u2019iniziativa del cantante <strong>Francesco Valle<\/strong>, che desiderava trovare un gruppo con cui esibirsi dal vivo. A partire da quell\u2019inverno lui e gli altri quattro membri \u2013 <strong>Didier<\/strong> alla chitarra, <strong>Gabriele<\/strong> al basso e i due <strong>Matteo<\/strong> tra tastiera e batteria \u2013 si sono trovati regolarmente in sala prove per unire l\u2019abilit\u00e0 nella stesura dei testi di Francesco con la musicalit\u00e0 degli altri, che gi\u00e0 suonavano insieme da qualche anno.<\/p>\n<p>I <strong>REVEERS<\/strong> si formano nell\u2019estate 2015, trovandosi per improvvisare facendo jam e, dopo qualche mese, decidono di iniziare a scrivere brani propri. Progredendo nella scrittura di canzoni si delinea un suono e una filosofia pi\u00f9 elaborata e differente dagli esordi. I vari brani nascono da improvvisazioni per poi essere levigati successivamente da tutti i componenti, in alcuni casi attraverso interscambi di strumenti per dare diverse atmosfere alle composizioni. La band \u00e8 costituita da <strong>Fabio Tomada <\/strong>alla chitarra elettrica, <strong>Ismaele Marangone <\/strong>alle tastiere e voce, occasionalmente al basso, <strong>Elia Amedeo Martina<\/strong> al basso e chitarra acustica e <strong>Giulio Ghirardini<\/strong> alla batteria, voce e percussioni.<\/p>\n<p>I <strong>MIROIRS<\/strong> sono nati a fine 2017 e uniscono sonorit\u00e0 rock moderno con elettronica, arrangiamenti pop uniti a feel molto dark, emo. Il primo album \u00e8 uscito a marzo 2018, &#39;M O O D&#39; si pu\u00f2 trovare su ogni piattaforma online.<\/p>\n<p><strong>ALMANECER<\/strong>: <strong>Matteo Pikiz<\/strong>, in arte Almanecer, nato a Trieste e vissuto tra Friuli e Veneto, \u00e8 studente universitario e cantautore emergente. A 5 anni tocca un pianoforte per la prima volta, a 18 una chitarra vecchia e scordata per poi non lasciarla pi\u00f9. Dal 2016 inizia a scrivere poesie e in seguito canzoni, dal 2017 inizia il suo viaggio musicale per poi esordire al pubblico a marzo con il suo primo singolo \u2018Soli\u2019. A breve uscir\u00e0 il suo secondo singolo.<\/p>\n<p>Play!, alla sua terza edizione, nasce dallo spirito delle due realt\u00e0 organizzatrici Homepage Festival e The Groove Factory \u2013 che hanno come punti fermi dei loro programmi l\u2019aggregazione giovanile e la musica \u2013 come possibilit\u00e0 per musicisti emergenti di esprimersi nel contesto di un progetto serio e attento, che sar\u00e0 occasione di crescita e visibilit\u00e0. Il primo classificato vincer\u00e0 la registrazione di un singolo negli studi della The Groove Factory di Udine <em>e <\/em>un servizio fotografico professionale, per un valore stimato di 600 euro.<\/p>\n","protected":false},"excerpt":{"rendered":"<p>Marted\u00ec 14 agosto<\/p>\n","protected":false},"author":28,"featured_media":27092,"comment_status":"closed","ping_status":"closed","sticky":false,"template":"","format":"standard","meta":{"dwc-title":[],"dwc-content":[],"footnotes":""},"categories":[37],"tags":[],"class_list":["post-27091","post","type-post","status-publish","format-standard","has-post-thumbnail","hentry","category-cultura-e-spettacolo"],"rttpg_featured_image_url":{"full":["https:\/\/imagazine.it\/wp-content\/uploads\/2024\/01\/26392-1.webp",750,514,false],"landscape":["https:\/\/imagazine.it\/wp-content\/uploads\/2024\/01\/26392-1.webp",750,514,false],"portraits":["https:\/\/imagazine.it\/wp-content\/uploads\/2024\/01\/26392-1.webp",750,514,false],"thumbnail":["https:\/\/imagazine.it\/wp-content\/uploads\/2024\/01\/26392-1-150x150.webp",150,150,true],"medium":["https:\/\/imagazine.it\/wp-content\/uploads\/2024\/01\/26392-1-300x206.webp",300,206,true],"large":["https:\/\/imagazine.it\/wp-content\/uploads\/2024\/01\/26392-1.webp",640,439,false],"thumblist":["https:\/\/imagazine.it\/wp-content\/uploads\/2024\/01\/26392-1.webp",300,206,false],"thumbrelated":["https:\/\/imagazine.it\/wp-content\/uploads\/2024\/01\/26392-1.webp",500,343,false],"meccarouselthumb":["https:\/\/imagazine.it\/wp-content\/uploads\/2024\/01\/26392-1.webp",474,324,false],"gridsquare":["https:\/\/imagazine.it\/wp-content\/uploads\/2024\/01\/26392-1.webp",379,260,false],"tileview":["https:\/\/imagazine.it\/wp-content\/uploads\/2024\/01\/26392-1.webp",300,206,false],"1536x1536":["https:\/\/imagazine.it\/wp-content\/uploads\/2024\/01\/26392-1.webp",750,514,false],"2048x2048":["https:\/\/imagazine.it\/wp-content\/uploads\/2024\/01\/26392-1.webp",750,514,false],"newsup-slider-full":["https:\/\/imagazine.it\/wp-content\/uploads\/2024\/01\/26392-1.webp",750,514,false],"newsup-featured":["https:\/\/imagazine.it\/wp-content\/uploads\/2024\/01\/26392-1.webp",750,514,false],"newsup-medium":["https:\/\/imagazine.it\/wp-content\/uploads\/2024\/01\/26392-1-720x380.webp",720,380,true],"tptn_thumbnail":["https:\/\/imagazine.it\/wp-content\/uploads\/2024\/01\/26392-1.webp",250,171,false],"sow-carousel-default":["https:\/\/imagazine.it\/wp-content\/uploads\/2024\/01\/26392-1-272x182.webp",272,182,true]},"rttpg_author":{"display_name":"redazione","author_link":"https:\/\/imagazine.it\/home_desk\/author\/redazione\/"},"rttpg_comment":0,"rttpg_category":"<a href=\"https:\/\/imagazine.it\/home_desk\/category\/cultura-e-spettacolo\/\" rel=\"category tag\">CULTURA&amp;SPETTACOLO<\/a>","rttpg_excerpt":"Marted\u00ec 14 agosto","_links":{"self":[{"href":"https:\/\/imagazine.it\/home_desk\/wp-json\/wp\/v2\/posts\/27091","targetHints":{"allow":["GET"]}}],"collection":[{"href":"https:\/\/imagazine.it\/home_desk\/wp-json\/wp\/v2\/posts"}],"about":[{"href":"https:\/\/imagazine.it\/home_desk\/wp-json\/wp\/v2\/types\/post"}],"author":[{"embeddable":true,"href":"https:\/\/imagazine.it\/home_desk\/wp-json\/wp\/v2\/users\/28"}],"replies":[{"embeddable":true,"href":"https:\/\/imagazine.it\/home_desk\/wp-json\/wp\/v2\/comments?post=27091"}],"version-history":[{"count":0,"href":"https:\/\/imagazine.it\/home_desk\/wp-json\/wp\/v2\/posts\/27091\/revisions"}],"wp:featuredmedia":[{"embeddable":true,"href":"https:\/\/imagazine.it\/home_desk\/wp-json\/wp\/v2\/media\/27092"}],"wp:attachment":[{"href":"https:\/\/imagazine.it\/home_desk\/wp-json\/wp\/v2\/media?parent=27091"}],"wp:term":[{"taxonomy":"category","embeddable":true,"href":"https:\/\/imagazine.it\/home_desk\/wp-json\/wp\/v2\/categories?post=27091"},{"taxonomy":"post_tag","embeddable":true,"href":"https:\/\/imagazine.it\/home_desk\/wp-json\/wp\/v2\/tags?post=27091"}],"curies":[{"name":"wp","href":"https:\/\/api.w.org\/{rel}","templated":true}]}}