{"id":27079,"date":"2018-08-03T00:00:00","date_gmt":"2018-08-02T23:00:00","guid":{"rendered":"https:\/\/imagazine.it\/?p=27079"},"modified":"2018-08-03T00:00:00","modified_gmt":"2018-08-02T23:00:00","slug":"palmanova-strade-interne-a-totale-gestione-comunale","status":"publish","type":"post","link":"https:\/\/imagazine.it\/home_desk\/palmanova-strade-interne-a-totale-gestione-comunale\/","title":{"rendered":"Palmanova, strade interne a totale gestione comunale?"},"content":{"rendered":"<p>\u201cA giugno abbiamo inviato una prima lettera, ora formalizziamo la richiesta all\u2019assessorato regionale a infrastrutture e territorio. Chiediamo che le vie d\u2019ingresso alla Fortezza attraverso le porte e il terzo anello diventino di propriet\u00e0 e gestione del Comune di Palmanova, mentre due vie periferiche come via Mazzini (in zona industriale) e via Matteotti diventino regionali. Cos\u00ec facendo tutte le strade interne alle mura diventeranno comunali mentre quelle esterne \u00e8 pi\u00f9 coerente che vengano gestite dall\u2019ente regionale\u201d: cos\u00ec il sindaco di Palmanova\u00a0<strong>Francesco Martines<\/strong>\u00a0spiega la delibera approvata marted\u00ec in Consiglio Comunale.<\/p>\n<p>Con l\u2019accoglimento di questa richiesta, motiva l\u2019amministrazione comunale, il traffico di passaggio verrebbe spostato all\u2019esterno della cinta fortificata che di conseguenza beneficerebbe esclusivamente del flusso locale e turistico. Il traffico pesante commerciale troverebbe, soprattutto per quanto riguarda via Mazzini, una percorribilit\u00e0 semplificata e adeguata ai camion che l\u2019attraversano.<\/p>\n<p>Il Centro Storico di Palmanova \u00e8 attualmente attraversato dalla strada regionale 352 e dalla 252. I tratti che vanno da viale San Marco a viale Taglio, attraverso Borgo Udine, via Pisani, via Loredan e Borgo Aquileia (SR 352) e da via Lion a Contrada Garzoni attraverso via Cavour (SR 252) hanno caratteristiche viarie prettamente urbane, con molti passaggi pedonali e un traffico in maggioranza di tipo locale.<\/p>\n<p>Via Mazzini \u00e8, ad ora, strada comunale. Si trova in zona industriale, parallela alla linea ferroviaria Cervignano-Palmanova. \u201cIl prossimo anno \u2013 aggiunge Martines \u2013 sar\u00e0 interessata dalla costruzione del sottopasso ferroviario di San Marco. Inserendola in maniera coerente all\u2019interno del progetto complessivo di riqualificazione, potrebbe rappresentare la circonvallazione ovest al centro storico e un collegamento tra la SR352 e la SR252 di Palmanova e l\u2019ex strada provinciale 71. Via Matteotti, anch\u2019essa strada comunale, potrebbe rappresentare la circonvallazione est al centro storico e un collegamento tra la SR352 con la SR252 di Palmanova e le ex strade provinciali 50 e 33\u201d.<\/p>\n","protected":false},"excerpt":{"rendered":"<p>Avanzata proposta a FVG Strade<\/p>\n","protected":false},"author":28,"featured_media":27080,"comment_status":"closed","ping_status":"closed","sticky":false,"template":"","format":"standard","meta":{"dwc-title":[],"dwc-content":[],"footnotes":""},"categories":[5],"tags":[],"class_list":["post-27079","post","type-post","status-publish","format-standard","has-post-thumbnail","hentry","category-attualita"],"rttpg_featured_image_url":{"full":["https:\/\/imagazine.it\/wp-content\/uploads\/2024\/01\/26361-1.webp",750,452,false],"landscape":["https:\/\/imagazine.it\/wp-content\/uploads\/2024\/01\/26361-1.webp",750,452,false],"portraits":["https:\/\/imagazine.it\/wp-content\/uploads\/2024\/01\/26361-1.webp",750,452,false],"thumbnail":["https:\/\/imagazine.it\/wp-content\/uploads\/2024\/01\/26361-1-150x150.webp",150,150,true],"medium":["https:\/\/imagazine.it\/wp-content\/uploads\/2024\/01\/26361-1-300x181.webp",300,181,true],"large":["https:\/\/imagazine.it\/wp-content\/uploads\/2024\/01\/26361-1.webp",640,386,false],"thumblist":["https:\/\/imagazine.it\/wp-content\/uploads\/2024\/01\/26361-1.webp",300,181,false],"thumbrelated":["https:\/\/imagazine.it\/wp-content\/uploads\/2024\/01\/26361-1.webp",500,301,false],"meccarouselthumb":["https:\/\/imagazine.it\/wp-content\/uploads\/2024\/01\/26361-1.webp",474,286,false],"gridsquare":["https:\/\/imagazine.it\/wp-content\/uploads\/2024\/01\/26361-1.webp",391,236,false],"tileview":["https:\/\/imagazine.it\/wp-content\/uploads\/2024\/01\/26361-1.webp",300,181,false],"1536x1536":["https:\/\/imagazine.it\/wp-content\/uploads\/2024\/01\/26361-1.webp",750,452,false],"2048x2048":["https:\/\/imagazine.it\/wp-content\/uploads\/2024\/01\/26361-1.webp",750,452,false],"newsup-slider-full":["https:\/\/imagazine.it\/wp-content\/uploads\/2024\/01\/26361-1.webp",750,452,false],"newsup-featured":["https:\/\/imagazine.it\/wp-content\/uploads\/2024\/01\/26361-1.webp",750,452,false],"newsup-medium":["https:\/\/imagazine.it\/wp-content\/uploads\/2024\/01\/26361-1-720x380.webp",720,380,true],"tptn_thumbnail":["https:\/\/imagazine.it\/wp-content\/uploads\/2024\/01\/26361-1.webp",250,151,false],"sow-carousel-default":["https:\/\/imagazine.it\/wp-content\/uploads\/2024\/01\/26361-1-272x182.webp",272,182,true]},"rttpg_author":{"display_name":"redazione","author_link":"https:\/\/imagazine.it\/home_desk\/author\/redazione\/"},"rttpg_comment":0,"rttpg_category":"<a href=\"https:\/\/imagazine.it\/home_desk\/category\/attualita\/\" rel=\"category tag\">ATTUALIT\u00c0<\/a>","rttpg_excerpt":"Avanzata proposta a FVG Strade","_links":{"self":[{"href":"https:\/\/imagazine.it\/home_desk\/wp-json\/wp\/v2\/posts\/27079","targetHints":{"allow":["GET"]}}],"collection":[{"href":"https:\/\/imagazine.it\/home_desk\/wp-json\/wp\/v2\/posts"}],"about":[{"href":"https:\/\/imagazine.it\/home_desk\/wp-json\/wp\/v2\/types\/post"}],"author":[{"embeddable":true,"href":"https:\/\/imagazine.it\/home_desk\/wp-json\/wp\/v2\/users\/28"}],"replies":[{"embeddable":true,"href":"https:\/\/imagazine.it\/home_desk\/wp-json\/wp\/v2\/comments?post=27079"}],"version-history":[{"count":0,"href":"https:\/\/imagazine.it\/home_desk\/wp-json\/wp\/v2\/posts\/27079\/revisions"}],"wp:featuredmedia":[{"embeddable":true,"href":"https:\/\/imagazine.it\/home_desk\/wp-json\/wp\/v2\/media\/27080"}],"wp:attachment":[{"href":"https:\/\/imagazine.it\/home_desk\/wp-json\/wp\/v2\/media?parent=27079"}],"wp:term":[{"taxonomy":"category","embeddable":true,"href":"https:\/\/imagazine.it\/home_desk\/wp-json\/wp\/v2\/categories?post=27079"},{"taxonomy":"post_tag","embeddable":true,"href":"https:\/\/imagazine.it\/home_desk\/wp-json\/wp\/v2\/tags?post=27079"}],"curies":[{"name":"wp","href":"https:\/\/api.w.org\/{rel}","templated":true}]}}