{"id":27069,"date":"2018-08-02T00:00:00","date_gmt":"2018-08-01T23:00:00","guid":{"rendered":"https:\/\/imagazine.it\/?p=27069"},"modified":"2018-08-02T00:00:00","modified_gmt":"2018-08-01T23:00:00","slug":"pordenonelegge-ecco-il-programma-ufficiale","status":"publish","type":"post","link":"https:\/\/imagazine.it\/home_desk\/pordenonelegge-ecco-il-programma-ufficiale\/","title":{"rendered":"Pordenonelegge, ecco il programma ufficiale"},"content":{"rendered":"<p>Da oggi \u00e8 online il programma con tutti gli appuntamenti di <em>pordenonelegge 2018<\/em>. Sono 58 le anteprime italiane e internazionali a cominciare da\u00a0<strong>Arturo Perez Reverte<\/strong>, maestro del romanzo storico, che ha scelto il festival per presentare in\u00a0<strong>Italia\u00a0<\/strong>\u201c<strong>L\u2019ultima carta \u00e8 la morte<\/strong>\u201d, il nuovo libro edito Rizzoli in uscita l\u201911 settembre: sar\u00e0 un incontro esclusivo, perch\u00e9 il grande narratore far\u00e0 tappa solo a Pordenone, venerd\u00ec 21 settembre (ore 18, Teatro Verdi) con l\u2019ultimo noir che vede protagonista l\u2019agente Lorenzo Falc\u00f2 in uno dei momenti pi\u00f9 bui della storia europea, la Guerra civile spagnola.\u00a0<\/p>\n<p>E con<strong> Perez Reverte<\/strong> alla 19^ edizione di pordenonelegge, dal 19 al 23 settembre si daranno appuntamento per le loro presentazioni oltre 600 autori di case editrici nazionali e internazionali, che affolleranno oltre 40 location cittadine. Il\u00a0programma, promosso da Fondazione Pordenonelegge.it e curato da <strong>Gian Mario Villalta <\/strong>(direttore artistico),<strong> <\/strong><strong>Alberto Garlini <\/strong>e <strong>Valentina Gasparet<\/strong>, \u00e8\u00a0da oggi consultabile giorno per giorno e autore per autore, sul sito\u00a0<u><a href=\"http:\/\/www.pordenonelegge.it\/\" target=\"_blank\" rel=\"noopener\">www.pordenonelegge.it<\/a><\/u>.<\/p>\n<p><strong>Spiccano le anteprime per gli autori stranieri: a cominciare da <\/strong><strong>Jeffery Deaver<\/strong> di cui uscir\u00e0 il 4 settembre il nuovo giallo, \u201c<strong>Il taglio di Dio<\/strong>\u201d (Rizzoli), un thriller tagliente e una caccia al killer nell\u2019iridato mondo delle gemme preziose. L\u2019autore sar\u00e0 a pordenonelegge sabato 22 settembre, alle 16 in piazza San Marco. \u201c<strong>Sono corso verso il Nilo<\/strong>\u201d (Feltrinelli) titola invece l\u2019ultima prova d\u2019autore di <strong>Ala Al-Aswani<\/strong>, il romanziere egiziano che ha partecipato attivamente alla Rivoluzione del suo Paese nel 2011 e che, a pordenonelegge, riporter\u00e0 il pubblico in piazza Tahir con un romanzo \u2013 denuncia sul ruolo dei servizi segreti contro le rivolte.<\/p>\n<p>Con \u201c<strong>Asimmetria<\/strong>\u201d (Feltrinelli) <strong>Lisa Halliday<\/strong> firma il suo romanzo d\u2019esordio e consegna ai lettori, in filigrana, un plot dal sapore autobiografico, schiudendo in filigrana l\u2019incontro con Philip Roth, giovanissima, e la loro \u201casimmetrica\u201d storia d\u2019amore. Ma non \u00e8 questa l\u2019unica asimmetria del romanzo, in libreria dal 30 agosto\u2026\u00a0\u00a0\u00a0 Due grandi novit\u00e0 di questi mesi saranno per la prima volta raccontate al pubblico italiano: <strong>Robert Harris<\/strong>, Premio Cr\u00e9dit Agricole FriulAdria \u201cLa storia in un romanzo\u201d 2018, terr\u00e0 sabato 22 settembre la sua lezione fra storia e letteratura intorno a \u201c<strong>Monaco<\/strong>\u201d, l\u2019avvincente giallo storico che ruota intorno alle decisioni del 1938 quando Neville Chamberlain \u201crub\u00f2\u201d a Hitler un anno di tempo, quello necessario a rimettere in piedi l\u2019esercito britannico per fermare il Fuhrer e vincere la Seconda guerra mondiale. E <strong>David Litt<\/strong>, a soli 24 anni incaricato di scrivere i discorsi di Obama, racconter\u00e0 l\u2019esperienza dei suoi 8 anni al fianco del presidente, ripercorsa nel libro \u201c<strong>Grazie, Obama. I miei anni alla Casa Bianca\u201d<\/strong> (HarperCollins). Sempre nel segno dell\u2019attualit\u00e0 pordenonelegge ripercorre l\u2019esperienza di Mons.<strong> Paul Hinder<\/strong>, avamposto cattolico in terra d\u2019Arabia: per la prima volta racconter\u00e0 al pubblico il suo apostolato nel cuore dell\u2019Islam, affidato alle pagine della pubblicazione EMI \u201c<strong>Vescovo in Arabia<\/strong>\u201d.<\/p>\n<p>Due pluripremiati autori anglo-indiani esordiranno in Italia presentandosi a pordenonelegge: <strong>Sunjeev Sahota <\/strong>con \u201c<strong>L\u2019anno dei fuggiaschi<\/strong>\u201d (Chiarelettere) spiega cosa significa essere un immigrato illegale, condannato a una fuga continua. E <strong>Abir Mukherjee<\/strong> con \u201c<strong>L\u2019uomo di Calcutta<\/strong>\u201d (SEM Libri) coinvolge in un romanzo appassionante e vivido, sullo sfondo di un\u2019India appassionante.<\/p>\n<p>Tre grandi voci della letteratura spagnola contemporanea fanno tappa a pordenonelegge: <strong>Juan Francisco Ferrandiz<\/strong>, gi\u00e0 incoronato come l\u2019\u201cerede\u201d di Ildefonso Falcones, conduce ne \u201c<strong>La terra maledetta<\/strong>\u201d (Longanesi), il romanzo che racconta la nascita di una citt\u00e0, Barcellona, nel IX secolo come il Far West. <strong>Andr\u00e9s Barba<\/strong>, autore prediletto da Vargas Llosa, firma per La Nave di Teseo \u201c<strong>Repubblica luminosa<\/strong>\u201d, il romanzo in fase di traduzione in 18 Paesi che si misura con \u201cl\u2019altro\u201d: 32 bambini aggressivi, indomabili e incomprensibili. Mentre <strong>Javier Sierra<\/strong>, autore del best seller pi\u00f9 venduto queste settimane in Spagna, per la prima volta presenta in Italia il suo \u201c<strong>Fuoco invisibile<\/strong>\u201d, Premio Planeta 2017, in uscita per DeA Planeta Libri.<\/p>\n<p>Fra gli autori stranieri in anteprima spicca anche <strong>Prabda Yoon<\/strong>: regista, editore, traduttore e grafico, oltre che scrittore, con il libro &#8220;<strong>Feste in lacrime<\/strong>&#8221; (ADD) che arriva in anteprima nazionale a pordenonelegge ha vinto il prestigioso S.E.A. Write Award nel 2002. <strong>Pierre Lemaitre<\/strong> \u00e8 atteso con \u201c<strong>I<\/strong> <strong>colori dell\u2019incendio<\/strong>\u201d, la seconda parte della trilogia del Novecento avviata con \u201cCi rivediamo lass\u00f9\u201d che ha venduto un milione di copie nel mondo ed \u00e8 stato tradotto in 26 lingue.<\/p>\n<p>Due autori balcanici presentano a pordenonelegge le loro anteprime, entrambi per Bottega Errante edizioni. Sono <strong>Miljenko Jergovic<\/strong>, al festival con \u201c<strong>Radio Wilimowski<\/strong>\u201d, una storia di padri e di figli sullo sfondo della storica partita in cui il polacco Ernest Wilimowski segno\u0300 quattro gol al Brasile; e <strong>Predrag Finci<\/strong>, che attraverso \u201c<strong>Il popolo del diluvio<\/strong>\u201d ripercorre il racconto della fuga da Sarajevo a Londra, doloroso distacco dalla terra d\u2019origine. L\u2019autrice statunitense <strong>Margaret George<\/strong> dopo il successo de \u201cIl re e il giullare\u201d torna con un nuovo romanzo storico, \u201c<strong>Nerone<\/strong>\u201d (Longanesi). Non una semplice ricostruzione della vita pubblica e privata dell\u2019imperatore romano, ma soprattutto lo sguardo sulla debolezza umana di fronte alla seduzione del potere. Con \u201c<strong>L\u2019amore al tempo degli scoiattoli<\/strong>\u201d (Marsilio) <strong>Elizabeth McKenzie<\/strong> ci consegna un esilarante psicodramma esistenziale, ambientato a Palo Alto, nella California degli wasp. E <strong>Bernie Mcgill<\/strong> affida a Bollati Boringhieri l\u2019anteprima italiana del suo romanzo \u201c<strong>Le parole nell\u2019aria<\/strong>\u201d, successo internazionale che \u201c<em>scrive della vita, dell&#39;amore e degli albori del telegrafo senza fili con lo sguardo limpido di un poeta\u201d. <\/em><\/p>\n<p><strong>Anche gli autori italiani troveranno a pordenonelegge uno spazio per le loro anteprime<\/strong>: il festival si apre mercoled\u00ec 19 settembre (Teatro Verdi, ore 18.30) con la dedica a <strong>Pierluigi Cappello<\/strong> e la presentazione in anteprima dell\u2019<strong>opera omnia <\/strong>del poeta friulano \u201c<strong>Un prato in pendio.\u00a0Tutte le poesie\u00a01992-2017<\/strong>\u201d, edita Rizzoli Libri, che includer\u00e0 anche alcune poesie inedite. <strong>Antonio Scurati<\/strong> con \u201c<strong>M. il figlio del secolo<\/strong>\u201d (Bompiani) torna ai lettori con un\u2019opera grandiosa e audace che ci porta a rivivere il viaggio attraverso il fascismo e la parabola di una nazione, le sue immense speranze e i suoi tragici errori. <strong>Marco Malvaldi<\/strong> attraverso \u201c<strong>Per ridere aggiungere acqua<\/strong>\u201d accompagna in un viaggio dalla teoria matematica della comunicazione all\u2019economia comportamentale, per rispondere \u2013 anche \u2013 alla domanda: \u00e8 possibile insegnare a un computer che stiamo scherzando? Per Mondadori <strong>Valerio Massimo Manfredi<\/strong> firma \u201c<strong>Quinto comandamento<\/strong>\u201d, il suo nuovo romanzo epico ispirato alla storia vera di un missionario guerrigliero. E sempre per Mondadori <strong>Aldo Cazzullo<\/strong> con \u201c<strong>Giuro che non avr\u00f2 pi\u00f9 fame<\/strong>\u201d porta a riscoprire l\u2019Italia del secondo dopoguerra, tutta da ricostruire \u2013 un po\u2019 come l\u2019Italia di oggi, dopo la crisi \u2013 ma con uno spirito ben diverso. Come recuperare l\u2019entusiasmo del 1948?<\/p>\n<p>Con \u201c<strong>L\u2019ombra del campione<\/strong>\u201d (Rizzoli Libri), una sofisticata commedia noir, <strong>Luca Crovi<\/strong> celebra una leggenda del giallo italiano \u2013 il commissario De Vincenzi \u2013 un grande campione \u2013 Giuseppe Meazza \u2013 e la Milano di fine anni Venti avvolta dalla \u201cscighera\u201d.\u00a0 Anche <strong>Andrea Vitali<\/strong> torna con il suo nuovo giallo, \u201c<strong>Gli ultimi passi del Sindacone<\/strong>\u201d (Garzanti), una dedica alla Bellano del dopoguerra e alla sua voglia di riscatto. <strong>Vittorino Andreoli<\/strong>, voce fra le pi\u00f9 note e autorevoli della psichiatria italiana, firma \u201c<strong>Homo stupidus stupidus<\/strong>\u201d (Rizzoli Libri), ricordando che la nostra civilt\u00e0 si lega a Platone, al dubbio, alla nascita dei concetti astratti che sono il fondamento per fare progetti, migliorare la vita sociale e scongiurare la lenta agonia in cui sta precipitando il nostro tempo.<\/p>\n<p>Un\u2019analisi sulla direzione che prender\u00e0 l\u2019Italia \u00e8 al centro del saggio che firmano <strong>Ilvo Diamanti<\/strong>, <strong>Fabio Bordignon<\/strong> e <strong>Luigi Ceccarini<\/strong>: \u201c<strong>Le divergenze parallele. L\u2019Italia dal voto devoto al voto liquido<\/strong>\u201d (Laterza) esplora due soggetti e due identit\u00e0 divergenti al Governo, che si muovono nella stessa direzione perch\u00e9 \u2018divergono\u2019 da nemici comuni, coesi nello sfidare la democrazia rappresentativa in nome della democrazia diretta e anzi \u201cimmediata\u201d. Anche <strong>Carlo Bonini<\/strong> accompagna con \u201cL<strong>\u2019isola assassina. La sfida di Daphne al cuore corrotto dell\u2019Europa<\/strong>\u201d (Feltrinelli) in un\u2019inchiesta sulle tracce della giornalista maltese Daphne Caruana Galizia, a caccia dei pirati dell\u2019economia che tutti fingono di non vedere. Mentre <strong>Emilio Gentile<\/strong> a cent\u2019anni dalla fine della Grande Guerra rilegge l\u2019ultimo secolo con \u201c<strong>1918. Il tramonto dell\u2019Europa<\/strong>\u201d (Garzanti). <strong>Raoul Pupo<\/strong> conduce a \u201c<strong>Fiume, citt\u00e0 di passione<\/strong>\u201d (Laterza) e con \u201c<strong>Angeli terribili<\/strong>\u201d (Garzanti), di <strong>Gianni Barbacetto<\/strong>, \u00e8 previsto un viaggio nella memoria divisa della Carnia, e del nostro Paese. Con <strong>Mauro Magatti<\/strong>, invece, si andr\u00e0 \u201c<strong>Oltre l\u2019infinito<\/strong>\u201d per una storia della potenza, dal sacro alla tecnica: per recuperare il senso della \u201cpossibilit\u00e0\u201d in ogni ambito della vita.<\/p>\n<p><strong>Uno sguardo anche alle novit\u00e0 di stagione proposte a pordenonelegge<\/strong>: libri in uscita a settembre per firme come <strong>Michela Murgia<\/strong> che per Marsilio inaugura la collana \u201cPassaparola\u201d con \u201c<strong>L\u2019inferno \u00e8 una buona memoria. Visioni da Le nebbie di Avalon di Marion Zimmer Bradley<\/strong>\u201d; come <strong>Carlo Lucarelli<\/strong> con il nuovo giallo \u201c<strong>Peccato mortale<\/strong>\u201d (Einaudi), un\u2019indagine del commissario De Luca; <strong>Lilli Gruber<\/strong> \u00e8 attesa con una nuova prova d\u2019autore, \u201c<strong>In<\/strong><strong>ganno<\/strong>\u201d (Rizzoli Libri) e <strong>Luigi Zoja<\/strong> ci spiega come \u201c<strong>Vedere il vero e il falso<\/strong>\u201d (Einaudi). Anche <strong>Tiziano Scarpa<\/strong> approder\u00e0 a pordenonelegge con \u201c<strong>Una libellula in citt\u00e0<\/strong>\u201d, trenta storie in rima: trenta racconti in poesia che emozionano. E <strong>Giulio Guidorizzi<\/strong> torna al racconto storico con \u201c<strong>Ulisse. Il romanzo del ritorno<\/strong>\u201d (Einaudi).<\/p>\n<p>\u00a0<\/p>\n<p><strong>Tornando alle anteprime assolute<\/strong>, un nome familiare al grande pubblico, <strong>Oscar Farinetti<\/strong>, far\u00e0 tappa a pordenonelegge con \u201c<strong>Quasi<\/strong>\u201d (La Nave di Teseo), il volume in cui poesie, pensieri e suggestioni dell\u2019autore si integrano alle illustrazioni di Marco Nereo Rotelli e a un testo del jazzman &#8211; filosofo Massimo Don\u00e0. Mentre <strong>Benedetta Parodi<\/strong> rinnova il suo invito a una lettura utile per condividere idee e spunti pratici di cucina: \u201c<strong>A pranzo da me<\/strong>\u201d (Rizzoli Libri), con tantissime nuove ricette per portare sulle nostre tavole i piatti di casa Parodi. E a proposito di cibo: una coppia estrosa e appassionata, lo chef <strong>Filippo La Mantia<\/strong> e la blogger <strong>Chiara Maci<\/strong>, si racconta in un libro, \u201c<strong>Ma tu come la fai la caponata<\/strong>?\u201d (HarperCollins) che spigola fra sapori intensi e gustosi dissapori, perch\u00e9 quando due amanti del food decidono di vivere insieme possono arrivare gustose ricette per il cuore e la tavola. Con \u201c<strong>Vegan<\/strong>\u201d (Einaudi) <strong>Leonardo Caffo<\/strong> presenta una scelta che si propone come manifesto filosofico e non come dieta o \u201cmoda\u201d del momento. A pordenonelegge il cibo \u00e8 anche motore di economia: con \u201c<strong>Terra, pane, denaro<\/strong>\u201d (Rizzoli Libri) il presidente di NaturaS\u00ec, <strong>Fabio Brescacin<\/strong>, spiega come dalla terra possa nascere una nuova economia e come il mondo e i giovani stiano andando in quella direzione.<\/p>\n<p>Tre narratrici italiane hanno scelto pordenonelegge 2018 per le loro anteprime: <strong>Gaja Cenciarelli<\/strong> torna ai lettori con \u201c<strong>La nuda verit\u00e0<\/strong>\u201d (Marsilio), <strong>Evelina Santangelo<\/strong> presenter\u00e0 \u201c<strong>Da un altro mondo<\/strong>\u201d (Einaudi) e <strong>Valentina D\u2019Urbano<\/strong> far\u00f2 tappa con \u201c<strong>Isola di Neve<\/strong>\u201d (Longanesi). Due anteprime di Aboca ci accompagnano a uno sguardo \u201caltro\u201d sulla felicit\u00e0: <strong>Pier Luigi Rossi<\/strong> la racconta attraverso il rapporto fra cervello e intestino con \u201c<strong>La felicit\u00e0 comincia con la salute dell\u2019intestino<\/strong>\u201d. E <strong>Alan Wayne Berti<\/strong> con <strong>Paolo Valentino<\/strong> ci guida \u201c<strong>Lenti e felici\u201d (come una lumaca)<\/strong>\u201d, dipanando la sua storia di allevatore che ha riscoperto il lento gusto della vita. In anteprima al festival si presenta anche \u201c<strong>Barcolana, un mare di racconti\u201d<\/strong> (Giunti), il volume a cura di <strong>Alessandro Mezzena Lona <\/strong>\u2013 che lo presenter\u00e0 con Mitja Gialuz e Federica Manzon \u2013 in cui sono riuniti racconti di scrittori, giornalisti, artisti e sportivi per festeggiare i primi 50 anni della manifestazione velica. Anche Ediciclo riscopre suggestioni di vita: con il fotografo e \u201cwalker\u201d <strong>Andrea Spinelli<\/strong> che in \u201c<strong>Se cammino, vivo<\/strong>\u201d racconta il suo viaggio vitale fatto di passi che sopravanzano la malattia. Mentre <strong>Maria Angela Gelati <\/strong>cura il volume \u201c<strong>Ritualit&#038;agr<br \/>\nve; del silenzio<\/strong>\u201d che schiude forme di ritualit\u00e0 funebre pi\u00f9 vicine ai dolenti e alle loro esigenze. Letteratura e musica: tre le anteprime di pordenonelegge, due per Edizioni ETS: il pianista <strong>Emauele Arciuli<\/strong> firma \u201c<strong>Il pianoforte di Leonard Bernstein<\/strong>\u201d, mentre il critico e musicologo <strong>Roberto Calabretto<\/strong> racconta \u201c<strong>L\u2019Histoire du soldat<\/strong>\u201d di Pierpaolo Pasolini. Per Edizioni EUT TS la pianista <strong>Letizia Michielon<\/strong> ha curato il volume prodotto dal Conservatorio Tartini di Trieste, \u201cDie klage des ideellen.\u00a0Il lamento dell\u2019ideale. Beethoven e la filosofia hegeliana\u201d.\u00a0\u00a0<\/p>\n<p><strong>Pordenonelegge \u00e8 anche editore<\/strong>: da quattro anni insieme a <strong>LietoColle<\/strong> edita le due collane dedicate alla poesia in Italia: la <strong>Gialla<\/strong> per i talenti emergenti porta in dote quattro nuovi libri a firma di <strong>Gian Maria Annovi, Bernardo De Luca, Laura Di Corcia, Eleonora Rimolo<\/strong>. Saranno presentati a pordenonelegge, cos\u00ec come i volumi della <strong>Gialla Oro<\/strong>, dedicata alle firme eccellenti della poesia italiana, e non solo: quest\u2019anno infatti pordenonelegge per la prima volta tradurr\u00e0 in Italia la poetessa statunitense <strong>Martha Serpas <\/strong>e dedicher\u00e0 un omaggio al portoghese Luis Quintais. Usciranno anche i libri di <strong>Laura Pugno<\/strong>, <strong>Stefano Dal Bianco, Tiziano Broggiato<\/strong>. Sempre in tema di poesia, attesissima la nuova raccolta di <strong>Antonio Riccardi<\/strong>, \u201c<strong>Tormenti della cattivit\u00e0<\/strong>\u201d, in uscita per Garzanti.\u00a0 Letteratura e arte fotografica: dal Premio Hemingway <strong>Luca Campigotto<\/strong> arriva a pordenonelegge \u201c<strong>Disoriente<\/strong>\u201d, una pubblicazione firmata Postcart.<\/p>\n<p><strong>Anteprime anche per il \u201cfestival nel festival\u201d, pordenonelegge Junior <\/strong>dedicato ai ettori pi\u00f9 giovani: fra gli altri Geronimo<strong> Stilton, <\/strong>Lisa<strong> Thompson, <\/strong>Pierdomenico<strong> Baccalario, <\/strong>Anna<strong> Cerasoli, <\/strong>Federico<strong> Taddia, <\/strong>Beatrice<strong> Masini <\/strong>e Guido<strong> Sgardoli<\/strong>.<\/p>\n","protected":false},"excerpt":{"rendered":"<p>On line il calendario completo<\/p>\n","protected":false},"author":28,"featured_media":27070,"comment_status":"closed","ping_status":"closed","sticky":false,"template":"","format":"standard","meta":{"dwc-title":[],"dwc-content":[],"footnotes":""},"categories":[37],"tags":[],"class_list":["post-27069","post","type-post","status-publish","format-standard","has-post-thumbnail","hentry","category-cultura-e-spettacolo"],"rttpg_featured_image_url":{"full":["https:\/\/imagazine.it\/wp-content\/uploads\/2024\/01\/26345-1.webp",750,422,false],"landscape":["https:\/\/imagazine.it\/wp-content\/uploads\/2024\/01\/26345-1.webp",750,422,false],"portraits":["https:\/\/imagazine.it\/wp-content\/uploads\/2024\/01\/26345-1.webp",750,422,false],"thumbnail":["https:\/\/imagazine.it\/wp-content\/uploads\/2024\/01\/26345-1-150x150.webp",150,150,true],"medium":["https:\/\/imagazine.it\/wp-content\/uploads\/2024\/01\/26345-1-300x169.webp",300,169,true],"large":["https:\/\/imagazine.it\/wp-content\/uploads\/2024\/01\/26345-1.webp",640,360,false],"thumblist":["https:\/\/imagazine.it\/wp-content\/uploads\/2024\/01\/26345-1.webp",300,169,false],"thumbrelated":["https:\/\/imagazine.it\/wp-content\/uploads\/2024\/01\/26345-1.webp",500,281,false],"meccarouselthumb":["https:\/\/imagazine.it\/wp-content\/uploads\/2024\/01\/26345-1.webp",474,267,false],"gridsquare":["https:\/\/imagazine.it\/wp-content\/uploads\/2024\/01\/26345-1.webp",391,220,false],"tileview":["https:\/\/imagazine.it\/wp-content\/uploads\/2024\/01\/26345-1.webp",300,169,false],"1536x1536":["https:\/\/imagazine.it\/wp-content\/uploads\/2024\/01\/26345-1.webp",750,422,false],"2048x2048":["https:\/\/imagazine.it\/wp-content\/uploads\/2024\/01\/26345-1.webp",750,422,false],"newsup-slider-full":["https:\/\/imagazine.it\/wp-content\/uploads\/2024\/01\/26345-1.webp",750,422,false],"newsup-featured":["https:\/\/imagazine.it\/wp-content\/uploads\/2024\/01\/26345-1.webp",750,422,false],"newsup-medium":["https:\/\/imagazine.it\/wp-content\/uploads\/2024\/01\/26345-1-720x380.webp",720,380,true],"tptn_thumbnail":["https:\/\/imagazine.it\/wp-content\/uploads\/2024\/01\/26345-1.webp",250,141,false],"sow-carousel-default":["https:\/\/imagazine.it\/wp-content\/uploads\/2024\/01\/26345-1-272x182.webp",272,182,true]},"rttpg_author":{"display_name":"redazione","author_link":"https:\/\/imagazine.it\/home_desk\/author\/redazione\/"},"rttpg_comment":0,"rttpg_category":"<a href=\"https:\/\/imagazine.it\/home_desk\/category\/cultura-e-spettacolo\/\" rel=\"category tag\">CULTURA&amp;SPETTACOLO<\/a>","rttpg_excerpt":"On line il calendario completo","_links":{"self":[{"href":"https:\/\/imagazine.it\/home_desk\/wp-json\/wp\/v2\/posts\/27069","targetHints":{"allow":["GET"]}}],"collection":[{"href":"https:\/\/imagazine.it\/home_desk\/wp-json\/wp\/v2\/posts"}],"about":[{"href":"https:\/\/imagazine.it\/home_desk\/wp-json\/wp\/v2\/types\/post"}],"author":[{"embeddable":true,"href":"https:\/\/imagazine.it\/home_desk\/wp-json\/wp\/v2\/users\/28"}],"replies":[{"embeddable":true,"href":"https:\/\/imagazine.it\/home_desk\/wp-json\/wp\/v2\/comments?post=27069"}],"version-history":[{"count":0,"href":"https:\/\/imagazine.it\/home_desk\/wp-json\/wp\/v2\/posts\/27069\/revisions"}],"wp:featuredmedia":[{"embeddable":true,"href":"https:\/\/imagazine.it\/home_desk\/wp-json\/wp\/v2\/media\/27070"}],"wp:attachment":[{"href":"https:\/\/imagazine.it\/home_desk\/wp-json\/wp\/v2\/media?parent=27069"}],"wp:term":[{"taxonomy":"category","embeddable":true,"href":"https:\/\/imagazine.it\/home_desk\/wp-json\/wp\/v2\/categories?post=27069"},{"taxonomy":"post_tag","embeddable":true,"href":"https:\/\/imagazine.it\/home_desk\/wp-json\/wp\/v2\/tags?post=27069"}],"curies":[{"name":"wp","href":"https:\/\/api.w.org\/{rel}","templated":true}]}}