{"id":27061,"date":"2018-08-01T00:00:00","date_gmt":"2018-07-31T23:00:00","guid":{"rendered":"https:\/\/imagazine.it\/?p=27061"},"modified":"2018-08-01T00:00:00","modified_gmt":"2018-07-31T23:00:00","slug":"palmanova-nel-club-de-i-borghi-piu-belli-ditalia","status":"publish","type":"post","link":"https:\/\/imagazine.it\/home_desk\/palmanova-nel-club-de-i-borghi-piu-belli-ditalia\/","title":{"rendered":"Palmanova nel Club de \u201cI Borghi pi\u00f9 belli d\u2019Italia\u201d"},"content":{"rendered":"<p>Palmanova tra i Borghi pi\u00f9 belli d\u2019Italia e protagonista della trasmissione \u201c<strong>Il Borgo dei Borghi\u201d che da novembre andr\u00e0 in onda in prima serata su RAI3.<\/strong><\/p>\n<p>Approvandone lo Statuto e la Carta di qualit\u00e0, l\u2019amministrazione comunale ha ufficializzato la richiesta di ammissione al\u00a0<strong>Club de \u201cI Borghi pi\u00f9 belli d\u2019Italia\u201d,<\/strong>\u00a0organismo dell\u2019ANCI, condividendone obiettivi di protezione, promozione e sviluppo.<\/p>\n<p>\u201cSono stato contattato direttamente dal Club. Volevano avere Palmanova tra i Borghi pi\u00f9 belli d\u2019Italia. Siamo davvero contenti di questa attestazione che dimostra il grande valore storico e culturale che riveste la citt\u00e0, dimostrato anche dall\u2019entrata, poco pi\u00f9 di un anno fa, tra i Patrimoni mondiali dell\u2019Umanit\u00e0 UNESCO\u201d, dichiara il sindaco\u00a0<strong>Francesco Martines<\/strong>.<\/p>\n<p><strong>Tra l\u201911 e il 13 agosto sar\u00e0 in citt\u00e0 la troupe della trasmissione RAI \u201cIl Borgo dei Borghi\u201d.<\/strong>\u00a0Dedicheranno una puntata a Palmanova, proponendola assieme ad altri 40 Borghi italiani, in una competizione nazionale che ne decreter\u00e0 il pi\u00f9 affascinante. In mostra le ricchezze storiche e umane della citt\u00e0: i Bastioni, le gallerie e la Piazza, ma anche le attivit\u00e0 artigianali, le peculiarit\u00e0 culinarie, gli sport e le attivit\u00e0 all\u2019aria aperta, la storia e le tradizioni, coinvolgendo molte delle realt\u00e0 associazionistiche locali.<\/p>\n<p>Palmanova verr\u00e0 raccontata sia da terra, con alcuni ragazzi che faranno da guide, con il coinvolgimento dei reparti di cavalleria dell\u2019esercito, con la presenza di rievocatori e sbandieratori, ma anche dal cielo con l\u2019uso di droni e di una mongolfiera che sorvoler\u00e0 la citt\u00e0.<\/p>\n","protected":false},"excerpt":{"rendered":"<p>Ufficializzata la richiesta di ammissione<\/p>\n","protected":false},"author":28,"featured_media":27062,"comment_status":"closed","ping_status":"closed","sticky":false,"template":"","format":"standard","meta":{"dwc-title":[],"dwc-content":[],"footnotes":""},"categories":[37],"tags":[],"class_list":["post-27061","post","type-post","status-publish","format-standard","has-post-thumbnail","hentry","category-cultura-e-spettacolo"],"rttpg_featured_image_url":{"full":["https:\/\/imagazine.it\/wp-content\/uploads\/2024\/01\/26284-1.webp",750,491,false],"landscape":["https:\/\/imagazine.it\/wp-content\/uploads\/2024\/01\/26284-1.webp",750,491,false],"portraits":["https:\/\/imagazine.it\/wp-content\/uploads\/2024\/01\/26284-1.webp",750,491,false],"thumbnail":["https:\/\/imagazine.it\/wp-content\/uploads\/2024\/01\/26284-1-150x150.webp",150,150,true],"medium":["https:\/\/imagazine.it\/wp-content\/uploads\/2024\/01\/26284-1-300x196.webp",300,196,true],"large":["https:\/\/imagazine.it\/wp-content\/uploads\/2024\/01\/26284-1.webp",640,419,false],"thumblist":["https:\/\/imagazine.it\/wp-content\/uploads\/2024\/01\/26284-1.webp",300,196,false],"thumbrelated":["https:\/\/imagazine.it\/wp-content\/uploads\/2024\/01\/26284-1.webp",500,327,false],"meccarouselthumb":["https:\/\/imagazine.it\/wp-content\/uploads\/2024\/01\/26284-1.webp",474,310,false],"gridsquare":["https:\/\/imagazine.it\/wp-content\/uploads\/2024\/01\/26284-1.webp",391,256,false],"tileview":["https:\/\/imagazine.it\/wp-content\/uploads\/2024\/01\/26284-1.webp",300,196,false],"1536x1536":["https:\/\/imagazine.it\/wp-content\/uploads\/2024\/01\/26284-1.webp",750,491,false],"2048x2048":["https:\/\/imagazine.it\/wp-content\/uploads\/2024\/01\/26284-1.webp",750,491,false],"newsup-slider-full":["https:\/\/imagazine.it\/wp-content\/uploads\/2024\/01\/26284-1.webp",750,491,false],"newsup-featured":["https:\/\/imagazine.it\/wp-content\/uploads\/2024\/01\/26284-1.webp",750,491,false],"newsup-medium":["https:\/\/imagazine.it\/wp-content\/uploads\/2024\/01\/26284-1-720x380.webp",720,380,true],"tptn_thumbnail":["https:\/\/imagazine.it\/wp-content\/uploads\/2024\/01\/26284-1.webp",250,164,false],"sow-carousel-default":["https:\/\/imagazine.it\/wp-content\/uploads\/2024\/01\/26284-1-272x182.webp",272,182,true]},"rttpg_author":{"display_name":"redazione","author_link":"https:\/\/imagazine.it\/home_desk\/author\/redazione\/"},"rttpg_comment":0,"rttpg_category":"<a href=\"https:\/\/imagazine.it\/home_desk\/category\/cultura-e-spettacolo\/\" rel=\"category tag\">CULTURA&amp;SPETTACOLO<\/a>","rttpg_excerpt":"Ufficializzata la richiesta di ammissione","_links":{"self":[{"href":"https:\/\/imagazine.it\/home_desk\/wp-json\/wp\/v2\/posts\/27061","targetHints":{"allow":["GET"]}}],"collection":[{"href":"https:\/\/imagazine.it\/home_desk\/wp-json\/wp\/v2\/posts"}],"about":[{"href":"https:\/\/imagazine.it\/home_desk\/wp-json\/wp\/v2\/types\/post"}],"author":[{"embeddable":true,"href":"https:\/\/imagazine.it\/home_desk\/wp-json\/wp\/v2\/users\/28"}],"replies":[{"embeddable":true,"href":"https:\/\/imagazine.it\/home_desk\/wp-json\/wp\/v2\/comments?post=27061"}],"version-history":[{"count":0,"href":"https:\/\/imagazine.it\/home_desk\/wp-json\/wp\/v2\/posts\/27061\/revisions"}],"wp:featuredmedia":[{"embeddable":true,"href":"https:\/\/imagazine.it\/home_desk\/wp-json\/wp\/v2\/media\/27062"}],"wp:attachment":[{"href":"https:\/\/imagazine.it\/home_desk\/wp-json\/wp\/v2\/media?parent=27061"}],"wp:term":[{"taxonomy":"category","embeddable":true,"href":"https:\/\/imagazine.it\/home_desk\/wp-json\/wp\/v2\/categories?post=27061"},{"taxonomy":"post_tag","embeddable":true,"href":"https:\/\/imagazine.it\/home_desk\/wp-json\/wp\/v2\/tags?post=27061"}],"curies":[{"name":"wp","href":"https:\/\/api.w.org\/{rel}","templated":true}]}}