{"id":27059,"date":"2018-08-01T00:00:00","date_gmt":"2018-07-31T23:00:00","guid":{"rendered":"https:\/\/imagazine.it\/?p=27059"},"modified":"2018-08-01T00:00:00","modified_gmt":"2018-07-31T23:00:00","slug":"musei-archeologici-nazionali-il-pubblico-premia-aquileia","status":"publish","type":"post","link":"https:\/\/imagazine.it\/home_desk\/musei-archeologici-nazionali-il-pubblico-premia-aquileia\/","title":{"rendered":"Musei archeologici nazionali, il pubblico premia Aquileia"},"content":{"rendered":"<p>Sono<strong> l&#39;aula meridionale del battistero e la domus e palazzo episcopale di Aquileia <\/strong>i vincitori della sesta edizione del <strong>Premio Francovich 2018<\/strong>. L&#39;annuncio \u00e8 stato dato da <strong>Giuliano Volpe<\/strong>, presidente della Societ\u00e0 Archeologi Medievisti Italiani, ideatrice del premio che, nel nome del professor <strong>Riccardo Francovich<\/strong>, uno dei fondatori dell&#39;archeologia medievale, viene conferito al museo o parco archeologico italiano che rappresenti un caso di buona prassi di allestimento museografico, attivit\u00e0 didattico-comunicative e qualit\u00e0 scientifica su tematiche di archeologia tardoantica o altomedievale.\u00a0<\/p>\n<p>La votazione on-line riservata al pubblico ha\u00a0 dunque arriso ai due complessi realizzati dalla Fondazione Aquileia nell&#39;area della basilica e di piazza Capitolo, che con 1.301 voti\u00a0hanno preceduto l&#39;area archeologica di Suasa (AN), il Museo dell&#39;Abbazia di Fossanova a Priverno (LT), il Museo archeologico di Torino (sezioni tardoantica e medievale), il Museo Archeologico del territorio di Populonia a Piombino (LI), il Museo multimediale di Torre di Satriano in Tito (PZ), il Museo diffuso di Morgo Terra a Muro Leccese (LE).<\/p>\n<p>&#8220;Siamo molto felici \u2013 ha commentato <strong>Antonio Zanardi Landi<\/strong>,\u00a0<strong>presidente della Fondazione Aquileia<\/strong> \u2013 di questo prestigiosissimo premio della Societ\u00e0 degli Archeologi Medievisti Italiani, la cui Commissione di valutazione, che ha voluto candidare i due complessi aquileiesi, riunisce archeologi, funzionari ministeriali e divulgatori dell&#39;archeologia postclassica. Un ringraziamento particolare va a tutti coloro che hanno voluto dare il proprio voto e che evidentemente si possono enumerare tra i 56.000 visitatori dell&#39;aula sud del battistero e i 23.000 della domus e Palazzo Episcopale nel 2017. Per noi \u00e8 motivo di grande soddisfazione poter essere ascritti nel novero di importantissimi contesti museografici relativi alla tarda Antichit\u00e0 e all&#39;alto Medioevo finora premiati, tra i quali vi sono complessi cui guardiamo con grande interesse e come fonte d&#39;ispirazione, come la basilica paleocristiana di Siponto arricchita dall&#39;arte di Edoardo Tresoldi&#8221;.<br \/> &#8220;Credo \u2013 ha aggiunto il direttore della Fondazione Aquileia<strong>\u00a0Cristiano Tiussi <\/strong>\u2013 che la forza evocativa di questi due allestimenti museali, opera degli architetti Tortelli e Frassoni, e delle importanti vestigia sia stato uno dei motivi principali che i visitatori hanno apprezzato. Grazie ad essi, si riesce a comprendere come il complesso basilicale, tra la seconda met\u00e0 del IV e il V secolo, avesse un&#39;estensione planimetrica e una raffinatezza decorativa decisamente pi\u00f9 ampia e ricca di quello che si poteva riconoscere solo pochi anni fa. La domus e palazzo episcopale, per di pi\u00f9, consente di apprezzare in tutta la sua profonda stratigrafia come l&#39;area della citt\u00e0 oggi prossima alla basilica sia cresciuta nei secoli su se stessa, cambiando nel tempo e fino ai giorni nostri la destinazione funzionale, e in particolare costituendo un settore della vasta residenza del vescovo di Aquileia&#8221;.<\/p>\n<p>\u201cQuesto premio \u2013 ha sottolineato il Direttore della Fondazione &#8220;Societ\u00e0 per la conservazione della Basilica di Aquileia&#8221;\u00a0<strong>Alberto Bergamin<\/strong>\u00a0\u2013 testimonia, una volta di pi\u00f9 l&#39;indiscussa qualit\u00e0 degli interventi di riqualificazione e degli allestimenti sin qui realizzati e l&#39;importanza di una collaborazione forte e virtuosa tra gli enti coinvolti. La Fondazione &#8221; So.Co.B.A.&#8221; e l&#39;Arcidiocesi di Gorizia confermano il loro impegno in questa direzione&#8221;<\/p>\n<p><strong>Domenica 5 agosto<\/strong>\u00a0la Societ\u00e0 per la Basilica di Aquileia e Fondazione Aquileia per festeggiare il traguardo apriranno gratuitamente a\u00a0<strong>tutti le porte della Domus &#8211; Palazzo episcopale e del Battistero\/Aula Sud.<\/strong><\/p>\n","protected":false},"excerpt":{"rendered":"<p>Assegnato il Premio Francovich<\/p>\n","protected":false},"author":28,"featured_media":27060,"comment_status":"closed","ping_status":"closed","sticky":false,"template":"","format":"standard","meta":{"dwc-title":[],"dwc-content":[],"footnotes":""},"categories":[37],"tags":[],"class_list":["post-27059","post","type-post","status-publish","format-standard","has-post-thumbnail","hentry","category-cultura-e-spettacolo"],"rttpg_featured_image_url":{"full":["https:\/\/imagazine.it\/wp-content\/uploads\/2024\/01\/26283-1.webp",750,500,false],"landscape":["https:\/\/imagazine.it\/wp-content\/uploads\/2024\/01\/26283-1.webp",750,500,false],"portraits":["https:\/\/imagazine.it\/wp-content\/uploads\/2024\/01\/26283-1.webp",750,500,false],"thumbnail":["https:\/\/imagazine.it\/wp-content\/uploads\/2024\/01\/26283-1-150x150.webp",150,150,true],"medium":["https:\/\/imagazine.it\/wp-content\/uploads\/2024\/01\/26283-1-300x200.webp",300,200,true],"large":["https:\/\/imagazine.it\/wp-content\/uploads\/2024\/01\/26283-1.webp",640,427,false],"thumblist":["https:\/\/imagazine.it\/wp-content\/uploads\/2024\/01\/26283-1.webp",300,200,false],"thumbrelated":["https:\/\/imagazine.it\/wp-content\/uploads\/2024\/01\/26283-1.webp",500,333,false],"meccarouselthumb":["https:\/\/imagazine.it\/wp-content\/uploads\/2024\/01\/26283-1.webp",474,316,false],"gridsquare":["https:\/\/imagazine.it\/wp-content\/uploads\/2024\/01\/26283-1.webp",391,260,false],"tileview":["https:\/\/imagazine.it\/wp-content\/uploads\/2024\/01\/26283-1.webp",300,200,false],"1536x1536":["https:\/\/imagazine.it\/wp-content\/uploads\/2024\/01\/26283-1.webp",750,500,false],"2048x2048":["https:\/\/imagazine.it\/wp-content\/uploads\/2024\/01\/26283-1.webp",750,500,false],"newsup-slider-full":["https:\/\/imagazine.it\/wp-content\/uploads\/2024\/01\/26283-1.webp",750,500,false],"newsup-featured":["https:\/\/imagazine.it\/wp-content\/uploads\/2024\/01\/26283-1.webp",750,500,false],"newsup-medium":["https:\/\/imagazine.it\/wp-content\/uploads\/2024\/01\/26283-1-720x380.webp",720,380,true],"tptn_thumbnail":["https:\/\/imagazine.it\/wp-content\/uploads\/2024\/01\/26283-1.webp",250,167,false],"sow-carousel-default":["https:\/\/imagazine.it\/wp-content\/uploads\/2024\/01\/26283-1-272x182.webp",272,182,true]},"rttpg_author":{"display_name":"redazione","author_link":"https:\/\/imagazine.it\/home_desk\/author\/redazione\/"},"rttpg_comment":0,"rttpg_category":"<a href=\"https:\/\/imagazine.it\/home_desk\/category\/cultura-e-spettacolo\/\" rel=\"category tag\">CULTURA&amp;SPETTACOLO<\/a>","rttpg_excerpt":"Assegnato il Premio Francovich","_links":{"self":[{"href":"https:\/\/imagazine.it\/home_desk\/wp-json\/wp\/v2\/posts\/27059","targetHints":{"allow":["GET"]}}],"collection":[{"href":"https:\/\/imagazine.it\/home_desk\/wp-json\/wp\/v2\/posts"}],"about":[{"href":"https:\/\/imagazine.it\/home_desk\/wp-json\/wp\/v2\/types\/post"}],"author":[{"embeddable":true,"href":"https:\/\/imagazine.it\/home_desk\/wp-json\/wp\/v2\/users\/28"}],"replies":[{"embeddable":true,"href":"https:\/\/imagazine.it\/home_desk\/wp-json\/wp\/v2\/comments?post=27059"}],"version-history":[{"count":0,"href":"https:\/\/imagazine.it\/home_desk\/wp-json\/wp\/v2\/posts\/27059\/revisions"}],"wp:featuredmedia":[{"embeddable":true,"href":"https:\/\/imagazine.it\/home_desk\/wp-json\/wp\/v2\/media\/27060"}],"wp:attachment":[{"href":"https:\/\/imagazine.it\/home_desk\/wp-json\/wp\/v2\/media?parent=27059"}],"wp:term":[{"taxonomy":"category","embeddable":true,"href":"https:\/\/imagazine.it\/home_desk\/wp-json\/wp\/v2\/categories?post=27059"},{"taxonomy":"post_tag","embeddable":true,"href":"https:\/\/imagazine.it\/home_desk\/wp-json\/wp\/v2\/tags?post=27059"}],"curies":[{"name":"wp","href":"https:\/\/api.w.org\/{rel}","templated":true}]}}