{"id":26991,"date":"2018-07-19T00:00:00","date_gmt":"2018-07-18T23:00:00","guid":{"rendered":"https:\/\/imagazine.it\/?p=26991"},"modified":"2018-07-19T00:00:00","modified_gmt":"2018-07-18T23:00:00","slug":"progetti-di-impresa-studenti-del-malignani-secondi-in-europa","status":"publish","type":"post","link":"https:\/\/imagazine.it\/home_desk\/progetti-di-impresa-studenti-del-malignani-secondi-in-europa\/","title":{"rendered":"Progetti di impresa, studenti del Malignani secondi in Europa"},"content":{"rendered":"<p><strong>Primi in FVG<\/strong>.\u00a0<strong>Primi in Italia<\/strong>. E\u00a0<strong>ora il secondo posto in Europa<\/strong>. Si sono fatti valere ancora gli\u00a0<strong>studenti del Malignani di Udine,<\/strong>\u00a0ieri a\u00a0<strong>Belgrado<\/strong>\u00a0alla\u00a0<strong>finalissima europea<\/strong>\u00a0di\u00a0<strong>Junior Achievement<\/strong>\u00a0 (<strong>JA<\/strong>)<a href=\"https:\/\/www.facebook.com\/jaeurope\/?fref=mentions\" target=\"_blank\" rel=\"noopener\">,<\/a>\u00a0il progetto che supporta i ragazzi delle superiori nello sviluppo delle proprie idee d\u2019impresa fino all\u2019arrivo sul mercato. I\u00a0<strong>giovani della 3\u00b0 Cmab<\/strong>, accompagnati dai professori e coordinatori di progetto\u00a0<strong>Renato<\/strong>\u00a0<strong>Polo <\/strong>e<strong> Stefano Bareggi<\/strong>, si sono\u00a0\u00a0<strong>distinti fra 39 progetti d\u2019impresa finalisti<\/strong>\u00a0da\u00a0<strong>altrettanti Paesi<\/strong>, con la loro \u00ab<strong>etichetta magica<\/strong>\u00bb\u00a0<strong>OKelvin<\/strong>, in grado di rendere evidente, colorandosi diversamente, se un\u00a0<strong>vino \u00e8 conservato o servito alla temperatura corretta<\/strong>, grazie a\u00a0<strong>due inchiostri termocromatici<\/strong>. L\u2019etichetta pu\u00f2 essere adeguata anche ad altri tipi di beni e prodotti\u00a0che necessitano un controllo della temperatura.<\/p>\n<p>Il percorso \u00e8 stato affiancato tecnicamente, come \u201cdream coach\u201d, dalla dirigenza dell\u2019<strong>Amb di San Daniele<\/strong>, azienda che ha creduto nel progetto e continuer\u00e0 a supportarlo nella sua realizzazione. \u00abPer la\u00a0<strong>Camera di Commercio di Udine<\/strong>, partner proprio da quest&#39;anno di Junior Achievement Italia, \u00e8 stato un onore &#8220;tenere a battesimo&#8221; l\u2019impresa di questi ragazzi, che hanno dimostrato uno studio eccellente dell\u2019idea e del prodotto, anche dal punto di vista della presentazione e della promozione \u2013 commenta il presidente\u00a0<strong>Giovanni Da Pozzo<\/strong>\u00a0\u2013. Un motivo di orgoglio per l\u2019ente camerale, che punta sempre pi\u00f9 sulla nuova competenza di orientamento al lavoro e alle professioni affidata dalla riforma. Ma motivo d\u2019orgoglio per tutto il nostro territorio, che sa esprimere valore ed eccellenza, e con il progetto JA ci fa davvero ben sperare per avvicinare sempre pi\u00f9 giovani al mondo dell\u2019impresa. Essere imprenditori richiede coraggio, creativit\u00e0 e determinazione e questi giovani hanno le caratteristiche giuste: un plauso a tutta la squadra, ai docenti, alla scuola e a JA Italia e i migliori auspici per il futuro di questi giovanissimi imprenditori\u00bb.<\/p>\n<p>Un plauso a cui si \u00e8 unito quello del\u00a0<strong>Comitato giovani imprenditori della Cciaa<\/strong>, tramite le parole del suo presidente\u00a0<strong>Fabio Passon<\/strong>, che ha ricordato \u00abquanto crediamo in questo progetto e l\u2019impegno dei gruppi giovani delle categorie economiche per promuoverlo tra scuole e imprese. Questo grande risultato \u00e8 perfetto per lanciare la prossima edizione di Junior Achievement qui in regione, per cui siamo gi\u00e0 al lavoro e per cui confidiamo nella partecipazione di sempre pi\u00f9 scuole e nel coinvolgimento di tante imprese\u00bb.<\/p>\n<p>La soddisfazione del team di OKelvin si \u00e8 fatta sentire\u00a0<strong>in diretta da Belgrado<\/strong>. \u00abIn Europa il programma ha visto 350 mila studenti partecipanti e la creazione di 26mila mini imprese \u2013 racconta il\u00a0<strong>professor Polo parlando a nome di tutti<\/strong>\u00a0\u2013. Essere arrivati secondi, come rappresentanti dell\u2019Italia, tra tanti team fortissimi \u00e8 stata un\u2019esperienza straordinaria. Ringraziamo tutti gli sponsor, le associazioni e le istituzioni che ci hanno supportato\u00bb.<\/p>\n<p>Gli studenti coinvolti sono <strong>Alberto Battigelli, Andrea Marnich, Matteo Dorigo, Gioia Zanello <\/strong>e<strong> Caterina Armasaru<\/strong>.<\/p>\n","protected":false},"excerpt":{"rendered":"<p>Con l\u2019etichetta OKelvin<\/p>\n","protected":false},"author":28,"featured_media":26992,"comment_status":"closed","ping_status":"closed","sticky":false,"template":"","format":"standard","meta":{"dwc-title":[],"dwc-content":[],"footnotes":""},"categories":[6],"tags":[],"class_list":["post-26991","post","type-post","status-publish","format-standard","has-post-thumbnail","hentry","category-societa"],"rttpg_featured_image_url":{"full":["https:\/\/imagazine.it\/wp-content\/uploads\/2024\/01\/26124-1.webp",750,557,false],"landscape":["https:\/\/imagazine.it\/wp-content\/uploads\/2024\/01\/26124-1.webp",750,557,false],"portraits":["https:\/\/imagazine.it\/wp-content\/uploads\/2024\/01\/26124-1.webp",750,557,false],"thumbnail":["https:\/\/imagazine.it\/wp-content\/uploads\/2024\/01\/26124-1-150x150.webp",150,150,true],"medium":["https:\/\/imagazine.it\/wp-content\/uploads\/2024\/01\/26124-1-300x223.webp",300,223,true],"large":["https:\/\/imagazine.it\/wp-content\/uploads\/2024\/01\/26124-1.webp",640,475,false],"thumblist":["https:\/\/imagazine.it\/wp-content\/uploads\/2024\/01\/26124-1.webp",300,223,false],"thumbrelated":["https:\/\/imagazine.it\/wp-content\/uploads\/2024\/01\/26124-1.webp",500,371,false],"meccarouselthumb":["https:\/\/imagazine.it\/wp-content\/uploads\/2024\/01\/26124-1.webp",436,324,false],"gridsquare":["https:\/\/imagazine.it\/wp-content\/uploads\/2024\/01\/26124-1.webp",350,260,false],"tileview":["https:\/\/imagazine.it\/wp-content\/uploads\/2024\/01\/26124-1.webp",300,223,false],"1536x1536":["https:\/\/imagazine.it\/wp-content\/uploads\/2024\/01\/26124-1.webp",750,557,false],"2048x2048":["https:\/\/imagazine.it\/wp-content\/uploads\/2024\/01\/26124-1.webp",750,557,false],"newsup-slider-full":["https:\/\/imagazine.it\/wp-content\/uploads\/2024\/01\/26124-1.webp",750,557,false],"newsup-featured":["https:\/\/imagazine.it\/wp-content\/uploads\/2024\/01\/26124-1.webp",750,557,false],"newsup-medium":["https:\/\/imagazine.it\/wp-content\/uploads\/2024\/01\/26124-1-720x380.webp",720,380,true],"tptn_thumbnail":["https:\/\/imagazine.it\/wp-content\/uploads\/2024\/01\/26124-1.webp",250,186,false],"sow-carousel-default":["https:\/\/imagazine.it\/wp-content\/uploads\/2024\/01\/26124-1-272x182.webp",272,182,true]},"rttpg_author":{"display_name":"redazione","author_link":"https:\/\/imagazine.it\/home_desk\/author\/redazione\/"},"rttpg_comment":0,"rttpg_category":"<a href=\"https:\/\/imagazine.it\/home_desk\/category\/societa\/\" rel=\"category tag\">SOCIET\u00c0<\/a>","rttpg_excerpt":"Con l\u2019etichetta OKelvin","_links":{"self":[{"href":"https:\/\/imagazine.it\/home_desk\/wp-json\/wp\/v2\/posts\/26991","targetHints":{"allow":["GET"]}}],"collection":[{"href":"https:\/\/imagazine.it\/home_desk\/wp-json\/wp\/v2\/posts"}],"about":[{"href":"https:\/\/imagazine.it\/home_desk\/wp-json\/wp\/v2\/types\/post"}],"author":[{"embeddable":true,"href":"https:\/\/imagazine.it\/home_desk\/wp-json\/wp\/v2\/users\/28"}],"replies":[{"embeddable":true,"href":"https:\/\/imagazine.it\/home_desk\/wp-json\/wp\/v2\/comments?post=26991"}],"version-history":[{"count":0,"href":"https:\/\/imagazine.it\/home_desk\/wp-json\/wp\/v2\/posts\/26991\/revisions"}],"wp:featuredmedia":[{"embeddable":true,"href":"https:\/\/imagazine.it\/home_desk\/wp-json\/wp\/v2\/media\/26992"}],"wp:attachment":[{"href":"https:\/\/imagazine.it\/home_desk\/wp-json\/wp\/v2\/media?parent=26991"}],"wp:term":[{"taxonomy":"category","embeddable":true,"href":"https:\/\/imagazine.it\/home_desk\/wp-json\/wp\/v2\/categories?post=26991"},{"taxonomy":"post_tag","embeddable":true,"href":"https:\/\/imagazine.it\/home_desk\/wp-json\/wp\/v2\/tags?post=26991"}],"curies":[{"name":"wp","href":"https:\/\/api.w.org\/{rel}","templated":true}]}}