{"id":26971,"date":"2018-07-17T00:00:00","date_gmt":"2018-07-16T23:00:00","guid":{"rendered":"https:\/\/imagazine.it\/?p=26971"},"modified":"2018-07-17T00:00:00","modified_gmt":"2018-07-16T23:00:00","slug":"trieste-nuovo-ufficio-mobile-per-il-comune","status":"publish","type":"post","link":"https:\/\/imagazine.it\/home_desk\/trieste-nuovo-ufficio-mobile-per-il-comune\/","title":{"rendered":"Trieste, nuovo ufficio mobile per il Comune"},"content":{"rendered":"<p>Presentato in piazza della Borsa a Trieste, il nuovo servizio del Comune: un pulmino, vero e proprio \u201cufficio mobile\u201d \u00a0acquistato grazie a un contributo della Fondazione CRTrieste. Il servizio mira a fornire informazioni, risposte dirette e immediate ai cittadini, diffondere opportunit\u00e0 lavorative e iniziative per i giovani, raccogliere osservazioni, e promuovere la citt\u00e0 e i suoi servizi.<\/p>\n<p>Alla conferenza stampa hanno presenziato l&#39;assessore comunale alla Comunicazione <strong>Serena Tonel<\/strong> con il direttore dell&#39;Area Innovazione, Turismo e Sviluppo Economico <strong>Lorenzo Bandelli<\/strong> e il responsabile di P.O. del Servizio Comunicazione <strong>Barbara Borsi<\/strong> e il vicepresidente del Cda della Fondazione CRTrieste <strong>Tiziana Benussi<\/strong>.<\/p>\n<p>\u201cIl pulmino \u2013 ha spiegato l&#39;assessore Tonel \u2013 stazioner\u00e0 nelle principali piazze e aree di aggregazione della citt\u00e0, permettendo ai cittadini di richiedere informazioni e ricevere documentazione, d\u00e9pliant, notizie, conoscere l&#39;attivit\u00e0 amministrativa dell&#39;ente e i servizi al pubblico. Il mezzo infatti sar\u00e0 dotato degli strumenti tecnologici necessari per accedere alle banche dati dell&#39;amministrazione e alla rete, in linea con l&#39;obiettivo di innovazione che l&#39;amministrazione si \u00e8 posta (saliscendi, scrivania per tre operatori, impianto elettrico e illuminazione interna, e presto pc portatile e hot spot). Grazie alla Fondazione CRTrieste, abbiamo potuto riavviare un servizio &#39;mobile&#39; che era gi\u00e0 operativo con il pulmino precedente in dotazione il quale purtroppo \u00e8 andato distrutto a causa di un incendio doloso nel febbraio 2017\u201d.<\/p>\n<p>Il mezzo potr\u00e0 essere utilizzato quale sportello mobile dell&#39;Informagiovani e dell&#39;Ufficio d&#39;Informazione Europea \u201cEurope Direct\u201d per promuovere in particolare le opportunit\u00e0 e le iniziative a favore dei giovani, anche nell&#39;ambito di TriesteEstateGiovani-Party con l&#39;Europa, raggiungendo persone meno inserite nelle reti di comunicazione o residenti in luoghi del territorio regionale meno accessibili. Infatti il nuovo pulmino raggiunger\u00e0 anche i rioni periferici della citt\u00e0, da Borgo San Sergio a Melara, all&#39;Altipiano.<\/p>\n","protected":false},"excerpt":{"rendered":"<p>Con il contributo della Fondazione CRTrieste<\/p>\n","protected":false},"author":28,"featured_media":26972,"comment_status":"closed","ping_status":"closed","sticky":false,"template":"","format":"standard","meta":{"dwc-title":[],"dwc-content":[],"footnotes":""},"categories":[5],"tags":[],"class_list":["post-26971","post","type-post","status-publish","format-standard","has-post-thumbnail","hentry","category-attualita"],"rttpg_featured_image_url":{"full":["https:\/\/imagazine.it\/wp-content\/uploads\/2024\/01\/26093-1.webp",750,494,false],"landscape":["https:\/\/imagazine.it\/wp-content\/uploads\/2024\/01\/26093-1.webp",750,494,false],"portraits":["https:\/\/imagazine.it\/wp-content\/uploads\/2024\/01\/26093-1.webp",750,494,false],"thumbnail":["https:\/\/imagazine.it\/wp-content\/uploads\/2024\/01\/26093-1-150x150.webp",150,150,true],"medium":["https:\/\/imagazine.it\/wp-content\/uploads\/2024\/01\/26093-1-300x198.webp",300,198,true],"large":["https:\/\/imagazine.it\/wp-content\/uploads\/2024\/01\/26093-1.webp",640,422,false],"thumblist":["https:\/\/imagazine.it\/wp-content\/uploads\/2024\/01\/26093-1.webp",300,198,false],"thumbrelated":["https:\/\/imagazine.it\/wp-content\/uploads\/2024\/01\/26093-1.webp",500,329,false],"meccarouselthumb":["https:\/\/imagazine.it\/wp-content\/uploads\/2024\/01\/26093-1.webp",474,312,false],"gridsquare":["https:\/\/imagazine.it\/wp-content\/uploads\/2024\/01\/26093-1.webp",391,258,false],"tileview":["https:\/\/imagazine.it\/wp-content\/uploads\/2024\/01\/26093-1.webp",300,198,false],"1536x1536":["https:\/\/imagazine.it\/wp-content\/uploads\/2024\/01\/26093-1.webp",750,494,false],"2048x2048":["https:\/\/imagazine.it\/wp-content\/uploads\/2024\/01\/26093-1.webp",750,494,false],"newsup-slider-full":["https:\/\/imagazine.it\/wp-content\/uploads\/2024\/01\/26093-1.webp",750,494,false],"newsup-featured":["https:\/\/imagazine.it\/wp-content\/uploads\/2024\/01\/26093-1.webp",750,494,false],"newsup-medium":["https:\/\/imagazine.it\/wp-content\/uploads\/2024\/01\/26093-1-720x380.webp",720,380,true],"tptn_thumbnail":["https:\/\/imagazine.it\/wp-content\/uploads\/2024\/01\/26093-1.webp",250,165,false],"sow-carousel-default":["https:\/\/imagazine.it\/wp-content\/uploads\/2024\/01\/26093-1-272x182.webp",272,182,true]},"rttpg_author":{"display_name":"redazione","author_link":"https:\/\/imagazine.it\/home_desk\/author\/redazione\/"},"rttpg_comment":0,"rttpg_category":"<a href=\"https:\/\/imagazine.it\/home_desk\/category\/attualita\/\" rel=\"category tag\">ATTUALIT\u00c0<\/a>","rttpg_excerpt":"Con il contributo della Fondazione CRTrieste","_links":{"self":[{"href":"https:\/\/imagazine.it\/home_desk\/wp-json\/wp\/v2\/posts\/26971","targetHints":{"allow":["GET"]}}],"collection":[{"href":"https:\/\/imagazine.it\/home_desk\/wp-json\/wp\/v2\/posts"}],"about":[{"href":"https:\/\/imagazine.it\/home_desk\/wp-json\/wp\/v2\/types\/post"}],"author":[{"embeddable":true,"href":"https:\/\/imagazine.it\/home_desk\/wp-json\/wp\/v2\/users\/28"}],"replies":[{"embeddable":true,"href":"https:\/\/imagazine.it\/home_desk\/wp-json\/wp\/v2\/comments?post=26971"}],"version-history":[{"count":0,"href":"https:\/\/imagazine.it\/home_desk\/wp-json\/wp\/v2\/posts\/26971\/revisions"}],"wp:featuredmedia":[{"embeddable":true,"href":"https:\/\/imagazine.it\/home_desk\/wp-json\/wp\/v2\/media\/26972"}],"wp:attachment":[{"href":"https:\/\/imagazine.it\/home_desk\/wp-json\/wp\/v2\/media?parent=26971"}],"wp:term":[{"taxonomy":"category","embeddable":true,"href":"https:\/\/imagazine.it\/home_desk\/wp-json\/wp\/v2\/categories?post=26971"},{"taxonomy":"post_tag","embeddable":true,"href":"https:\/\/imagazine.it\/home_desk\/wp-json\/wp\/v2\/tags?post=26971"}],"curies":[{"name":"wp","href":"https:\/\/api.w.org\/{rel}","templated":true}]}}