{"id":26965,"date":"2018-07-16T00:00:00","date_gmt":"2018-07-15T23:00:00","guid":{"rendered":"https:\/\/imagazine.it\/?p=26965"},"modified":"2018-07-16T00:00:00","modified_gmt":"2018-07-15T23:00:00","slug":"gorizia-accordo-tra-fondazione-carigo-e-azienda-sanitaria","status":"publish","type":"post","link":"https:\/\/imagazine.it\/home_desk\/gorizia-accordo-tra-fondazione-carigo-e-azienda-sanitaria\/","title":{"rendered":"Gorizia, accordo tra Fondazione Carigo e Azienda Sanitaria"},"content":{"rendered":"<p>La <strong>Fondazione Carigo<\/strong>, rappresentata dal presidente <strong>Roberta Demartin<\/strong>, e l\u2019Azienda Sanitaria n. 2 \u201cBassa Friulana-Isontina\u201d, rappresentata dal direttore generale <strong>Antonio Poggiana<\/strong>, hanno sottoscritto un accordo per definire le <strong>tematiche sanitarie e socio sanitarie<\/strong> intorno alle quali <strong>sviluppare progettualit\u00e0 innovative<\/strong> tese alla <strong>protezione, promozione della salute della comunit\u00e0<\/strong> con particolare riferimento ad alcune fasce di maggior fragilit\u00e0 sociale.<\/p>\n<p>Il protocollo impegna per il futuro le parti a condividere gli intenti e i progetti che hanno la <strong>caratteristica principale di perseguire una forte integrazione tra le istituzioni sanitarie e sociali<\/strong>, il <strong>volontariato<\/strong> e <strong>l\u2019associazionismo<\/strong> per favorire lo sviluppo di <strong>reti di protezione, di accoglienza e accompagnamento alle cure<\/strong>.<\/p>\n<p><strong>Le aree di intervento<\/strong> su cui si focalizza il <strong>protocollo <\/strong>sono state raggruppate in<strong> cinque aspetti principali<\/strong>, a partire dai <strong>progetti di comunit\u00e0<\/strong>, per <strong>sviluppare le capacit\u00e0 di una comunit\u00e0 di intercettare<\/strong> precocemente i <strong>bisogni di salute<\/strong> dei suoi membri e di sviluppare una <strong>sinergia tra pubblico, volontariato, cittadini<\/strong> tale da permettere la presa in carico precoce delle situazioni di fragilit\u00e0 e incrementare le capacit\u00e0 di accompagnamento alla cura delle fasce pi\u00f9 deboli.<\/p>\n<p><strong>Ulteriore<\/strong> punto dell\u2019accordo \u00e8 quello inerente <strong>le tematiche che coinvolgono fasce adolescenziali e giovanili<\/strong> per promuovere la salute e la <strong>prevenzione dei comportamenti a rischio<\/strong> e, in generale, del <strong>disagio giovanile<\/strong> e l\u2019intercettazione <strong>precoce<\/strong> delle problematicit\u00e0 o delle patologie. Gli ambiti di intervento privilegiati sono il <strong>mondo scolastico<\/strong>, le <strong>associazioni sportive<\/strong> e i luoghi di ritrovo e di <strong>aggregazione dei giovani<\/strong>.<\/p>\n<p>Attenzione \u00e8 rivolta anche alle<strong> disabilit\u00e0, <\/strong>con progettualit\u00e0 tese a <strong>facilitare l\u2019accesso alle strutture<\/strong>, <strong>l\u2019accompagnamento nei percorsi di cura<\/strong> ospedalieri e territoriali, lo <strong>sviluppo della domiciliarit\u00e0<\/strong> e <strong>dell\u2019inclusione sociale<\/strong> di questa fascia di cittadini.<\/p>\n<p>Non da ultimo il protocollo si focalizza sulle cosiddette <strong>nuove fragilit\u00e0 <\/strong>per costruire <strong>percorsi di accompagnamento alle cure<\/strong> e alla <strong>attenzione sanitaria <\/strong>delle fasce sociali che rappresentano<strong> le fragilit\u00e0 emergenti<\/strong> (nuove <strong>povert\u00e0<\/strong>, <strong>migranti<\/strong>, <strong>famiglie mononucleari<\/strong>) attraverso, ad esempio, la costituzione e l\u2019incremento di ambulatori sociali.<\/p>\n<p>Verr\u00e0 inoltre dato spazio ai <strong>progetti<\/strong> che si focalizzino sulla <strong>prevenzione e promozione della salute,<\/strong> con interventi volti a ridurre i fattori di rischio nei vari ambiti, nonch\u00e9 a <strong>prevenire comportamenti a rischio della popolazione in genere<\/strong>.<\/p>\n","protected":false},"excerpt":{"rendered":"<p>Sottoscritto un Protocollo d&#8217;intesa<\/p>\n","protected":false},"author":28,"featured_media":26966,"comment_status":"closed","ping_status":"closed","sticky":false,"template":"","format":"standard","meta":{"dwc-title":[],"dwc-content":[],"footnotes":""},"categories":[5],"tags":[],"class_list":["post-26965","post","type-post","status-publish","format-standard","has-post-thumbnail","hentry","category-attualita"],"rttpg_featured_image_url":{"full":["https:\/\/imagazine.it\/wp-content\/uploads\/2024\/01\/26082-1.webp",750,514,false],"landscape":["https:\/\/imagazine.it\/wp-content\/uploads\/2024\/01\/26082-1.webp",750,514,false],"portraits":["https:\/\/imagazine.it\/wp-content\/uploads\/2024\/01\/26082-1.webp",750,514,false],"thumbnail":["https:\/\/imagazine.it\/wp-content\/uploads\/2024\/01\/26082-1-150x150.webp",150,150,true],"medium":["https:\/\/imagazine.it\/wp-content\/uploads\/2024\/01\/26082-1-300x206.webp",300,206,true],"large":["https:\/\/imagazine.it\/wp-content\/uploads\/2024\/01\/26082-1.webp",640,439,false],"thumblist":["https:\/\/imagazine.it\/wp-content\/uploads\/2024\/01\/26082-1.webp",300,206,false],"thumbrelated":["https:\/\/imagazine.it\/wp-content\/uploads\/2024\/01\/26082-1.webp",500,343,false],"meccarouselthumb":["https:\/\/imagazine.it\/wp-content\/uploads\/2024\/01\/26082-1.webp",474,324,false],"gridsquare":["https:\/\/imagazine.it\/wp-content\/uploads\/2024\/01\/26082-1.webp",379,260,false],"tileview":["https:\/\/imagazine.it\/wp-content\/uploads\/2024\/01\/26082-1.webp",300,206,false],"1536x1536":["https:\/\/imagazine.it\/wp-content\/uploads\/2024\/01\/26082-1.webp",750,514,false],"2048x2048":["https:\/\/imagazine.it\/wp-content\/uploads\/2024\/01\/26082-1.webp",750,514,false],"newsup-slider-full":["https:\/\/imagazine.it\/wp-content\/uploads\/2024\/01\/26082-1.webp",750,514,false],"newsup-featured":["https:\/\/imagazine.it\/wp-content\/uploads\/2024\/01\/26082-1.webp",750,514,false],"newsup-medium":["https:\/\/imagazine.it\/wp-content\/uploads\/2024\/01\/26082-1-720x380.webp",720,380,true],"tptn_thumbnail":["https:\/\/imagazine.it\/wp-content\/uploads\/2024\/01\/26082-1.webp",250,171,false],"sow-carousel-default":["https:\/\/imagazine.it\/wp-content\/uploads\/2024\/01\/26082-1-272x182.webp",272,182,true]},"rttpg_author":{"display_name":"redazione","author_link":"https:\/\/imagazine.it\/home_desk\/author\/redazione\/"},"rttpg_comment":0,"rttpg_category":"<a href=\"https:\/\/imagazine.it\/home_desk\/category\/attualita\/\" rel=\"category tag\">ATTUALIT\u00c0<\/a>","rttpg_excerpt":"Sottoscritto un Protocollo d'intesa","_links":{"self":[{"href":"https:\/\/imagazine.it\/home_desk\/wp-json\/wp\/v2\/posts\/26965","targetHints":{"allow":["GET"]}}],"collection":[{"href":"https:\/\/imagazine.it\/home_desk\/wp-json\/wp\/v2\/posts"}],"about":[{"href":"https:\/\/imagazine.it\/home_desk\/wp-json\/wp\/v2\/types\/post"}],"author":[{"embeddable":true,"href":"https:\/\/imagazine.it\/home_desk\/wp-json\/wp\/v2\/users\/28"}],"replies":[{"embeddable":true,"href":"https:\/\/imagazine.it\/home_desk\/wp-json\/wp\/v2\/comments?post=26965"}],"version-history":[{"count":0,"href":"https:\/\/imagazine.it\/home_desk\/wp-json\/wp\/v2\/posts\/26965\/revisions"}],"wp:featuredmedia":[{"embeddable":true,"href":"https:\/\/imagazine.it\/home_desk\/wp-json\/wp\/v2\/media\/26966"}],"wp:attachment":[{"href":"https:\/\/imagazine.it\/home_desk\/wp-json\/wp\/v2\/media?parent=26965"}],"wp:term":[{"taxonomy":"category","embeddable":true,"href":"https:\/\/imagazine.it\/home_desk\/wp-json\/wp\/v2\/categories?post=26965"},{"taxonomy":"post_tag","embeddable":true,"href":"https:\/\/imagazine.it\/home_desk\/wp-json\/wp\/v2\/tags?post=26965"}],"curies":[{"name":"wp","href":"https:\/\/api.w.org\/{rel}","templated":true}]}}