{"id":26941,"date":"2018-07-06T00:00:00","date_gmt":"2018-07-05T23:00:00","guid":{"rendered":"https:\/\/imagazine.it\/?p=26941"},"modified":"2018-07-06T00:00:00","modified_gmt":"2018-07-05T23:00:00","slug":"torviscosa-nasce-una-nuova-pro-loco","status":"publish","type":"post","link":"https:\/\/imagazine.it\/home_desk\/torviscosa-nasce-una-nuova-pro-loco\/","title":{"rendered":"Torviscosa, nasce una nuova Pro Loco"},"content":{"rendered":"<p>Una nuova Pro Loco sta per prender vita a Torviscosa, su iniziativa di un gruppo di persone \u201cche in questi anni \u2013 rendono noto in un comunicato \u2013 si sono date da fare, in vari modi, per la promozione turistica del territorio e che ora sentono l\u2019esigenza di organizzare le attivit\u00e0 in modo pi\u00f9 strutturato, garantendo continuit\u00e0 e cercando anche di coinvolgere nuovi volontari\u201d.<\/p>\n<p>Il tesseramento \u00e8 gi\u00e0 aperto in vista\u00a0<strong>dell\u2019Assemblea costituente che si terr\u00e0 marted\u00ec 10 luglio, alle ore 20.30, nella sala dell\u2019oratorio di Torviscosa (via della Chiesa)<\/strong>. Il comitato promotore informa che sar\u00e0 possibile tesserarsi anche il giorno stesso dell\u2019assemblea. L\u2019iscrizione \u00e8 aperta a tutti i residenti a Torviscosa, ma anche a tutti coloro che per motivazioni varie sono interessati alle attivit\u00e0 della Pro Loco.<\/p>\n<p>\u201cLa scelta della Pro Loco come forma associativa \u00e8 stata naturale \u2013 precisa il comitato promotore, perch\u00e9, come \u00e8 noto, la prima finalit\u00e0 delle Pro Loco \u00e8 proprio l\u2019organizzazione turistica del territorio: per Statuto, le Pro Loco sono infatti chiamate a tutelare il patrimonio storico-artistico e ambientale, a promuovere eventi e iniziative che servano ad attirare e rendere pi\u00f9 gradito il soggiorno dei turisti e a migliorare la qualit\u00e0 della vita dei residenti, a curare l&#39;informazione e l&#39;accoglienza dei turisti\u201d.<\/p>\n","protected":false},"excerpt":{"rendered":"<p>Marted\u00ec l&#8217;assemblea costituente<\/p>\n","protected":false},"author":28,"featured_media":26942,"comment_status":"closed","ping_status":"closed","sticky":false,"template":"","format":"standard","meta":{"dwc-title":[],"dwc-content":[],"footnotes":""},"categories":[5],"tags":[],"class_list":["post-26941","post","type-post","status-publish","format-standard","has-post-thumbnail","hentry","category-attualita"],"rttpg_featured_image_url":{"full":["https:\/\/imagazine.it\/wp-content\/uploads\/2024\/01\/26017-1.webp",750,511,false],"landscape":["https:\/\/imagazine.it\/wp-content\/uploads\/2024\/01\/26017-1.webp",750,511,false],"portraits":["https:\/\/imagazine.it\/wp-content\/uploads\/2024\/01\/26017-1.webp",750,511,false],"thumbnail":["https:\/\/imagazine.it\/wp-content\/uploads\/2024\/01\/26017-1-150x150.webp",150,150,true],"medium":["https:\/\/imagazine.it\/wp-content\/uploads\/2024\/01\/26017-1-300x204.webp",300,204,true],"large":["https:\/\/imagazine.it\/wp-content\/uploads\/2024\/01\/26017-1.webp",640,436,false],"thumblist":["https:\/\/imagazine.it\/wp-content\/uploads\/2024\/01\/26017-1.webp",300,204,false],"thumbrelated":["https:\/\/imagazine.it\/wp-content\/uploads\/2024\/01\/26017-1.webp",500,341,false],"meccarouselthumb":["https:\/\/imagazine.it\/wp-content\/uploads\/2024\/01\/26017-1.webp",474,324,false],"gridsquare":["https:\/\/imagazine.it\/wp-content\/uploads\/2024\/01\/26017-1.webp",382,260,false],"tileview":["https:\/\/imagazine.it\/wp-content\/uploads\/2024\/01\/26017-1.webp",300,204,false],"1536x1536":["https:\/\/imagazine.it\/wp-content\/uploads\/2024\/01\/26017-1.webp",750,511,false],"2048x2048":["https:\/\/imagazine.it\/wp-content\/uploads\/2024\/01\/26017-1.webp",750,511,false],"newsup-slider-full":["https:\/\/imagazine.it\/wp-content\/uploads\/2024\/01\/26017-1.webp",750,511,false],"newsup-featured":["https:\/\/imagazine.it\/wp-content\/uploads\/2024\/01\/26017-1.webp",750,511,false],"newsup-medium":["https:\/\/imagazine.it\/wp-content\/uploads\/2024\/01\/26017-1-720x380.webp",720,380,true],"tptn_thumbnail":["https:\/\/imagazine.it\/wp-content\/uploads\/2024\/01\/26017-1.webp",250,170,false],"sow-carousel-default":["https:\/\/imagazine.it\/wp-content\/uploads\/2024\/01\/26017-1-272x182.webp",272,182,true]},"rttpg_author":{"display_name":"redazione","author_link":"https:\/\/imagazine.it\/home_desk\/author\/redazione\/"},"rttpg_comment":0,"rttpg_category":"<a href=\"https:\/\/imagazine.it\/home_desk\/category\/attualita\/\" rel=\"category tag\">ATTUALIT\u00c0<\/a>","rttpg_excerpt":"Marted\u00ec l'assemblea costituente","_links":{"self":[{"href":"https:\/\/imagazine.it\/home_desk\/wp-json\/wp\/v2\/posts\/26941","targetHints":{"allow":["GET"]}}],"collection":[{"href":"https:\/\/imagazine.it\/home_desk\/wp-json\/wp\/v2\/posts"}],"about":[{"href":"https:\/\/imagazine.it\/home_desk\/wp-json\/wp\/v2\/types\/post"}],"author":[{"embeddable":true,"href":"https:\/\/imagazine.it\/home_desk\/wp-json\/wp\/v2\/users\/28"}],"replies":[{"embeddable":true,"href":"https:\/\/imagazine.it\/home_desk\/wp-json\/wp\/v2\/comments?post=26941"}],"version-history":[{"count":0,"href":"https:\/\/imagazine.it\/home_desk\/wp-json\/wp\/v2\/posts\/26941\/revisions"}],"wp:featuredmedia":[{"embeddable":true,"href":"https:\/\/imagazine.it\/home_desk\/wp-json\/wp\/v2\/media\/26942"}],"wp:attachment":[{"href":"https:\/\/imagazine.it\/home_desk\/wp-json\/wp\/v2\/media?parent=26941"}],"wp:term":[{"taxonomy":"category","embeddable":true,"href":"https:\/\/imagazine.it\/home_desk\/wp-json\/wp\/v2\/categories?post=26941"},{"taxonomy":"post_tag","embeddable":true,"href":"https:\/\/imagazine.it\/home_desk\/wp-json\/wp\/v2\/tags?post=26941"}],"curies":[{"name":"wp","href":"https:\/\/api.w.org\/{rel}","templated":true}]}}