{"id":26935,"date":"2018-07-05T00:00:00","date_gmt":"2018-07-04T23:00:00","guid":{"rendered":"https:\/\/imagazine.it\/?p=26935"},"modified":"2018-07-05T00:00:00","modified_gmt":"2018-07-04T23:00:00","slug":"a-villach-unestate-densa-di-emozioni","status":"publish","type":"post","link":"https:\/\/imagazine.it\/home_desk\/a-villach-unestate-densa-di-emozioni\/","title":{"rendered":"A Villach un&#8217;estate densa di emozioni"},"content":{"rendered":"<p>Diverse novit\u00e0 per chi visita Villach e dintorni nel corso dell\u2019estate 2018,\u00a0ricca di eventi. Il centro storico cittadino diventa il palcoscenico di manifestazioni coinvolgenti, come il <strong>Festival della street art<\/strong> del 23 e 24 luglio, con artisti e giocolieri in tutte le piazze e vicoli.<br \/> E ancor pi\u00f9 in occasione della grande festa tradizionale austriaca, il\u00a0<u><a data-saferedirecturl=\"https:\/\/www.google.com\/url?hl=it&#038;q=https:\/\/www.facebook.com\/kirchtag\/?fref%3Dmentions&#038;source=gmail&#038;ust=1530870732988000&#038;usg=AFQjCNG3pdWE4KMpxYnYs_DVxMiQJmzyyA\" href=\"https:\/\/www.facebook.com\/kirchtag\/?fref=mentions\" id=\"m_6879575469028469815ox-f395ae5f05-LPlnk856797\" target=\"_blank\" rel=\"noopener\">Villacher Kirchtag<\/a><\/u>\u00a0dal 29 luglio al 5 agosto, che celebra quest&#39;anno il suo 75\u00b0 anniversario. Qui le antiche usanze sono vissute e celebrate come un tempo, in un ponte tra le vecchie e le nuove generazioni.<\/p>\n<p>Sport, passeggiate, escursioni, shopping e molto altro ancora. Pi\u00f9 di 400 negozi, caff\u00e8 e ristoranti rendono la citt\u00e0, facilmente raggiungibile da Udine anche a bordo di un comodo treno OEBB,\u00a0un luogo di incontro ideale per godersi la bella stagione.\u00a0Tante occasioni di shopping con parecchie colorate sorprese anche da <u><a href=\"https:\/\/www.atrio.at\/it\" target=\"_blank\" rel=\"noopener\"><strong>Atrio, il centro commerciale pi\u00f9 grande della Carinzia<\/strong><\/a><\/u>, a breve distanza dal centro di Villach, che propone una vasta scelta anche in campo gastronomico: alla classica <em>Wiener Schnitzel<\/em> con patatine\u00a0fritte allo <em>street food<\/em> rivisitato in salsa austriaca e vegetariana.<\/p>\n<p>L\u2019Erlebnis CARD della regione <strong>Villach \u2013 Faaker See \u2013 Ossiacher See<\/strong> offre anche nel 2018 momenti di vacanza per tutti. La CARD \u00e8 in distribuzione gratis presso tutti gli alloggi convenzionati e permette di accedere a oltre 600 attrazioni della zona. \u00c8 anche possibile integrarla aggiungendovi i servizi della <em>K\u00e4rnten Card<\/em> (a pagamento) che garantisce accesso libero a oltre 100 mete turistiche in tutta la Carinzia.\u00a0(Per maggiori informazioni:\u00a0<u><a data-saferedirecturl=\"https:\/\/www.google.com\/url?hl=it&#038;q=https:\/\/l.facebook.com\/l.php?u%3Dhttps%253A%252F%252Fwww.region-villach.plus%252Ferlebniscard%252F%26h%3DAT361-Em94JDgobr57m2TCcyAi5ZMTjoCKGcDkB9DsRi8HKfks6zS9ogQd5Uhs3utY5UhO-TGFy3jQORXwjEe49QH3XlXcd3AuKxuA4A06b1H3U7nAsPKgpfNbbV6ySI0rpxBMc2GYrniOTlVeJg0KxzLcgE&#038;source=gmail&#038;ust=1530870732988000&#038;usg=AFQjCNGcBPX8IqlKLw1MgSy0t8x7GbshkA\" href=\"https:\/\/l.facebook.com\/l.php?u=https%3A%2F%2Fwww.region-villach.plus%2Ferlebniscard%2F&#038;h=AT361-Em94JDgobr57m2TCcyAi5ZMTjoCKGcDkB9DsRi8HKfks6zS9ogQd5Uhs3utY5UhO-TGFy3jQORXwjEe49QH3XlXcd3AuKxuA4A06b1H3U7nAsPKgpfNbbV6ySI0rpxBMc2GYrniOTlVeJg0KxzLcgE\" id=\"m_6879575469028469815ox-f395ae5f05-LPlnk357010\" target=\"_blank\" rel=\"noopener\">https:\/\/www.region-villach.<wbr \/>plus\/erlebniscard\/<\/a><\/u>).<\/p>\n<p>Le <strong>Terme di Warmbad<\/strong> aprono un\u2019estate di proposte interessanti: dagli sconti per i bimbi e i ragazzi fino a 13 anni fino alla super rilassante proposta della Spa After Work, adatta a chi vuole concedersi una pausa rigenerante dopo un\u2019intensa giornata di lavoro approfittando dell\u2019apertura prolungata fino alle ore 20. Senza scordare le gare sugli scivoli attrezzati per misurare la velocit\u00e0 delle discese. Tra i contest pi\u00f9 originali, quello in cui i concorrenti indossano gli abiti della tradizione austriaca. Tutti i dettagli sul sito\u00a0<u><a data-saferedirecturl=\"https:\/\/www.google.com\/url?hl=it&#038;q=http:\/\/kaerntentherme.com\/kt-it\/&#038;source=gmail&#038;ust=1530870732988000&#038;usg=AFQjCNGJ3WZiirokckkSpCDuMT6iToXDPA\" href=\"http:\/\/kaerntentherme.com\/kt-it\/\" id=\"m_6879575469028469815ox-f395ae5f05-LPlnk366791\" target=\"_blank\" rel=\"noopener\">http:\/\/kaerntentherme.com\/kt-<wbr \/>it\/<\/a><\/u><\/p>\n","protected":false},"excerpt":{"rendered":"<p>La nuova offerta di Villach-land<\/p>\n","protected":false},"author":28,"featured_media":26936,"comment_status":"closed","ping_status":"closed","sticky":false,"template":"","format":"standard","meta":{"dwc-title":[],"dwc-content":[],"footnotes":""},"categories":[8],"tags":[],"class_list":["post-26935","post","type-post","status-publish","format-standard","has-post-thumbnail","hentry","category-turismo"],"rttpg_featured_image_url":{"full":["https:\/\/imagazine.it\/wp-content\/uploads\/2024\/01\/25992-1.webp",750,500,false],"landscape":["https:\/\/imagazine.it\/wp-content\/uploads\/2024\/01\/25992-1.webp",750,500,false],"portraits":["https:\/\/imagazine.it\/wp-content\/uploads\/2024\/01\/25992-1.webp",750,500,false],"thumbnail":["https:\/\/imagazine.it\/wp-content\/uploads\/2024\/01\/25992-1-150x150.webp",150,150,true],"medium":["https:\/\/imagazine.it\/wp-content\/uploads\/2024\/01\/25992-1-300x200.webp",300,200,true],"large":["https:\/\/imagazine.it\/wp-content\/uploads\/2024\/01\/25992-1.webp",640,427,false],"thumblist":["https:\/\/imagazine.it\/wp-content\/uploads\/2024\/01\/25992-1.webp",300,200,false],"thumbrelated":["https:\/\/imagazine.it\/wp-content\/uploads\/2024\/01\/25992-1.webp",500,333,false],"meccarouselthumb":["https:\/\/imagazine.it\/wp-content\/uploads\/2024\/01\/25992-1.webp",474,316,false],"gridsquare":["https:\/\/imagazine.it\/wp-content\/uploads\/2024\/01\/25992-1.webp",391,260,false],"tileview":["https:\/\/imagazine.it\/wp-content\/uploads\/2024\/01\/25992-1.webp",300,200,false],"1536x1536":["https:\/\/imagazine.it\/wp-content\/uploads\/2024\/01\/25992-1.webp",750,500,false],"2048x2048":["https:\/\/imagazine.it\/wp-content\/uploads\/2024\/01\/25992-1.webp",750,500,false],"newsup-slider-full":["https:\/\/imagazine.it\/wp-content\/uploads\/2024\/01\/25992-1.webp",750,500,false],"newsup-featured":["https:\/\/imagazine.it\/wp-content\/uploads\/2024\/01\/25992-1.webp",750,500,false],"newsup-medium":["https:\/\/imagazine.it\/wp-content\/uploads\/2024\/01\/25992-1-720x380.webp",720,380,true],"tptn_thumbnail":["https:\/\/imagazine.it\/wp-content\/uploads\/2024\/01\/25992-1.webp",250,167,false],"sow-carousel-default":["https:\/\/imagazine.it\/wp-content\/uploads\/2024\/01\/25992-1-272x182.webp",272,182,true]},"rttpg_author":{"display_name":"redazione","author_link":"https:\/\/imagazine.it\/home_desk\/author\/redazione\/"},"rttpg_comment":0,"rttpg_category":"<a href=\"https:\/\/imagazine.it\/home_desk\/category\/turismo\/\" rel=\"category tag\">TURISMO<\/a>","rttpg_excerpt":"La nuova offerta di Villach-land","_links":{"self":[{"href":"https:\/\/imagazine.it\/home_desk\/wp-json\/wp\/v2\/posts\/26935","targetHints":{"allow":["GET"]}}],"collection":[{"href":"https:\/\/imagazine.it\/home_desk\/wp-json\/wp\/v2\/posts"}],"about":[{"href":"https:\/\/imagazine.it\/home_desk\/wp-json\/wp\/v2\/types\/post"}],"author":[{"embeddable":true,"href":"https:\/\/imagazine.it\/home_desk\/wp-json\/wp\/v2\/users\/28"}],"replies":[{"embeddable":true,"href":"https:\/\/imagazine.it\/home_desk\/wp-json\/wp\/v2\/comments?post=26935"}],"version-history":[{"count":0,"href":"https:\/\/imagazine.it\/home_desk\/wp-json\/wp\/v2\/posts\/26935\/revisions"}],"wp:featuredmedia":[{"embeddable":true,"href":"https:\/\/imagazine.it\/home_desk\/wp-json\/wp\/v2\/media\/26936"}],"wp:attachment":[{"href":"https:\/\/imagazine.it\/home_desk\/wp-json\/wp\/v2\/media?parent=26935"}],"wp:term":[{"taxonomy":"category","embeddable":true,"href":"https:\/\/imagazine.it\/home_desk\/wp-json\/wp\/v2\/categories?post=26935"},{"taxonomy":"post_tag","embeddable":true,"href":"https:\/\/imagazine.it\/home_desk\/wp-json\/wp\/v2\/tags?post=26935"}],"curies":[{"name":"wp","href":"https:\/\/api.w.org\/{rel}","templated":true}]}}