{"id":26927,"date":"2018-07-04T00:00:00","date_gmt":"2018-07-03T23:00:00","guid":{"rendered":"https:\/\/imagazine.it\/?p=26927"},"modified":"2018-07-04T00:00:00","modified_gmt":"2018-07-03T23:00:00","slug":"la-storia-in-un-romanzo-pordenone-premia-robert-harris","status":"publish","type":"post","link":"https:\/\/imagazine.it\/home_desk\/la-storia-in-un-romanzo-pordenone-premia-robert-harris\/","title":{"rendered":"La storia in un romanzo, Pordenone premia Robert Harris"},"content":{"rendered":"<p>Va allo scrittore, giornalista e storico inglese <strong>Robert Harris<\/strong>, firma dell&#39; \u201cObserver\u201d e del \u201cSunday Times\u201d, autore del best seller <em>Fatherland<\/em> cui hanno fatto seguito grandi\u00a0successi come\u00a0<em>Il Ghostwriter<\/em>\u00a0(2007) trasposto al cinema da Roman Polanski,\u00a0il Premio Cr\u00e9dit Agricole FriulAdria <em>La storia in un romanzo <\/em>2018, riconoscimento nato dalla collaborazione fra <strong><u><a href=\"http:\/\/pordenonelegge.it\/\" target=\"_blank\" rel=\"noopener\">pordenonelegge<\/a><\/u> Festa del Libro con gli Autori<\/strong> con il <strong>Premio giornalistico internazionale Marco Luchetta<\/strong>, su impulso di<strong> Cr\u00e9dit Agricole FriulAdria<\/strong>. Il riconoscimento \u00e8 stato assegnato \u00abper aver saputo raccontare, con meticolosa documentazione e straordinaria capacit\u00e0 di sintesi romanzesca &#8211; <strong>recitano le motivazioni del Premio<\/strong> &#8211; alcuni dei momenti cruciali della storia occidentale, dal mondo latino fino agli accadimenti che hanno portato alla seconda guerra mondiale. Harris ha inoltre esplorato in modo originale il fertile terreno di intersezione fra la storia degli storici e la fiction romanzesca, costruendo un suo celebre romanzo, \u201cFatherland\u201d, nella forma dell\u2019ucronia e cio\u00e8 immaginando uno sviluppo alternativo della storia occidentale. Questa ridefinizione e ampliamento del romanzo storico e del thriller ci hanno permesso di cogliere meglio il senso della nostra storia, immedesimandoci nei grandi attori, ma anche negli sconosciuti comprimari, in un palcoscenico di tragedia, avventura e vita\u00bb.<\/p>\n<p>Il riconoscimento sar\u00e0 consegnato a Robert Harris <strong>sabato 22 settembre<\/strong> (ore 18, Pordenone &#8211; Teatro Verdi). Seguir\u00e0 l\u2019incontro dell\u2019autore con il pubblico di <em>pordenonelegge<\/em>: un appuntamento incentrato sui legami fra il romanzo e la storia, a partire anche dall\u2019ultima e avvincente pubblicazione, <em>Monaco<\/em> (Mondadori), giallo storico che ruota intorno alle decisioni della Conferenza di Monaco del 1938 e al predecessore di Winston Churchill, Neville Chamberlain, che attraverso quegli accordi \u201crub\u00f2\u201d ad Hitler un anno di tempo, i dodici mesi necessari a rimettere in piedi l\u2019esercito britannico per arrestare l\u2019avanzata del Fuhrer e vincere, insieme alle potenze alleate, la Seconda guerra mondiale. \u00abQuanto ci appare ora al passato, un tempo era al futuro. Dobbiamo esserne sempre consapevoli rileggendo la storia\u00bb, sottolinea infatti <strong>Harris<\/strong> a proposito di <em>Monaco<\/em>.<\/p>\n<p>Giunto all\u201911^ edizione, il <strong>Premio<\/strong> <strong>Cr\u00e9dit Agricole<\/strong> <strong>FriulAdria <em>La storia in un romanzo<\/em><\/strong> \u00e8 stato assegnato, dal 2008 ad oggi, ad Arturo Per\u00e9z-Reverte, Abraham Yehoshua, Art Spiegelman, Alessandro Baricco, Ian McEwan, Martin Amis, Umberto Eco, Emmanuel Carr\u00e8re, Javier Cercas e Wole Soyinka. \u00a0<\/p>\n<p><strong><em>pordenonelegge.it 2018<\/em>, Festa del Libro con gli Autori, \u00e8 in programma da mercoled\u00ec 19 a domenica 23 settembre<\/strong> nel centro storico di Pordenone per iniziativa della <strong>Fondazione pordenonelegge.it:<\/strong> in una quarantina di location si alterneranno centinaia di protagonisti italiani e stranieri (scrittori, editori, giornalisti, filosofi, sociologi, artisti, scienziati), chiamati a confrontarsi in oltre 600 incontri, dialoghi, lezioni magistrali, anteprime editoriali, degustazioni, percorsi espositivi e spettacoli.<\/p>\n","protected":false},"excerpt":{"rendered":"<p>La consegna il 22 settembre<\/p>\n","protected":false},"author":28,"featured_media":26928,"comment_status":"closed","ping_status":"closed","sticky":false,"template":"","format":"standard","meta":{"dwc-title":[],"dwc-content":[],"footnotes":""},"categories":[37],"tags":[],"class_list":["post-26927","post","type-post","status-publish","format-standard","has-post-thumbnail","hentry","category-cultura-e-spettacolo"],"rttpg_featured_image_url":{"full":["https:\/\/imagazine.it\/wp-content\/uploads\/2024\/01\/25974-1.webp",750,537,false],"landscape":["https:\/\/imagazine.it\/wp-content\/uploads\/2024\/01\/25974-1.webp",750,537,false],"portraits":["https:\/\/imagazine.it\/wp-content\/uploads\/2024\/01\/25974-1.webp",750,537,false],"thumbnail":["https:\/\/imagazine.it\/wp-content\/uploads\/2024\/01\/25974-1-150x150.webp",150,150,true],"medium":["https:\/\/imagazine.it\/wp-content\/uploads\/2024\/01\/25974-1-300x215.webp",300,215,true],"large":["https:\/\/imagazine.it\/wp-content\/uploads\/2024\/01\/25974-1.webp",640,458,false],"thumblist":["https:\/\/imagazine.it\/wp-content\/uploads\/2024\/01\/25974-1.webp",300,215,false],"thumbrelated":["https:\/\/imagazine.it\/wp-content\/uploads\/2024\/01\/25974-1.webp",500,358,false],"meccarouselthumb":["https:\/\/imagazine.it\/wp-content\/uploads\/2024\/01\/25974-1.webp",453,324,false],"gridsquare":["https:\/\/imagazine.it\/wp-content\/uploads\/2024\/01\/25974-1.webp",363,260,false],"tileview":["https:\/\/imagazine.it\/wp-content\/uploads\/2024\/01\/25974-1.webp",300,215,false],"1536x1536":["https:\/\/imagazine.it\/wp-content\/uploads\/2024\/01\/25974-1.webp",750,537,false],"2048x2048":["https:\/\/imagazine.it\/wp-content\/uploads\/2024\/01\/25974-1.webp",750,537,false],"newsup-slider-full":["https:\/\/imagazine.it\/wp-content\/uploads\/2024\/01\/25974-1.webp",750,537,false],"newsup-featured":["https:\/\/imagazine.it\/wp-content\/uploads\/2024\/01\/25974-1.webp",750,537,false],"newsup-medium":["https:\/\/imagazine.it\/wp-content\/uploads\/2024\/01\/25974-1-720x380.webp",720,380,true],"tptn_thumbnail":["https:\/\/imagazine.it\/wp-content\/uploads\/2024\/01\/25974-1.webp",250,179,false],"sow-carousel-default":["https:\/\/imagazine.it\/wp-content\/uploads\/2024\/01\/25974-1-272x182.webp",272,182,true]},"rttpg_author":{"display_name":"redazione","author_link":"https:\/\/imagazine.it\/home_desk\/author\/redazione\/"},"rttpg_comment":0,"rttpg_category":"<a href=\"https:\/\/imagazine.it\/home_desk\/category\/cultura-e-spettacolo\/\" rel=\"category tag\">CULTURA&amp;SPETTACOLO<\/a>","rttpg_excerpt":"La consegna il 22 settembre","_links":{"self":[{"href":"https:\/\/imagazine.it\/home_desk\/wp-json\/wp\/v2\/posts\/26927","targetHints":{"allow":["GET"]}}],"collection":[{"href":"https:\/\/imagazine.it\/home_desk\/wp-json\/wp\/v2\/posts"}],"about":[{"href":"https:\/\/imagazine.it\/home_desk\/wp-json\/wp\/v2\/types\/post"}],"author":[{"embeddable":true,"href":"https:\/\/imagazine.it\/home_desk\/wp-json\/wp\/v2\/users\/28"}],"replies":[{"embeddable":true,"href":"https:\/\/imagazine.it\/home_desk\/wp-json\/wp\/v2\/comments?post=26927"}],"version-history":[{"count":0,"href":"https:\/\/imagazine.it\/home_desk\/wp-json\/wp\/v2\/posts\/26927\/revisions"}],"wp:featuredmedia":[{"embeddable":true,"href":"https:\/\/imagazine.it\/home_desk\/wp-json\/wp\/v2\/media\/26928"}],"wp:attachment":[{"href":"https:\/\/imagazine.it\/home_desk\/wp-json\/wp\/v2\/media?parent=26927"}],"wp:term":[{"taxonomy":"category","embeddable":true,"href":"https:\/\/imagazine.it\/home_desk\/wp-json\/wp\/v2\/categories?post=26927"},{"taxonomy":"post_tag","embeddable":true,"href":"https:\/\/imagazine.it\/home_desk\/wp-json\/wp\/v2\/tags?post=26927"}],"curies":[{"name":"wp","href":"https:\/\/api.w.org\/{rel}","templated":true}]}}