{"id":26905,"date":"2018-07-02T00:00:00","date_gmt":"2018-07-01T23:00:00","guid":{"rendered":"https:\/\/imagazine.it\/?p=26905"},"modified":"2018-07-02T00:00:00","modified_gmt":"2018-07-01T23:00:00","slug":"le-stelle-della-musica-a-pordenone","status":"publish","type":"post","link":"https:\/\/imagazine.it\/home_desk\/le-stelle-della-musica-a-pordenone\/","title":{"rendered":"Le stelle della musica a Pordenone"},"content":{"rendered":"<p>Sono oltre 300 gli eventi che accendono l\u2019Estate a Pordenone, organizzata dall&#39;amministrazione comunale col sostegno di Fondazione Friuli e Coop Alleanza 3.0 e la collaborazione di Associazione Sviluppo e Territorio e delle associazioni. Luglio e agosto saranno due mesi fitti di appuntamenti che interesseranno tutta la citt\u00e0: dal centro ai parchi ai quartieri coinvolgendo piazze, cortili, sagrati, palazzi storici e musei, strade e rioni. Un calendario che coniuga cultura e divertimento per tutti e di tutti, costruito assieme a oltre 80 realt\u00e0 e associazioni. Musica, teatro e cinema e mostre, con eventi di risonanza internazionale, ma anche incontri, laboratori, poesia, intrattenimento, sport, poesia, danza, socializzazione, solidariet\u00e0, shopping, divertimento.<\/p>\n<p>L\u2019evento inaugurale, il 2 luglio, sar\u00e0 con la <strong>Sweet soul music revue<\/strong> in piazza XX Settembre in apertura anche del <strong>Pordenone Blues Festival<\/strong>, che proseguir\u00e0 poi al parco di San Valentino con una parata di star: <strong>Anastacia<\/strong> il 5 luglio, <strong>Glenn Hughes<\/strong> (Deep Purple) <strong>Dr. Feelgood<\/strong>, <strong>Eric Gales<\/strong> il 6 luglio, <strong>Level 42<\/strong>, <strong>Lee Fields<\/strong> e <strong>Watermelon Slim<\/strong> il 7 luglio.<\/p>\n<p>Nel mese di agosto (dal 22 al 25) i riflettori saranno puntati sul <strong>Miv festival <\/strong>che porter\u00e0 al parco IV Novembre, in accoppiata col Finger Food Festival, i <strong>Sick Tamburo<\/strong>, <strong>Luciano &#8220;The Messenjah&#8221;<\/strong>, <strong>Echo &#038; The Bunnymen<\/strong> ed <strong>Heaven<\/strong> 17.<\/p>\n<p>Elemento di particolare prestigio sar\u00e0 la residenza della <strong>Gustav Mahler Jugendorchester <\/strong>al Teatro Comunale Giuseppe Verdi e in altri spazi della citt\u00e0 dal 7 al 16 agosto in preparazione del Summer Tour europeo. Durante la loro permanenza i giovani musicisti regaleranno una serata di musica nel centro storico, in quattro luoghi simbolo della citt\u00e0. Ci saranno inoltre\u00a0 ulteriori occasioni per scoprire i segreti di questi straordinari musicisti, in vista dei grandi concerti del 3 e 4 settembre, che chiuderanno proprio a Pordenone il tour internazionale dell\u2019orchestra.<\/p>\n<p>Per la prima volta arriva a Pordenone <strong>Il Piccolo violino magico<\/strong>, concorso internazionale dedicato agli enfant prodige dell\u2019archetto, con un concerto del \u201cPaganini lettone\u201d <strong>Daniil Bulayev<\/strong>, il 3 luglio.<\/p>\n<p>Tradizionale l&#39;appuntamento con il <strong>folklore,<\/strong> del festival giovanile (9 luglio) e del festival di Aviano Piancavallo (14 agosto), sempre in piazza XX Settembre, dove si svolge anche la finale de <strong>Il Tuo canto libero <\/strong>(12 luglio).<\/p>\n<p>La lirica celebrer\u00e0 Rossini con un evento all\u2019auditorium Concordia\u00a0 (24 luglio).<\/p>\n<p>Nuovo \u00e8 il <strong>Bull Days,<\/strong> ovvero il Tour Lamborghini Club Italia, che porter\u00e0 in centro il 7 luglio la storia e il fascino di un mito tutto italiano.<\/p>\n<p>\u00a0<\/p>\n<p><strong>Cinema <\/strong><\/p>\n<p>L\u2019appuntamento col <strong>Cinema sotto le stelle<\/strong> \u00e8 in piazzetta Calderari (luned\u00ec, mercoled\u00ec e venerd\u00ec), grazie a Cinemazero che cura anche <strong>FMK \u2013 International Short Film Festival,<\/strong> vetrina per i giovani filmmakers di tutto il mondo, nel Chiostro di San Francesco dal 17 al 19 luglio tra corti, horror, di animazione, videoconcerti, virtual reality e il Premio Qualit\u00e0 Cr\u00e9dit Agricole Friuladria.<\/p>\n<p>\u00a0<\/p>\n<p><strong>Musica <\/strong><\/p>\n<p>Particolarmente ricca l\u2019offerta musicale classica e non solo. Quattro sono gli appuntamenti coi<strong> Concerti aperitivo <\/strong>a cura del Conservatorio di Udine, la domenica mattina nel Convento di san Francesco.<\/p>\n<p>Per il <strong>Pordenone Music Festival<\/strong> di Farandola sono in programma i concerti dei vincitori del concorso internazionale Diapason d\u2019oro.<\/p>\n<p>Musica Pura porta il <strong>Quartetto d\u2019archi della Scala<\/strong>, <strong>Barocco Europeo<\/strong> propone la musica antica. L\u2019<strong>Orchestra e coro San Marco<\/strong> dipinge la poesia della voce con gli ottoni. Ondedemar presenta <strong>Aida Cooper<\/strong> in piazza XX Settembre.<\/p>\n<p><strong>I Camerieri Italiani<\/strong> scelgono le canzoni dedicate alla figura della donna. La <strong>Scuola di Musica Citt\u00e0 di Pordenone<\/strong> presenta i propri allievi e maestri.<\/p>\n<p>Ci sar\u00e0 musica anche in Galleria Bertoia col coro da camera Gabriel Faur\u00e8, in Galleria Pizzinato con i clarinetti di Farandola e in piazza Risorgimento con Marco Anzovino. Per 3 concerti jazz l&#39;associazione Cem sceglie invece i chiostri di San Francesco e della biblioteca.<\/p>\n<p>\u00a0<\/p>\n<p><strong>Teatro e poesia <\/strong><\/p>\n<p>Molto articolata e varia l\u2019offerta teatrale, che trova un suo importante punto di riferimento nell\u2019arena verde del Castello di Torre, ma si fa anche itinerante nei quartieri con la Scuola Sperimentale dell\u2019Attore, Ortoteatro, Eta Beta Teatro, Arti &#038; Mestieri, Gruppo Teatro Pordenone, Teatro a la coque, Fita.<\/p>\n<p>E anche <strong>Il Teatro c\u2019era una volta<\/strong> di Ortoteatro per bambini e famiglie fa il giro dei quartieri.<\/p>\n<p>Quattro gli omaggi a importanti figure storiche e artistiche: al Beato Odorico con <strong>I Papu<\/strong>, ad Artemisia Gentileschi con le Muse Orfane, a Gaber con <strong>Rocco Barbaro,<\/strong> a Primo Carnera con Valerio Marchi.<\/p>\n<p>Le Giovani attrici di Vallenoncello rimangono fedeli alla loro piazza del cuore, piazza Valle, mentre la poesia, per la sua festa (in collaborazione con pordenonelegge) quest\u2019anno sceglie la Loggia del municipio.<\/p>\n<p>\u00a0<\/p>\n<p><strong>Biblioteca civica e bambini<\/strong><\/p>\n<p>In biblioteca civica si terranno incontri, approfondimenti di cultura musicale e teatrale, e attivit\u00e0 per bambini. Mercoled\u00ec l&#39;appuntamento fisso \u00e8 con il laboratorio di letture animate con attivit\u00e0 creative; il sabato \u00e8 dedicato alle letture ad alta voce per bambini fino a 6 anni e i loro genitori.<\/p>\n<p>Con l&#39;associazione Thesis le biblioteche di quartiere raccontano storie del vicino oriente, con un magico sapore di avventura, per la gioia dei pi\u00f9 piccoli.<\/p>\n<p>In agosto le proposte per bambini raddoppiano con i laboratori creativi di Pilar nei parchi cittadini, ogni venerd\u00ec.<\/p>\n<p>\u00a0<\/p>\n<p><strong>Quartieri<\/strong><\/p>\n<p>I quartieri saranno protagonisti con diversi eventi a partire dal ciclo \u201cLa cultura aiuta a crescere\u201d realizzato in collaborazione con pordenonelegge, che prosegue a luglio con 3 appuntamenti.<\/p>\n<p>A Torre &#8211; dove lo stesso castello museo sar\u00e0 oggetto di speciali visite guidate al tramonto con brindisi finale &#8211; le iniziative vanno dal teatro, alla musica, al ballo, agli incontri, agli spettacoli.<\/p>\n<p>Il quartiere delle Grazie punta sul teatro, Villanova sulla Festa in piassa ad agosto.<\/p>\n<p>Per approfondire la conoscenza dei quartieri ci saranno alcune conferenze dedicate e le visite guidate di Susi Moro tra storia, arte e natura, mentre proseguono al sabato mattina le visite guidate alla citt\u00e0 in collaborazione col Rotary Club.<\/p>\n<p>Itineranti nei quartieri saranno anche alcuni incontri dedicati al beato Odorico e la rassegna Parco sonoro.<\/p>\n<p>\u00a0<\/p>\n<p><strong>Socialit\u00e0, solidariet\u00e0 e dialogo fra culture <\/strong><\/p>\n<p>Tante le iniziative di solidariet\u00e0, per sentirsi comunit\u00e0 e aprirsi al dialogo. Si comincia con la corsa non competitiva Run The Rainbow del 7 luglio in collaborazione con l&#39;Ente Nazionale Sordi di Pordenone e si prosegue con i laboratori di mosaico della Fondazione Bambini e Autismo, per arrivare alla compagnia Applauso dell\u2019I.C. Manzi di Cordenons, che sale sul palco pensando ai bambini malati di Duchenne.<\/p>\n<p>Anche Andrea Cia fa musica con spirito solidale, sostenendo le associazioni di volontariato, mentre il Cercalibro (23\/24 luglio, Biblioteca civica) permette agli studenti di scambiarsi i libri di testo.<\/p>\n<p>Il Teatro c\u2019era una volta va a anche a Casa Serena, unendo le generazioni dei nonni e dei nipoti, mentre la<strong> Cena in contrada <\/strong>di Sei di Pordenone con i tavoli lungo corso Vittorio Emanuele II (21 luglio) risveglia il sentimento di unione e amore per la citt\u00e0. A promuovere il dialogo tra le culture ci pensa dal 10 al 14 luglio nel Convento di San Francesco il festival <strong>Raccontare il deserto<\/strong> con un ricco calendario per scoprire l\u2019Africa e le sue culture.<\/p>\n<p>\u00a0<\/p>\n<p><strong>I Gioved\u00ec sotto le stelle<\/strong><\/p>\n<p>I gioved\u00ec di luglio sono sotto le stelle con i negozi aperti e tante iniziative in centro citt\u00e0, a cura di Sviluppo e Territorio e altre associazioni cittadine: dalle esibizioni di ballo, all\u2019anguriata, dai concerti a Palazzo Gregoris a PordenOnAir (che a luglio sar\u00e0 di gioved\u00ec e venerd\u00ec), dai giochi da tavolo ai balocchi per i bambini, dalle multivisioni alla presentazione di libri, ai concerti corali. Per l\u2019occasione saranno aperti in orario serale anche i musei.<\/p>\n<p>Altra serata di negozi aperti e iniziative per tutti sar\u00e0 la shopping night in blues il 7 luglio.<\/p>\n<p>\u00a0<\/p>\n<p><strong>En plein air <\/strong><\/p>\n<p>D\u2019estate c\u2019\u00e8 il piacere di fare attivit\u00e0 fisica all\u2019aria aperta, che con le <strong>discese in canoa<\/strong> (al sabato o la domenica) e il <strong>Noncello Sunday <\/strong>(22 luglio) diventa occasione per riscoprire e vivere il Noncello.<\/p>\n<p>C\u2019\u00e8 voglia di ritrovare il contatto con il fiume anche attraverso attivit\u00e0 artistiche, cos\u00ec l\u2019<strong>Accademia Naonis <\/strong>sceglie il ponte di Adamo ed Eva per il suo concerto con canzoni d\u2019amore e libert\u00e0 e Cinemazero l&#39;imbarcadero per la proiezione del film La forma dell\u2019acqua.<\/p>\n<p>Sotto la Loggia arriva la Milonga e in via Mazzini il 28 luglio si fa allenamento di strada (street workout).<\/p>\n<p>Tra gli eventi sportivi figurano infine il meeting di atletica leggera Mario Agosti e il ciclismo, su pista e su strada.<\/p>\n<p>\u00a0<\/p>\n<p><strong>Mostre e Musei<\/strong><\/p>\n<p>Ricca e variegata la proposta espositiva. La Galleria Bertoia ospita la doppia mostra <strong>Ville venete<\/strong> e<strong> Ville friulane, istriane e dalmate<\/strong>. Al Museo di storia naturale si possono ammirare le foto di Sergio Vaccher sui <strong>Magredi, fra sassi terre e acque<\/strong>.<\/p>\n<p>Il Museo civico d\u2019arte (inaugurazione il 6 luglio) accoglie la mostra fotografica <strong>Oltre le porte <\/strong>di Ulderica Da Pozzo.<\/p>\n<p>Al Museo archeologico di Torre dall\u20198 luglio il focus sar\u00e0 sulla Grande Guerra con <strong>Graffiti di guerra<\/strong>. Nelle sale espositive della Biblioteca protagoniste dal 7 luglio sono le <strong>Parole estroflesse <\/strong>di Renato De Marco.<\/p>\n<p>Sono visitabili per tutta l\u2019estate le opere di land art di <strong>Humus Park<\/strong> nei parchi del Seminario e della Villa Romana a Torre, con la possibilit\u00e0 di approfondire al sabato pomeriggio con le visite guidate.<\/p>\n<p>Durante tutta l\u2019estate l\u2019ingresso ai musei e alla Galleria Bertoia sar\u00e0 gratuito.<\/p>\n","protected":false},"excerpt":{"rendered":"<p>Al via la kermesse estiva<\/p>\n","protected":false},"author":28,"featured_media":26906,"comment_status":"closed","ping_status":"closed","sticky":false,"template":"","format":"standard","meta":{"dwc-title":[],"dwc-content":[],"footnotes":""},"categories":[37],"tags":[],"class_list":["post-26905","post","type-post","status-publish","format-standard","has-post-thumbnail","hentry","category-cultura-e-spettacolo"],"rttpg_featured_image_url":{"full":["https:\/\/imagazine.it\/wp-content\/uploads\/2024\/01\/25944-1.webp",750,472,false],"landscape":["https:\/\/imagazine.it\/wp-content\/uploads\/2024\/01\/25944-1.webp",750,472,false],"portraits":["https:\/\/imagazine.it\/wp-content\/uploads\/2024\/01\/25944-1.webp",750,472,false],"thumbnail":["https:\/\/imagazine.it\/wp-content\/uploads\/2024\/01\/25944-1-150x150.webp",150,150,true],"medium":["https:\/\/imagazine.it\/wp-content\/uploads\/2024\/01\/25944-1-300x189.webp",300,189,true],"large":["https:\/\/imagazine.it\/wp-content\/uploads\/2024\/01\/25944-1.webp",640,403,false],"thumblist":["https:\/\/imagazine.it\/wp-content\/uploads\/2024\/01\/25944-1.webp",300,189,false],"thumbrelated":["https:\/\/imagazine.it\/wp-content\/uploads\/2024\/01\/25944-1.webp",500,315,false],"meccarouselthumb":["https:\/\/imagazine.it\/wp-content\/uploads\/2024\/01\/25944-1.webp",474,298,false],"gridsquare":["https:\/\/imagazine.it\/wp-content\/uploads\/2024\/01\/25944-1.webp",391,246,false],"tileview":["https:\/\/imagazine.it\/wp-content\/uploads\/2024\/01\/25944-1.webp",300,189,false],"1536x1536":["https:\/\/imagazine.it\/wp-content\/uploads\/2024\/01\/25944-1.webp",750,472,false],"2048x2048":["https:\/\/imagazine.it\/wp-content\/uploads\/2024\/01\/25944-1.webp",750,472,false],"newsup-slider-full":["https:\/\/imagazine.it\/wp-content\/uploads\/2024\/01\/25944-1.webp",750,472,false],"newsup-featured":["https:\/\/imagazine.it\/wp-content\/uploads\/2024\/01\/25944-1.webp",750,472,false],"newsup-medium":["https:\/\/imagazine.it\/wp-content\/uploads\/2024\/01\/25944-1-720x380.webp",720,380,true],"tptn_thumbnail":["https:\/\/imagazine.it\/wp-content\/uploads\/2024\/01\/25944-1.webp",250,157,false],"sow-carousel-default":["https:\/\/imagazine.it\/wp-content\/uploads\/2024\/01\/25944-1-272x182.webp",272,182,true]},"rttpg_author":{"display_name":"redazione","author_link":"https:\/\/imagazine.it\/home_desk\/author\/redazione\/"},"rttpg_comment":0,"rttpg_category":"<a href=\"https:\/\/imagazine.it\/home_desk\/category\/cultura-e-spettacolo\/\" rel=\"category tag\">CULTURA&amp;SPETTACOLO<\/a>","rttpg_excerpt":"Al via la kermesse estiva","_links":{"self":[{"href":"https:\/\/imagazine.it\/home_desk\/wp-json\/wp\/v2\/posts\/26905","targetHints":{"allow":["GET"]}}],"collection":[{"href":"https:\/\/imagazine.it\/home_desk\/wp-json\/wp\/v2\/posts"}],"about":[{"href":"https:\/\/imagazine.it\/home_desk\/wp-json\/wp\/v2\/types\/post"}],"author":[{"embeddable":true,"href":"https:\/\/imagazine.it\/home_desk\/wp-json\/wp\/v2\/users\/28"}],"replies":[{"embeddable":true,"href":"https:\/\/imagazine.it\/home_desk\/wp-json\/wp\/v2\/comments?post=26905"}],"version-history":[{"count":0,"href":"https:\/\/imagazine.it\/home_desk\/wp-json\/wp\/v2\/posts\/26905\/revisions"}],"wp:featuredmedia":[{"embeddable":true,"href":"https:\/\/imagazine.it\/home_desk\/wp-json\/wp\/v2\/media\/26906"}],"wp:attachment":[{"href":"https:\/\/imagazine.it\/home_desk\/wp-json\/wp\/v2\/media?parent=26905"}],"wp:term":[{"taxonomy":"category","embeddable":true,"href":"https:\/\/imagazine.it\/home_desk\/wp-json\/wp\/v2\/categories?post=26905"},{"taxonomy":"post_tag","embeddable":true,"href":"https:\/\/imagazine.it\/home_desk\/wp-json\/wp\/v2\/tags?post=26905"}],"curies":[{"name":"wp","href":"https:\/\/api.w.org\/{rel}","templated":true}]}}