{"id":26903,"date":"2018-06-29T00:00:00","date_gmt":"2018-06-28T23:00:00","guid":{"rendered":"https:\/\/imagazine.it\/?p=26903"},"modified":"2018-06-29T00:00:00","modified_gmt":"2018-06-28T23:00:00","slug":"i-vini-del-fvg-alla-conquista-del-piemonte","status":"publish","type":"post","link":"https:\/\/imagazine.it\/home_desk\/i-vini-del-fvg-alla-conquista-del-piemonte\/","title":{"rendered":"I vini del FVG alla conquista del Piemonte"},"content":{"rendered":"<p>Grandi vini bianchi del Friuli Venezia Giulia a Barolo (Cuneo) fino al 2 luglio in occasione della 10\/a edizione dell\u2019evento internazionale <strong>Collisioni Festival<\/strong>, la manifestazione \u201cagri-rock\u201d che rappresenta una nuova formula per coniugare cultura e territorio, enogastronomia e spettacolo, nel contesto paesaggistico delle Langhe piemontesi.<\/p>\n<p>Per il sesto anno consecutivo l\u2019Ersa, agenzia regionale per lo sviluppo rurale, ha organizzato la presenza e gestir\u00e0 la partecipazione dei vini e dei produttori del Friuli Venezia Giulia al festival, che si colloca nell\u2019ambito dell\u2019ormai consolidato gemellaggio tra i bianchi del FVG e il Barolo, prestigioso rosso a DOCG e ambasciatore dei vini piemontesi nel mondo.<\/p>\n<p>\u201cUna presenza sempre importante quella del Friuli Venezia Giulia a Barolo \u2013 sottolinea il direttore dell\u2019Ersa <strong>Serena Cutrano<\/strong> \u2013, in occasione di un\u2019iniziativa che \u00e8 volta a creare strategie promozionali condivise tra le Regioni Piemonte e Friuli Venezia Giulia come previsto dal\u00a0 protocollo d&#39;intesa fra le due regioni per la valorizzazione dei prodotti agroalimentari\u201d.<\/p>\n<p>Molteplici le attivit\u00e0 previste: sabato 30 giugno, dalle 9.30 alle 12.30, al Castello di Barolo, nell\u2019ambito del cartellone \u201cProgetto Vino\u201d di Collisioni sar\u00e0 realizzata una degustazione per la promozione dei vini bianchi regionali alla presenza di circa 15 critici e\/o esperti internazionali e con la\u00a0 partecipazione di dieci aziende rappresentative del Friuli Venezia Giulia. Sempre sabato 30 giugno, alle 16, sul Palco Wine &#038;Food a Barolo, incontro interregionale tra Friuli Venezia Giulia e Piemonte alla presenza dei due assessori regionali all\u2019Agricoltura, <strong>Giorgio Ferrero<\/strong> e <strong>Stefano Zannier<\/strong>.<\/p>\n<p>Tra sabato 30 giugno e domenica 1 luglio, dalle 10 alle 23, nell\u2019Area Autori, dedicata ai soli ospiti che intervengono alla manifestazione (musicisti, scrittori e giornalisti), sar\u00e0 allestito un banco per la presentazione e la degustazione dei vini regionali, con distribuzione del relativo materiale informativo. Nella Piazza Caduti per la Libert\u00e0 sar\u00e0 attiva da venerd\u00ec 29 giugno a luned\u00ec 2 luglio 2018, dalle 10.00 fino all\u2019una di notte, l\u2019Enoteca dei Vini del Friuli Venezia Giulia, gestita dall\u2019Associazione Sommelier del FVG, che proporr\u00e0 al vasto pubblico una selezione dei migliori vini bianchi e dei prodotti agroalimentari tipici della regione.\u00a0<\/p>\n","protected":false},"excerpt":{"rendered":"<p>Collisioni Festival<\/p>\n","protected":false},"author":28,"featured_media":26904,"comment_status":"closed","ping_status":"closed","sticky":false,"template":"","format":"standard","meta":{"dwc-title":[],"dwc-content":[],"footnotes":""},"categories":[6],"tags":[],"class_list":["post-26903","post","type-post","status-publish","format-standard","has-post-thumbnail","hentry","category-societa"],"rttpg_featured_image_url":{"full":["https:\/\/imagazine.it\/wp-content\/uploads\/2024\/01\/25942-1.webp",750,421,false],"landscape":["https:\/\/imagazine.it\/wp-content\/uploads\/2024\/01\/25942-1.webp",750,421,false],"portraits":["https:\/\/imagazine.it\/wp-content\/uploads\/2024\/01\/25942-1.webp",750,421,false],"thumbnail":["https:\/\/imagazine.it\/wp-content\/uploads\/2024\/01\/25942-1-150x150.webp",150,150,true],"medium":["https:\/\/imagazine.it\/wp-content\/uploads\/2024\/01\/25942-1-300x168.webp",300,168,true],"large":["https:\/\/imagazine.it\/wp-content\/uploads\/2024\/01\/25942-1.webp",640,359,false],"thumblist":["https:\/\/imagazine.it\/wp-content\/uploads\/2024\/01\/25942-1.webp",300,168,false],"thumbrelated":["https:\/\/imagazine.it\/wp-content\/uploads\/2024\/01\/25942-1.webp",500,281,false],"meccarouselthumb":["https:\/\/imagazine.it\/wp-content\/uploads\/2024\/01\/25942-1.webp",474,266,false],"gridsquare":["https:\/\/imagazine.it\/wp-content\/uploads\/2024\/01\/25942-1.webp",391,219,false],"tileview":["https:\/\/imagazine.it\/wp-content\/uploads\/2024\/01\/25942-1.webp",300,168,false],"1536x1536":["https:\/\/imagazine.it\/wp-content\/uploads\/2024\/01\/25942-1.webp",750,421,false],"2048x2048":["https:\/\/imagazine.it\/wp-content\/uploads\/2024\/01\/25942-1.webp",750,421,false],"newsup-slider-full":["https:\/\/imagazine.it\/wp-content\/uploads\/2024\/01\/25942-1.webp",750,421,false],"newsup-featured":["https:\/\/imagazine.it\/wp-content\/uploads\/2024\/01\/25942-1.webp",750,421,false],"newsup-medium":["https:\/\/imagazine.it\/wp-content\/uploads\/2024\/01\/25942-1-720x380.webp",720,380,true],"tptn_thumbnail":["https:\/\/imagazine.it\/wp-content\/uploads\/2024\/01\/25942-1.webp",250,140,false],"sow-carousel-default":["https:\/\/imagazine.it\/wp-content\/uploads\/2024\/01\/25942-1-272x182.webp",272,182,true]},"rttpg_author":{"display_name":"redazione","author_link":"https:\/\/imagazine.it\/home_desk\/author\/redazione\/"},"rttpg_comment":0,"rttpg_category":"<a href=\"https:\/\/imagazine.it\/home_desk\/category\/societa\/\" rel=\"category tag\">SOCIET\u00c0<\/a>","rttpg_excerpt":"Collisioni Festival","_links":{"self":[{"href":"https:\/\/imagazine.it\/home_desk\/wp-json\/wp\/v2\/posts\/26903","targetHints":{"allow":["GET"]}}],"collection":[{"href":"https:\/\/imagazine.it\/home_desk\/wp-json\/wp\/v2\/posts"}],"about":[{"href":"https:\/\/imagazine.it\/home_desk\/wp-json\/wp\/v2\/types\/post"}],"author":[{"embeddable":true,"href":"https:\/\/imagazine.it\/home_desk\/wp-json\/wp\/v2\/users\/28"}],"replies":[{"embeddable":true,"href":"https:\/\/imagazine.it\/home_desk\/wp-json\/wp\/v2\/comments?post=26903"}],"version-history":[{"count":0,"href":"https:\/\/imagazine.it\/home_desk\/wp-json\/wp\/v2\/posts\/26903\/revisions"}],"wp:featuredmedia":[{"embeddable":true,"href":"https:\/\/imagazine.it\/home_desk\/wp-json\/wp\/v2\/media\/26904"}],"wp:attachment":[{"href":"https:\/\/imagazine.it\/home_desk\/wp-json\/wp\/v2\/media?parent=26903"}],"wp:term":[{"taxonomy":"category","embeddable":true,"href":"https:\/\/imagazine.it\/home_desk\/wp-json\/wp\/v2\/categories?post=26903"},{"taxonomy":"post_tag","embeddable":true,"href":"https:\/\/imagazine.it\/home_desk\/wp-json\/wp\/v2\/tags?post=26903"}],"curies":[{"name":"wp","href":"https:\/\/api.w.org\/{rel}","templated":true}]}}