{"id":26891,"date":"2018-06-28T00:00:00","date_gmt":"2018-06-27T23:00:00","guid":{"rendered":"https:\/\/imagazine.it\/?p=26891"},"modified":"2018-06-28T00:00:00","modified_gmt":"2018-06-27T23:00:00","slug":"fvg-unestate-di-musica-internazionale","status":"publish","type":"post","link":"https:\/\/imagazine.it\/home_desk\/fvg-unestate-di-musica-internazionale\/","title":{"rendered":"FVG, un&#8217;estate di musica internazionale"},"content":{"rendered":"<p>Presentata la ventesima edizione di &#39;&#39;Nei suoni dei Luoghi&#39;&#39;. La rassegna, organizzata dall&#39;<strong>Associazione Progetto Musica<\/strong>, con la\u00a0<strong>direzione artistica del M\u00b0 Enrico Bronzi<\/strong>\u00a0e grazie al contributo della Regione Friuli Venezia Giulia, della Federazione delle Banche di Credito Cooperativo del Fvg e della CEI &#8211; Central European Initiative (che metter\u00e0 a disposizione sei borse di studio per altrettanti studenti di Accademie dei Paesi Balcanici) anche nel 2018 unir\u00e0 idealmente, con 35 concerti, un territorio transfrontaliero che toccher\u00e0\u00a0<strong>26 comuni in Friuli Venezia Giulia, affiancati da Portogruaro, da quelli sloveni di Nova Gorica e Vipol\u017ee e da Cherso (Croazia), che per la prima volta ospiter\u00e0 un concerto del Festival.\u00a0<\/strong><\/p>\n<p>Ad aprire la rassegna,\u00a0<strong>il 4 luglio alle ore 21 nel giardino di Villa de Brandis di San Giovanni al Natisone<\/strong>, sar\u00e0 La Big Tartini Band. Il gruppo proporr\u00e0 la \u201cSweet Time Suite\u201d &#8211; opera dalla scrittura estremamente lirica e, al contempo, ritmicamente disciplinata, quasi matematica &#8211; di Kenny Wheeler, uno dei pi\u00f9 grandi esponenti mondiali del jazz. Il concerto \u00e8 organizzato in collaborazione con il Conservatorio Tartini di Trieste. \u00a0<\/p>\n<p>Due giorni dopo,\u00a0<strong>venerd\u00ec 6 luglio alle ore 20.45, il secondo appuntamento: a Palazzo Ghersiach di Villesse<\/strong>, il pianista <strong>Giacomo Menegardi<\/strong> proporr\u00e0 alcune tra le pi\u00f9 importanti composizioni pianistiche, dalla sonata n\u00b0 32 di Haydn alla n\u00b0 14 in do minore di Mozart, toccando l&#39;anima romantica di Chopin, le peregrinazioni malinconiche e solitarie di Liszt e il raffinato descrittivismo di Ravel. Il concerto \u00e8 realizzato in collaborazione con il Conservatorio di Musica \u201cA. Steffani\u201d di Castelfranco Veneto.\u00a0<\/p>\n<p>\u00abGrazie anche a rassegne come &#8220;Nei suoni dei luoghi&#8221; la stagione 2018 in Friuli Venezia Giulia sar\u00e0 importante dal punto di vista musicale, ma la prossima lo sar\u00e0 ancora di pi\u00f9, grazie a un fil rouge unico che collegher\u00e0 tutte le iniziative culturali\u00bb, ha affermato l&#39;assessore regionale alla Cultura e Sport <strong>Tiziana Gibelli<\/strong>.<\/p>\n<p>\u00abPortare un festival al traguardo dei 20 anni di vita riteniamo sia un indice della validit\u00e0 della proposta che abbiamo costruito nel corso degli anni. Un risultato possibile anche grazie alla conferma della fiducia dei nostri partner, prima tra tutti la Regione Friuli Venezia Giulia, che quest&#39;anno, con un ulteriore sostegno finanziario, permetter\u00e0 di realizzare una specifica attivit\u00e0 di promozione verso la Slovenia.\u00bb sottolinea\u00a0<strong>Loris Celetto, Direttore generale dell\u2019Associazione Progetto Musica.<\/strong><\/p>\n<p>\u00abNei suoni dei luoghi assolve al preciso compito di creare un raccordo tra la preparazione accademica superiore e l\u2019attivit\u00e0 concertistica. La parte pi\u00f9 bella nel costruire il festival \u201cNei suoni dei luoghi\u201d sta sicuramente nel momento delle selezioni. In quei giorni viaggiamo per ascoltare i candidati nelle Accademie, Licei e Conservatori che aderiscono alla nostra manifestazione. \u00c8 un viaggio in mezzo a musicisti pieni di entusiasmo e ideali. Ma \u00e8 anche il momento in cui questi giovani artisti testano il frutto del loro lavoro, fatto di studio e disciplina, senza i quali il loro talento non significherebbe nulla. \u00c8 insomma un\u2019esperienza di giovent\u00f9, speranze, rigore e talento, nel nome della bellezza e della verit\u00e0 contenute nel patrimonio della musica occidentale\u00bb precisa\u00a0<strong>Enrico Bronzi, Direttore artistico del Festival.<\/strong><\/p>\n<p>Trenta comuni per trentacinque concerti che spazieranno dal classico alle ardite rivisitazioni della musica pop rock, dalle tradizioni secolari a un excursus tra le colonne sonore del grande schermo fino al frizzante mix di intrattenimento e musica.\u00a0<\/p>\n<p>Da segnalare gli appuntamenti del\u00a0<strong>18 luglio a Pradamano<\/strong>, con\u00a0<strong>Corazon de Tango &#038; Tango Fatal<\/strong>, spettacolo che far\u00e0 rinascere sul palcoscenico le sensuali e misteriose atmosfere porte\u00f1e, quello del\u00a0<strong>28 luglio a Villa Pighin di Pavia di Udine<\/strong>\u00a0con l&#39;<strong>ArTime String Quartet<\/strong>\u00a0che ripercorrer\u00e0 alcuni tra i maggiori successi della musica pop, rock e jazz, da\u00a0 Modugno a i Beatles, dai Metallica ai Queen rivisitandoli in chiave quartettistica e<strong>\u00a0l&#39;esibizione di Aleksandra Jovanovi\u0107 (soprano) e Milivoje Velji\u0107, (pianoforte)<\/strong>\u00a0al Castello di Gorizia (31 luglio) abbinato a visita guidata del castello e degustazione. \u00a0<\/p>\n<p>Immancabile l&#39;appuntamento con la\u00a0<strong>Sinfonietta Movie Ensemble<\/strong>, che quest&#39;anno si esibir\u00e0 il\u00a0<strong>1 agosto ad Aquileia<\/strong>\u00a0con un omaggio alle pi\u00f9 belle e conosciute colonne sonore scritte per il cinema.<\/p>\n<p>Il\u00a0<strong>Trio di Parma\u00a0<\/strong>si esibir\u00e0 a Palazzo Veneziano di<strong>\u00a0Malborghetto-Valbruna il 17 agosto<\/strong>, organizzato in collaborazione con Carniarmonie.\u00a0E ancora,\u00a0<strong>luned\u00ec 27 agosto a Villa Chiopris a Chiopris Viscone<\/strong>\u00a0sar\u00e0 di scena la pianista\u00a0<strong>Ivana Damjanov<\/strong>.\u00a0<\/p>\n<p>Il Teatro Odeon di Latisana ospiter\u00e0 il<strong>\u00a029 settembre uno degli appuntamenti pi\u00f9 attesi: gli archi di Stefan Milenkovich (violino) ed Enrico Bronzi (violoncello)<\/strong>, che si esibiranno per la prima volta insieme, nel concerto organizzato in collaborazione con l\u2019Ente Regionale Teatrale del Fvg.\u00a0<\/p>\n<p><strong><em>I \u201cConcerti al Buio\u201d<\/em><\/strong><\/p>\n<p>In collaborazione con l&#39;<strong>Istituto Rittmeyer per i Ciechi di Trieste<\/strong>\u00a0verr\u00e0 riproposta l\u2019esperienza del \u201cConcerto al Buio\u201d che anche quest&#39;anno prevede due date:\u00a0<strong>venerd\u00ec 28 settembre con Stefan Milenkovich<\/strong>\u00a0e il\u00a0<strong>3 dicembre con il Duo Constantini-Minutello<\/strong>. Come sempre, gli appuntamenti (su prenotazione) vedranno gli spettatori seguire l&#39;esibizione completamente al buio, fino al riaccendersi delle luci dopo le ultime note: un\u00a0<strong>appuntamento unico a livello italiano,\u00a0<\/strong>fiore all&#39;occhiello della rassegna, da sempre caratterizzata da una attenzione particolare alla disabilit\u00e0, confermata anche dai<strong>\u00a025 eventi con la qualifica di &#39;&#39;concerto accessibile per le persone con disabilit\u00e0 sensoriale, fisica e cognitiva&#39;&#39;.\u00a0<\/strong><\/p>\n<p><strong><em>Il Circuito dei \u201clegni\u201d<\/em><\/strong><\/p>\n<p>All&#39;interno del Festival\u00a0<strong>si articoler\u00e0 un circuito di concerti dedicato ai \u201cLegni\u201d<\/strong>, ovvero una delle famiglie degli strumenti a fiato, che inizier\u00e0 venerd\u00ec\u00a0<strong>3 agosto a Premariacco<\/strong>\u00a0con il\u00a0<strong>flauto<\/strong>\u00a0di <strong>Deana Simi\u0107<\/strong>, proseguir\u00e0 l&#39;<strong>11 agosto<\/strong>\u00a0a\u00a0<strong>San Lorenzo Isontino\u00a0<\/strong>con i\u00a0<strong>quattro clarinetti<\/strong>\u00a0del Clartet, per tornare nuovamente al\u00a0<strong>clarinetto<\/strong>\u00a0di A<strong>leksa Stojadinovic<\/strong>\u00a0il 14 agosto nella suggestiva atmosfera di\u00a0<strong>Villa Tissano<\/strong>, a\u00a0<strong>Santa Maria la Longa<\/strong>.\u00a0<strong>Flauto, oboe, clarinetto e pianoforte<\/strong>\u00a0saranno protagonisti dell&#39;esibizione del quartetto sloveno dei\u00a0<strong>Four Characters ad Aiello del Friuli\u00a0<\/strong>\u00a0il 25 agosto, mentre gli ultimi tre eventi saranno dedicati rispettivamente al\u00a0<strong>flauto<\/strong>, con l&#39;esibizione da parte di\u00a0<strong>Anja Malkov il 2 settembre a Mariano del Friuli<\/strong>, al\u00a0<strong>fagotto<\/strong>\u00a0nel recital di\u00a0<strong>Aleksa Marinkovi\u0107 il 7 settembre a Vipol\u017ee<\/strong>\u00a0e ancora al\u00a0<strong>clarinetto<\/strong>\u00a0di\u00a0<strong>Marko Derikrava, l\u201911 settembre<\/strong>\u00a0a Giussago di Portogruaro.\u00a0<\/p>\n","protected":false},"excerpt":{"rendered":"<p>Presentato &#8220;Nei suoni dei luoghi&#8221;<\/p>\n","protected":false},"author":28,"featured_media":26892,"comment_status":"closed","ping_status":"closed","sticky":false,"template":"","format":"standard","meta":{"dwc-title":[],"dwc-content":[],"footnotes":""},"categories":[37],"tags":[],"class_list":["post-26891","post","type-post","status-publish","format-standard","has-post-thumbnail","hentry","category-cultura-e-spettacolo"],"rttpg_featured_image_url":{"full":["https:\/\/imagazine.it\/wp-content\/uploads\/2024\/01\/25928-1.webp",750,499,false],"landscape":["https:\/\/imagazine.it\/wp-content\/uploads\/2024\/01\/25928-1.webp",750,499,false],"portraits":["https:\/\/imagazine.it\/wp-content\/uploads\/2024\/01\/25928-1.webp",750,499,false],"thumbnail":["https:\/\/imagazine.it\/wp-content\/uploads\/2024\/01\/25928-1-150x150.webp",150,150,true],"medium":["https:\/\/imagazine.it\/wp-content\/uploads\/2024\/01\/25928-1-300x200.webp",300,200,true],"large":["https:\/\/imagazine.it\/wp-content\/uploads\/2024\/01\/25928-1.webp",640,426,false],"thumblist":["https:\/\/imagazine.it\/wp-content\/uploads\/2024\/01\/25928-1.webp",300,200,false],"thumbrelated":["https:\/\/imagazine.it\/wp-content\/uploads\/2024\/01\/25928-1.webp",500,333,false],"meccarouselthumb":["https:\/\/imagazine.it\/wp-content\/uploads\/2024\/01\/25928-1.webp",474,315,false],"gridsquare":["https:\/\/imagazine.it\/wp-content\/uploads\/2024\/01\/25928-1.webp",391,260,false],"tileview":["https:\/\/imagazine.it\/wp-content\/uploads\/2024\/01\/25928-1.webp",300,200,false],"1536x1536":["https:\/\/imagazine.it\/wp-content\/uploads\/2024\/01\/25928-1.webp",750,499,false],"2048x2048":["https:\/\/imagazine.it\/wp-content\/uploads\/2024\/01\/25928-1.webp",750,499,false],"newsup-slider-full":["https:\/\/imagazine.it\/wp-content\/uploads\/2024\/01\/25928-1.webp",750,499,false],"newsup-featured":["https:\/\/imagazine.it\/wp-content\/uploads\/2024\/01\/25928-1.webp",750,499,false],"newsup-medium":["https:\/\/imagazine.it\/wp-content\/uploads\/2024\/01\/25928-1-720x380.webp",720,380,true],"tptn_thumbnail":["https:\/\/imagazine.it\/wp-content\/uploads\/2024\/01\/25928-1.webp",250,166,false],"sow-carousel-default":["https:\/\/imagazine.it\/wp-content\/uploads\/2024\/01\/25928-1-272x182.webp",272,182,true]},"rttpg_author":{"display_name":"redazione","author_link":"https:\/\/imagazine.it\/home_desk\/author\/redazione\/"},"rttpg_comment":0,"rttpg_category":"<a href=\"https:\/\/imagazine.it\/home_desk\/category\/cultura-e-spettacolo\/\" rel=\"category tag\">CULTURA&amp;SPETTACOLO<\/a>","rttpg_excerpt":"Presentato \"Nei suoni dei luoghi\"","_links":{"self":[{"href":"https:\/\/imagazine.it\/home_desk\/wp-json\/wp\/v2\/posts\/26891","targetHints":{"allow":["GET"]}}],"collection":[{"href":"https:\/\/imagazine.it\/home_desk\/wp-json\/wp\/v2\/posts"}],"about":[{"href":"https:\/\/imagazine.it\/home_desk\/wp-json\/wp\/v2\/types\/post"}],"author":[{"embeddable":true,"href":"https:\/\/imagazine.it\/home_desk\/wp-json\/wp\/v2\/users\/28"}],"replies":[{"embeddable":true,"href":"https:\/\/imagazine.it\/home_desk\/wp-json\/wp\/v2\/comments?post=26891"}],"version-history":[{"count":0,"href":"https:\/\/imagazine.it\/home_desk\/wp-json\/wp\/v2\/posts\/26891\/revisions"}],"wp:featuredmedia":[{"embeddable":true,"href":"https:\/\/imagazine.it\/home_desk\/wp-json\/wp\/v2\/media\/26892"}],"wp:attachment":[{"href":"https:\/\/imagazine.it\/home_desk\/wp-json\/wp\/v2\/media?parent=26891"}],"wp:term":[{"taxonomy":"category","embeddable":true,"href":"https:\/\/imagazine.it\/home_desk\/wp-json\/wp\/v2\/categories?post=26891"},{"taxonomy":"post_tag","embeddable":true,"href":"https:\/\/imagazine.it\/home_desk\/wp-json\/wp\/v2\/tags?post=26891"}],"curies":[{"name":"wp","href":"https:\/\/api.w.org\/{rel}","templated":true}]}}