{"id":26873,"date":"2018-06-25T00:00:00","date_gmt":"2018-06-24T23:00:00","guid":{"rendered":"https:\/\/imagazine.it\/?p=26873"},"modified":"2018-06-25T00:00:00","modified_gmt":"2018-06-24T23:00:00","slug":"selezione-del-vino-di-aquileia-e-della-riviera-friulana-premiazioni-a-cervignano","status":"publish","type":"post","link":"https:\/\/imagazine.it\/home_desk\/selezione-del-vino-di-aquileia-e-della-riviera-friulana-premiazioni-a-cervignano\/","title":{"rendered":"Selezione del vino di Aquileia e della Riviera Friulana, premiazioni a Cervignano"},"content":{"rendered":"<p>\u00abIl comparto enologico regionale \u00e8, indubbiamente, un\u2019eccellenza del territorio, ma le sfide da vincere sono ancora tante\u00bb. Lo ha affermato l\u2019assessore regionale alle Risorse agroalimentari, <strong>Stefano Zannier<\/strong>, intervenendo all\u2019apertura delle degustazioni della \u201c57ma Selezione del vino di Aquileia e della Riviera Friulana\u201d, svoltasi a Villa Iachia di Ruda. \u00abLa Regione, dopo aver ascoltato tutti i protagonisti del comparto, metter\u00e0 in campo una nuova strategia di promozione che valorizzi tutte le eccellenze, insieme. Quello che conta \u00e8 che la sintesi delle proposte arrivi dalla filiera. Poi la politica prender\u00e0 le sue decisioni\u00bb.<\/p>\n<p>\u00abDa oltre 50 anni \u2013 ha aggiunto <strong>Franco Clementin<\/strong>, presidente del Consorzio della Doc Friuli Aquileia \u2013 il nostro Consorzio ospita la Selezione per presentare, poi, i suoi migliori prodotti al pubblico. Lavoriamo insieme da molti anni con i colleghi della Riviera Friulana mantenendo Aquileia, simbolicamente ma non a caso, come capitale e luogo di riferimento per tutti\u00bb.<\/p>\n<p>L\u2019obiettivo della Selezione, infatti, \u00e8 quello di far conoscere, valorizzare e promuovere le migliori produzioni enologiche dei territori della Riviera Friulana, nonch\u00e9 di premiare e stimolare lo sforzo delle aziende vinicole delle Doc Friuli Aquileia, Latisana e Annia al continuo miglioramento qualitativo dei loro vini.<\/p>\n<p>La degustazione ha visto la presenza di 50 esperti degustatori, professionalmente guidati dal vicepresidente e responsabile delle degustazioni di Assoenologi FVG, <strong>Matteo Lovo<\/strong>, suddivisi in 10 commissioni composte ognuna da 5 commissari. Ciascuna commissione ha assaggiato dai 14 ai 15 vini per un totale di oltre 140 campioni suddivisi in 5 categorie (vini bianchi tranquilli, vini bianchi aromatici, vini bianchi spumanti e frizzanti, vini rossi e, categoria dedicata, Refosco dal peduncolo rosso).<\/p>\n<p>Per la degustazione, organizzata dal Consorzio Tutela Vini Doc Friuli Aquileia in collaborazione con gli omologhi Friuli Latisana e Friuli Annia e con il patrocinio dell\u2019Ersa, del Comune di Ruda e del Consorzio delle Doc-FVG, sono stati utilizzati circa 1.000 calici e sono state impiegate 11 persone per il servizio.<\/p>\n<p>Alla serata erano presenti anche il sindaco di Ruda, <strong>Franco Lenarduzzi<\/strong>, e il presidente di Assoenologi FVG, <strong>Rodolfo Rizzi<\/strong>.<\/p>\n<p>Le premiazioni avranno luogo nel corso la 4^ edizione della Festa del Refosco, organizzata dal Comune di Cervignano del Friuli, che si terr\u00e0 domenica 2 settembre presso il parco di Villa Chiozza, a Scodovacca di Cervignano. Sar\u00e0 premiato il miglior vino per ogni categoria e la miglior azienda.<\/p>\n","protected":false},"excerpt":{"rendered":"<p>Appuntamento il 2 settembre<\/p>\n","protected":false},"author":28,"featured_media":26874,"comment_status":"closed","ping_status":"closed","sticky":false,"template":"","format":"standard","meta":{"dwc-title":[],"dwc-content":[],"footnotes":""},"categories":[5],"tags":[],"class_list":["post-26873","post","type-post","status-publish","format-standard","has-post-thumbnail","hentry","category-attualita"],"rttpg_featured_image_url":{"full":["https:\/\/imagazine.it\/wp-content\/uploads\/2024\/01\/25903-1.webp",750,500,false],"landscape":["https:\/\/imagazine.it\/wp-content\/uploads\/2024\/01\/25903-1.webp",750,500,false],"portraits":["https:\/\/imagazine.it\/wp-content\/uploads\/2024\/01\/25903-1.webp",750,500,false],"thumbnail":["https:\/\/imagazine.it\/wp-content\/uploads\/2024\/01\/25903-1-150x150.webp",150,150,true],"medium":["https:\/\/imagazine.it\/wp-content\/uploads\/2024\/01\/25903-1-300x200.webp",300,200,true],"large":["https:\/\/imagazine.it\/wp-content\/uploads\/2024\/01\/25903-1.webp",640,427,false],"thumblist":["https:\/\/imagazine.it\/wp-content\/uploads\/2024\/01\/25903-1.webp",300,200,false],"thumbrelated":["https:\/\/imagazine.it\/wp-content\/uploads\/2024\/01\/25903-1.webp",500,333,false],"meccarouselthumb":["https:\/\/imagazine.it\/wp-content\/uploads\/2024\/01\/25903-1.webp",474,316,false],"gridsquare":["https:\/\/imagazine.it\/wp-content\/uploads\/2024\/01\/25903-1.webp",391,260,false],"tileview":["https:\/\/imagazine.it\/wp-content\/uploads\/2024\/01\/25903-1.webp",300,200,false],"1536x1536":["https:\/\/imagazine.it\/wp-content\/uploads\/2024\/01\/25903-1.webp",750,500,false],"2048x2048":["https:\/\/imagazine.it\/wp-content\/uploads\/2024\/01\/25903-1.webp",750,500,false],"newsup-slider-full":["https:\/\/imagazine.it\/wp-content\/uploads\/2024\/01\/25903-1.webp",750,500,false],"newsup-featured":["https:\/\/imagazine.it\/wp-content\/uploads\/2024\/01\/25903-1.webp",750,500,false],"newsup-medium":["https:\/\/imagazine.it\/wp-content\/uploads\/2024\/01\/25903-1-720x380.webp",720,380,true],"tptn_thumbnail":["https:\/\/imagazine.it\/wp-content\/uploads\/2024\/01\/25903-1.webp",250,167,false],"sow-carousel-default":["https:\/\/imagazine.it\/wp-content\/uploads\/2024\/01\/25903-1-272x182.webp",272,182,true]},"rttpg_author":{"display_name":"redazione","author_link":"https:\/\/imagazine.it\/home_desk\/author\/redazione\/"},"rttpg_comment":0,"rttpg_category":"<a href=\"https:\/\/imagazine.it\/home_desk\/category\/attualita\/\" rel=\"category tag\">ATTUALIT\u00c0<\/a>","rttpg_excerpt":"Appuntamento il 2 settembre","_links":{"self":[{"href":"https:\/\/imagazine.it\/home_desk\/wp-json\/wp\/v2\/posts\/26873","targetHints":{"allow":["GET"]}}],"collection":[{"href":"https:\/\/imagazine.it\/home_desk\/wp-json\/wp\/v2\/posts"}],"about":[{"href":"https:\/\/imagazine.it\/home_desk\/wp-json\/wp\/v2\/types\/post"}],"author":[{"embeddable":true,"href":"https:\/\/imagazine.it\/home_desk\/wp-json\/wp\/v2\/users\/28"}],"replies":[{"embeddable":true,"href":"https:\/\/imagazine.it\/home_desk\/wp-json\/wp\/v2\/comments?post=26873"}],"version-history":[{"count":0,"href":"https:\/\/imagazine.it\/home_desk\/wp-json\/wp\/v2\/posts\/26873\/revisions"}],"wp:featuredmedia":[{"embeddable":true,"href":"https:\/\/imagazine.it\/home_desk\/wp-json\/wp\/v2\/media\/26874"}],"wp:attachment":[{"href":"https:\/\/imagazine.it\/home_desk\/wp-json\/wp\/v2\/media?parent=26873"}],"wp:term":[{"taxonomy":"category","embeddable":true,"href":"https:\/\/imagazine.it\/home_desk\/wp-json\/wp\/v2\/categories?post=26873"},{"taxonomy":"post_tag","embeddable":true,"href":"https:\/\/imagazine.it\/home_desk\/wp-json\/wp\/v2\/tags?post=26873"}],"curies":[{"name":"wp","href":"https:\/\/api.w.org\/{rel}","templated":true}]}}