{"id":26871,"date":"2018-06-22T00:00:00","date_gmt":"2018-06-21T23:00:00","guid":{"rendered":"https:\/\/imagazine.it\/?p=26871"},"modified":"2018-06-22T00:00:00","modified_gmt":"2018-06-21T23:00:00","slug":"cividale-si-veste-di-fiori-2","status":"publish","type":"post","link":"https:\/\/imagazine.it\/home_desk\/cividale-si-veste-di-fiori-2\/","title":{"rendered":"Cividale si veste di fiori"},"content":{"rendered":"<p>Il Comune di Cividale promuove anche quest&#39;anno l&#39;iniziativa <strong>Balconi e Giardini Fioriti &#038; Vetrine in fiore. <\/strong><\/p>\n<p>\u201cL\u2019evento \u2013 spiega l\u2019assessore al turismo<strong> Daniela Bernardi <\/strong>\u2013 sar\u00e0 proposto in una nuova veste: non si tratter\u00e0 di una gara tra concorrenti, ma di un progetto che prevede un premio di partecipazione a tutti coloro che aderiranno e rispetteranno i criteri e gli standard minimi di qualit\u00e0 previsti dal regolamento. Invitiamo dunque tutti i cittadini che hanno abbellito i propri spazi verdi, un balcone, un davanzale, una terrazza, un giardino, un cortile, un angolo, una vetrina o fronte commerciale, <strong>ad aderire<\/strong> alle iniziative\u201d.<\/p>\n<p>La sezione<strong><em> &#8220;Balconi e Giardini Fioriti&#8221;<\/em><\/strong> \u00e8 riservata ai privati cittadini e alle associazioni operanti a Cividale; <strong><em>&#8220;Vetrine in fiore&#8221;<\/em><\/strong> \u00e8 dedicata alle attivit\u00e0 produttive locali (commerciali, artigianali, ristorative e ricettive). Lo spazio adibito a verde che partecipa a concorso deve rientrare nei confini del territorio comunale. L&#39;iscrizione \u00e8 gratuita: \u00e8 sufficiente compilare una domanda di partecipazione integrata con la fotografia a colori del soggetto e presentare il tutto <strong>entro il 25 giugno <\/strong>presso lo Sportello Informacitt\u00e0 di Cividale, in Piazza Paolo Diacono, n. 10,\u00a0 aperto tutti i giorni, sabato e domenica compresi, con orario 10-13\/15-17.<br \/> \u201cVerranno valutate la qualit\u00e0 delle piante, la variet\u00e0 e combinazione dei colori, l&#39;originalit\u00e0 dei lavori \u2013 spiega ancora la <strong>Bernardi<\/strong> \u2013 e sar\u00e0 riconosciuto un premio di partecipazione, consistente in un &#8220;buono spesa&#8221; del valore massimo di 50 euro da utilizzare per l&#39;acquisto di fiori, sementi, e piante ornamentali\u201d.<\/p>\n<p>Su <a href=\"http:\/\/www.cividale.net\/\" target=\"_blank\" rel=\"noopener\">www.cividale.net<\/a> il modulo per partecipare e il regolamento completo oppure info presso l\u2019Ufficio Turismo del Comune di Cividale del Friuli in Piazza Paolo Diacono, 10 &#8211; tel. 0432 710422 &#8211; mail. <a href=\"mailto:turismo@cividale.net\">turismo@cividale.net<\/a>.<\/p>\n","protected":false},"excerpt":{"rendered":"<p>Iscrizioni entro il 25 giugno<\/p>\n","protected":false},"author":28,"featured_media":26872,"comment_status":"closed","ping_status":"closed","sticky":false,"template":"","format":"standard","meta":{"dwc-title":[],"dwc-content":[],"footnotes":""},"categories":[5],"tags":[],"class_list":["post-26871","post","type-post","status-publish","format-standard","has-post-thumbnail","hentry","category-attualita"],"rttpg_featured_image_url":{"full":["https:\/\/imagazine.it\/wp-content\/uploads\/2024\/01\/25895-1.webp",750,501,false],"landscape":["https:\/\/imagazine.it\/wp-content\/uploads\/2024\/01\/25895-1.webp",750,501,false],"portraits":["https:\/\/imagazine.it\/wp-content\/uploads\/2024\/01\/25895-1.webp",750,501,false],"thumbnail":["https:\/\/imagazine.it\/wp-content\/uploads\/2024\/01\/25895-1-150x150.webp",150,150,true],"medium":["https:\/\/imagazine.it\/wp-content\/uploads\/2024\/01\/25895-1-300x200.webp",300,200,true],"large":["https:\/\/imagazine.it\/wp-content\/uploads\/2024\/01\/25895-1.webp",640,428,false],"thumblist":["https:\/\/imagazine.it\/wp-content\/uploads\/2024\/01\/25895-1.webp",300,200,false],"thumbrelated":["https:\/\/imagazine.it\/wp-content\/uploads\/2024\/01\/25895-1.webp",500,334,false],"meccarouselthumb":["https:\/\/imagazine.it\/wp-content\/uploads\/2024\/01\/25895-1.webp",474,317,false],"gridsquare":["https:\/\/imagazine.it\/wp-content\/uploads\/2024\/01\/25895-1.webp",389,260,false],"tileview":["https:\/\/imagazine.it\/wp-content\/uploads\/2024\/01\/25895-1.webp",300,200,false],"1536x1536":["https:\/\/imagazine.it\/wp-content\/uploads\/2024\/01\/25895-1.webp",750,501,false],"2048x2048":["https:\/\/imagazine.it\/wp-content\/uploads\/2024\/01\/25895-1.webp",750,501,false],"newsup-slider-full":["https:\/\/imagazine.it\/wp-content\/uploads\/2024\/01\/25895-1.webp",750,501,false],"newsup-featured":["https:\/\/imagazine.it\/wp-content\/uploads\/2024\/01\/25895-1.webp",750,501,false],"newsup-medium":["https:\/\/imagazine.it\/wp-content\/uploads\/2024\/01\/25895-1-720x380.webp",720,380,true],"tptn_thumbnail":["https:\/\/imagazine.it\/wp-content\/uploads\/2024\/01\/25895-1.webp",250,167,false],"sow-carousel-default":["https:\/\/imagazine.it\/wp-content\/uploads\/2024\/01\/25895-1-272x182.webp",272,182,true]},"rttpg_author":{"display_name":"redazione","author_link":"https:\/\/imagazine.it\/home_desk\/author\/redazione\/"},"rttpg_comment":0,"rttpg_category":"<a href=\"https:\/\/imagazine.it\/home_desk\/category\/attualita\/\" rel=\"category tag\">ATTUALIT\u00c0<\/a>","rttpg_excerpt":"Iscrizioni entro il 25 giugno","_links":{"self":[{"href":"https:\/\/imagazine.it\/home_desk\/wp-json\/wp\/v2\/posts\/26871","targetHints":{"allow":["GET"]}}],"collection":[{"href":"https:\/\/imagazine.it\/home_desk\/wp-json\/wp\/v2\/posts"}],"about":[{"href":"https:\/\/imagazine.it\/home_desk\/wp-json\/wp\/v2\/types\/post"}],"author":[{"embeddable":true,"href":"https:\/\/imagazine.it\/home_desk\/wp-json\/wp\/v2\/users\/28"}],"replies":[{"embeddable":true,"href":"https:\/\/imagazine.it\/home_desk\/wp-json\/wp\/v2\/comments?post=26871"}],"version-history":[{"count":0,"href":"https:\/\/imagazine.it\/home_desk\/wp-json\/wp\/v2\/posts\/26871\/revisions"}],"wp:featuredmedia":[{"embeddable":true,"href":"https:\/\/imagazine.it\/home_desk\/wp-json\/wp\/v2\/media\/26872"}],"wp:attachment":[{"href":"https:\/\/imagazine.it\/home_desk\/wp-json\/wp\/v2\/media?parent=26871"}],"wp:term":[{"taxonomy":"category","embeddable":true,"href":"https:\/\/imagazine.it\/home_desk\/wp-json\/wp\/v2\/categories?post=26871"},{"taxonomy":"post_tag","embeddable":true,"href":"https:\/\/imagazine.it\/home_desk\/wp-json\/wp\/v2\/tags?post=26871"}],"curies":[{"name":"wp","href":"https:\/\/api.w.org\/{rel}","templated":true}]}}