{"id":26867,"date":"2018-06-20T00:00:00","date_gmt":"2018-06-19T23:00:00","guid":{"rendered":"https:\/\/imagazine.it\/?p=26867"},"modified":"2018-06-20T00:00:00","modified_gmt":"2018-06-19T23:00:00","slug":"un-capriccio-tra-musica-gusti-e-antiche-bellezze","status":"publish","type":"post","link":"https:\/\/imagazine.it\/home_desk\/un-capriccio-tra-musica-gusti-e-antiche-bellezze\/","title":{"rendered":"Un capriccio tra musica, gusti e antiche bellezze"},"content":{"rendered":"<p><strong>Musica classica e concerti, grande Lirica<\/strong>, <strong><em>divertissement<\/em><\/strong> in musica e <strong>l\u2019Opera in versione \u201cda salotto<\/strong>\u201d, con importanti collaborazioni artistiche internazionali, disseminati in <strong>location ricche di storia e di bellezza del Friuli Venezia Giulia<\/strong>. Tutto questo per l<strong>\u2019undicesima<\/strong> edizione del \u201c<strong>Piccolo Opera Festival<\/strong> <strong>FVG<\/strong>\u201d &#8211; presentata oggi nella sede del Consiglio regionale a Trieste &#8211; la kermesse firmata dalla direzione artistica del baritono <strong>Gabriele Ribis<\/strong>.<\/p>\n<p><strong>\u00a0\u201c<\/strong><strong>Capriccio<\/strong><strong>\u201d<\/strong> \u00e8 il <strong>titolo di questa undicesima edizione<\/strong> del <strong>festival<\/strong> che anche quest\u2019anno ha selezionando alcune delle pi\u00f9 <strong>incantevoli dimore storiche del Friuli Venezia Giulia<\/strong> &#8211; tra lo splendido affaccio sul mare del <strong>Castello di Duino<\/strong>, i vigneti e l\u2019incantevole campo da golf della <strong>Tenuta del Castello di Spessa<\/strong>, alla sfarzosa <strong>Villa Manin Guerresco<\/strong> di Clauiano, <strong>Palazzo Altan<\/strong> di San Vito al Tagliamento e la residenza tra Palmanova e Aquileia <strong>Villa Pace<\/strong> \u2013 dove troveranno collocazione <strong>concerti, operine e il debutto della nuova co-produzione internazionale de \u201cLe nozze di Figaro<\/strong>\u201d.<\/p>\n<p><strong>\u00ab<\/strong>L\u2019Opera nel mondo parla italiano, italiane sono le opere pi\u00f9 rappresentate al mondo tanto che \u00e8 in dirittura d\u2019arrivo il processo di inserimento dell\u2019Opera italiana come patrimonio immateriale dell\u2019Umanit\u00e0 UNESCO &#8211; <strong>ha ricordato il direttore artistico Gabriele Ribis<\/strong>. Il Piccolo Opera Festival \u00e8 un progetto che si sviluppa quindi sull\u2019Opera seguendo due canali precisi: <strong>territorio<\/strong> e <strong>qualit\u00e0<\/strong>. Per fare qualche numero nel nostro \u201cpiccolo\u201d, ognuno dei nostri 350 ospiti lascia sul territorio circa 800 euro con una permanenza media di 4 giorni: solo calcolando l\u2019indotto dai tour operator la proporzione \u00e8 di 4 euro generati per ognuno ricevuto\u00bb.<\/p>\n<p>Dopo il primo evento di <strong>domenica 1 lugli<\/strong>o al <strong>Castello di Zucco<\/strong> con il tenore <strong>Federico Lepre<\/strong> nel concerto \u201c<strong>Il tenore fa i capricci<\/strong>\u201d, ci si sposta <strong>il 5 luglio<\/strong> a <strong>Villa Manin Guerresco<\/strong> di Clauiano per l\u2019<strong>apertura del programma ufficiale <\/strong>dove andranno in scena &#8211; con replica il 13 a Palazzo Altan di San Vito al Tagliamento &#8211; <strong>La cantata del caff\u00e8 <\/strong>di J.S.Bach e <strong>La Dirindina<\/strong> di Domenico Scarlatti, <strong>due operine, due capricci in musica<\/strong>, secondo quella poetica di contaminazione tra gli stili, mai tramontata dal &#39;700. Si tratta di una <strong>produzione d\u2019opera in versione \u201cda salotto\u201d<\/strong> &#8211; in collaborazione con <strong>Opera Studio School di Bologna<\/strong> &#8211; con due intermezzi settecenteschi. La regia \u00e8 firmata da <strong>Bruno Pratic\u00f2<\/strong> e la direzione musicale da <strong>Eddi De Nadai<\/strong>.<\/p>\n<p><strong>Venerd\u00ec 6 luglio a Villa Pace<\/strong> di Tapogliano in programma il concerto \u201c<strong>Salotto Rossini\u201d<\/strong>, un <strong>evento per ricordare i 150 anni della morte del \u201cCigno di Pesaro\u201d<\/strong> avvenuta a Passy (Parigi, Francia) il 13 novembre 1868. Ospite d\u2019onore il baritono <strong>Bruno Pratic\u00f2<\/strong>, <strong>premio Rossini d\u2019Oro<\/strong> per le sue straordinarie interpretazioni dei personaggi buffi rossiniani: ulteriore, grande protagonista lo chef stellato <strong>Emanuele Scarello<\/strong> che nell\u2019occasione preparer\u00e0 un menu speciale per i 150 anni della morte di Rossini.<\/p>\n<p><strong>Il 10 e 12 luglio<\/strong> nella cornice del <strong>Castello di Spessa<\/strong> nel Collio goriziano la co-produzione con il <strong>Teatro Nazionale Croato di Fiume<\/strong> e la <strong>Fondazione<\/strong> <strong>Punto Arte di Amsterdam<\/strong> \u201c<strong>Le nozze di Figaro\u201d, <\/strong>primo titolo della trilogia Mozart &#8211; Da Ponte. Rappresentarle al <strong>Castello di Spessa <\/strong>\u2013 gi\u00e0 noto per essere stato un <em>buen retiro<\/em> di <strong>Giacomo Casanova<\/strong> che vi soggiorn\u00f2 per oltre due mesi nel 1773 &#8211; assume particolare importanza perch\u00e9 il librettista <strong>Lorenzo da Ponte<\/strong> fu anch\u2019egli illustre ospite della dimora dal settembre 1779 alla fine del 1780. Da l\u00ec prosegui per Vienna dove giunse nel 1782 con una raccomandazione per Salieri. Il libretto de \u201cLe Nozze di Figaro\u201d (il primo scritto per Mozart) risale al 1786. <strong>Nell\u2019intervallo<\/strong> lungo dell\u2019opera (50 minuti) <strong>sar\u00e0 possibile partecipare a una cena a tema dell\u2019opera stessa<\/strong> (menu di ispirazione spagnola). Prima dello spettacolo visita alle cantine del Castello con degustazione enologica.<\/p>\n<p>Da Amsterdam arrivano la <strong>regista Eva Buchmann<\/strong> e il <strong>direttore Jan Willem De Vriend<\/strong> (direttore principale della Het Residentie Orkest de L\u2019Aia e Orquestra Simfonica de Barcelone i Nacional Catalunya). Dall\u2019Olanda anche il <strong>Coro Cantiamore<\/strong> (25 elementi) diretto da <strong>Armanda Ten Brink<\/strong>. Il <strong>cast<\/strong> \u00e8 formato da professionisti affermati, elementi dell\u2019ensemble dell\u2019opera di Fiume, ma anche da giovani emergenti visto che come sempre il Piccolo Opera Festival \u00e8 attento a lanciare giovani nuovi artisti.<\/p>\n<p>Protagonista nel ruolo di <strong>Figaro<\/strong> il basso pordenonese <strong>Abramo Rosalen<\/strong> che approda al festival dopo le recenti esibizioni al Teatro alla Scala di Milano. Una Contessa da non perdere sar\u00e0 poi <strong>Diana Mian<\/strong>: nativa della provincia di Gorizia questa splendida <strong>soprano, <\/strong>che si \u00e8 perfezionata nel repertorio cameristico con il <strong>Trio di Trieste<\/strong>, vanta un nutrito carnet di riconoscimenti internazionali e fa regolarmente parte di cast operistici nei principali Teatri italiani e mondiali. Un vero vanto per il Piccolo Opera Festival, praticamente l\u2019unica manifestazione che la porta regolarmente sui palcoscenici regionali.<\/p>\n<p><strong>Mercoled\u00ec 11 luglio<\/strong> al <strong>Castello di Duino<\/strong>, alle porte di Trieste, in prossimit\u00e0 della celebre passeggiata Rlike, <strong>dove il poeta Rainer Maria Rilke compose le Elegie duinesi<\/strong>, in programma il concerto <strong>Le voci russe<\/strong>, recital di tre delle migliori allieve dell\u2019Accademia dell\u2019Opera di Monte-Carlo per voci russe. Coordinatrice la pianista <strong>Kira Parfeevets<\/strong>. Alla serata sar\u00e0 abbinata una cena in stile russo.<\/p>\n<p>Il programma di questa edizione sar\u00e0 <strong>preceduto e arricchito<\/strong> da <strong>tra esclusivi concerti organizzati con la collaborazione dell\u2019Erpac<\/strong> (Ente Regionale Patrimonio Culturale della Regione Friuli Venezia Giulia) in tre affascinanti <strong>giardini<\/strong> di altrettante Ville di patrimonio regionale.<\/p>\n<p>Queste \u201c<strong>visite musicali ai giardini storici<\/strong>\u201d, si apriranno <strong>luned\u00ec 2 luglio<\/strong> a <strong>Villa Varda di Brugnera<\/strong> (Pordenone) dove, alle 18.30, si esibir\u00e0 il Direttore del Piccolo Opera Festival, il<\/p>\n<p>baritono <strong>Gabriele Ribis<\/strong> su musiche di G.F. H\u00e4ndel. <strong>Marted\u00ec 3<\/strong> <strong>luglio<\/strong>, sempre alle 18.30, in programma a Villa Gorgo di Nogaredo al Torre (Udine) in concerto con il soprano <strong>Giulia della Peruta<\/strong> su musiche di Antonio Vivaldi. <strong>Mercoled\u00ec 4 luglio<\/strong>, infine, ancora un concerto con il baritono <strong>Gabriele Ribis<\/strong> che alle 18.30 si esibir\u00e0 a Palazzo Attems-Petzenstein di Gorizia su musiche di F. J. Haydn. Tutti i concerti sono ad <strong>ingresso libero<\/strong> e saranno accompagnati dal pianoforte di <strong>Daniele Russo<\/strong>.<\/p>\n<p><strong>Sabato 7 luglio<\/strong>, ancora a <strong>Gorizia, nella Chiesa di San Rocco<\/strong> alle 21.00 \u201c<strong>Capriccio Sacro<\/strong>\u201d, con il Requiem e la Pell\u00e9as et M\u00e9lisande Suite di <strong>Gabriel. Faur\u00e9<\/strong>. (Soprano: Laura Ulloa Baritono: Gabriele Ribis Coro Polifonico S. Antonio Abate di Cordenons, Gruppo Vocale \u201cCitt\u00e0 di San Vito\u201d di San Vito al Tagliamento, Corale di Rauscedo, Couleur Vocale (Enschede, Olanda), Orchestra giovanile Filarmonici Friulani Direttore: Alessio Venier)<\/p>\n<p><strong>Un primo assaggio del festival<\/strong>, e in particolare della produzione <strong>\u201d<em>Le nozze di Figaro\u201d<\/em><\/strong> (al debutto al Castello di Spessa il 10 e 12 luglio) si potr\u00e0 gustare <strong>gioved\u00ec 21 giugno<\/strong>, all\u2019<strong>Aeroporto di Ronchi dei Legionari<\/strong>: ai passeggeri di <strong>Trieste Airport<\/strong>, infatti, sar\u00e0 offerta una selezione di brani dal capolavoro mozartiano in versione \u201cda viaggio\u201d, con le arie pi\u00f9 celebri dell\u2019opera. Quest\u2019anno anche l\u2019aeroporto regionale aderisce alla <strong>Festa della Musica<\/strong> che coinvolge anche i principali aeroporti nazionali, e per l\u2019occasione, il <strong>Piccolo Opera Festival <\/strong>proporr\u00e0 un \u201c<strong>flash mob musicale<\/strong>\u201d dal titolo <strong>\u201cMozart arriva a Trieste Airport\u201d<\/strong>. I cantanti si mischieranno ai viaggiatori intervenendo a sorpresa con alcuni fra i pi\u00f9 celebri brani dell\u2019opera: \u201c<strong><em>Che soave zeffiretto<\/em><\/strong>\u201d Contessa\/Susanna, \u201c<strong><em>Voi che sapete<\/em><\/strong>\u201d Cherubino, \u201c<strong><em>Non pi\u00f9 andrai farfallone amoroso<\/em><\/strong>\u201d Figaro. Sono previste due esibizioni alle <strong>12.30 e alle 16.30<\/strong> in corrispondenza dei picchi di traffico passeggeri. Sar\u00e0 installato un <strong>pianoforte a mezzacoda nell\u2019area arrivi <\/strong>(protagonisti i cantanti <strong>Alessia Pintossi, Diana Milan, Ivana Srbljan, Oliviero Giorgiutti<\/strong>. Al pianoforte <strong>Daniele Russo<\/strong>).<\/p>\n<p>Per tutte le informazioni e per il programma completo: <u><a href=\"http:\/\/www.piccolofestival.org\" target=\"_blank\" rel=\"noopener\"><strong>www.piccolofestival.org<\/strong><\/a><\/u><\/p>\n","protected":false},"excerpt":{"rendered":"<p>Dall&#8217;1 al 13 luglio<\/p>\n","protected":false},"author":28,"featured_media":26868,"comment_status":"closed","ping_status":"closed","sticky":false,"template":"","format":"standard","meta":{"dwc-title":[],"dwc-content":[],"footnotes":""},"categories":[37],"tags":[],"class_list":["post-26867","post","type-post","status-publish","format-standard","has-post-thumbnail","hentry","category-cultura-e-spettacolo"],"rttpg_featured_image_url":{"full":["https:\/\/imagazine.it\/wp-content\/uploads\/2024\/01\/25861-1.webp",750,422,false],"landscape":["https:\/\/imagazine.it\/wp-content\/uploads\/2024\/01\/25861-1.webp",750,422,false],"portraits":["https:\/\/imagazine.it\/wp-content\/uploads\/2024\/01\/25861-1.webp",750,422,false],"thumbnail":["https:\/\/imagazine.it\/wp-content\/uploads\/2024\/01\/25861-1-150x150.webp",150,150,true],"medium":["https:\/\/imagazine.it\/wp-content\/uploads\/2024\/01\/25861-1-300x169.webp",300,169,true],"large":["https:\/\/imagazine.it\/wp-content\/uploads\/2024\/01\/25861-1.webp",640,360,false],"thumblist":["https:\/\/imagazine.it\/wp-content\/uploads\/2024\/01\/25861-1.webp",300,169,false],"thumbrelated":["https:\/\/imagazine.it\/wp-content\/uploads\/2024\/01\/25861-1.webp",500,281,false],"meccarouselthumb":["https:\/\/imagazine.it\/wp-content\/uploads\/2024\/01\/25861-1.webp",474,267,false],"gridsquare":["https:\/\/imagazine.it\/wp-content\/uploads\/2024\/01\/25861-1.webp",391,220,false],"tileview":["https:\/\/imagazine.it\/wp-content\/uploads\/2024\/01\/25861-1.webp",300,169,false],"1536x1536":["https:\/\/imagazine.it\/wp-content\/uploads\/2024\/01\/25861-1.webp",750,422,false],"2048x2048":["https:\/\/imagazine.it\/wp-content\/uploads\/2024\/01\/25861-1.webp",750,422,false],"newsup-slider-full":["https:\/\/imagazine.it\/wp-content\/uploads\/2024\/01\/25861-1.webp",750,422,false],"newsup-featured":["https:\/\/imagazine.it\/wp-content\/uploads\/2024\/01\/25861-1.webp",750,422,false],"newsup-medium":["https:\/\/imagazine.it\/wp-content\/uploads\/2024\/01\/25861-1-720x380.webp",720,380,true],"tptn_thumbnail":["https:\/\/imagazine.it\/wp-content\/uploads\/2024\/01\/25861-1.webp",250,141,false],"sow-carousel-default":["https:\/\/imagazine.it\/wp-content\/uploads\/2024\/01\/25861-1-272x182.webp",272,182,true]},"rttpg_author":{"display_name":"redazione","author_link":"https:\/\/imagazine.it\/home_desk\/author\/redazione\/"},"rttpg_comment":0,"rttpg_category":"<a href=\"https:\/\/imagazine.it\/home_desk\/category\/cultura-e-spettacolo\/\" rel=\"category tag\">CULTURA&amp;SPETTACOLO<\/a>","rttpg_excerpt":"Dall'1 al 13 luglio","_links":{"self":[{"href":"https:\/\/imagazine.it\/home_desk\/wp-json\/wp\/v2\/posts\/26867","targetHints":{"allow":["GET"]}}],"collection":[{"href":"https:\/\/imagazine.it\/home_desk\/wp-json\/wp\/v2\/posts"}],"about":[{"href":"https:\/\/imagazine.it\/home_desk\/wp-json\/wp\/v2\/types\/post"}],"author":[{"embeddable":true,"href":"https:\/\/imagazine.it\/home_desk\/wp-json\/wp\/v2\/users\/28"}],"replies":[{"embeddable":true,"href":"https:\/\/imagazine.it\/home_desk\/wp-json\/wp\/v2\/comments?post=26867"}],"version-history":[{"count":0,"href":"https:\/\/imagazine.it\/home_desk\/wp-json\/wp\/v2\/posts\/26867\/revisions"}],"wp:featuredmedia":[{"embeddable":true,"href":"https:\/\/imagazine.it\/home_desk\/wp-json\/wp\/v2\/media\/26868"}],"wp:attachment":[{"href":"https:\/\/imagazine.it\/home_desk\/wp-json\/wp\/v2\/media?parent=26867"}],"wp:term":[{"taxonomy":"category","embeddable":true,"href":"https:\/\/imagazine.it\/home_desk\/wp-json\/wp\/v2\/categories?post=26867"},{"taxonomy":"post_tag","embeddable":true,"href":"https:\/\/imagazine.it\/home_desk\/wp-json\/wp\/v2\/tags?post=26867"}],"curies":[{"name":"wp","href":"https:\/\/api.w.org\/{rel}","templated":true}]}}