{"id":26865,"date":"2018-06-20T00:00:00","date_gmt":"2018-06-19T23:00:00","guid":{"rendered":"https:\/\/imagazine.it\/?p=26865"},"modified":"2018-06-20T00:00:00","modified_gmt":"2018-06-19T23:00:00","slug":"le-culture-del-mondo-riecheggiano-in-fvg","status":"publish","type":"post","link":"https:\/\/imagazine.it\/home_desk\/le-culture-del-mondo-riecheggiano-in-fvg\/","title":{"rendered":"Le culture del mondo riecheggiano in FVG"},"content":{"rendered":"<p>Al via la <strong>quarantesima<\/strong> edizione <strong>di Folkest<\/strong> che riunir\u00e0 sui palchi della regione artisti provenienti da tutto il pianeta: tra <strong>gioved\u00ec 21 giugno<\/strong> e luned\u00ec 9 luglio un totale di <strong>26 Comuni del Friuli Venezia Giulia<\/strong> vivranno la festa dell\u2019International Folk festival friulano.<\/p>\n<p>Sar\u00e0 una carovana multicolore che si sposta di villa in villa, di castello in castello, da un borgo rustico all&#39;altro, visitando luoghi della memoria e valorizzando tutta quella musica che, al di l\u00e0 dall\u2019essere tecnicamente folk, world, jazz o cantautorale, pura o contaminata, <strong>sappia dare voce alle radici culturali di qualsiasi parte del mondo<\/strong>, in un susseguirsi di canti provenienti dalla <strong>Magna Grecia alla Scozia<\/strong>, dalla <strong>Bielorussia all&#39;Irlanda<\/strong>, dalla <strong>Sicilia alla Svezia<\/strong>. Un sentiero di conoscenza, una lunga cavalcata attraverso alcune delle pi\u00f9 belle localit\u00e0 della regione, dove non mancheranno le <strong>sonorit\u00e0 e le melodie di ispirazione celtica<\/strong>, cos\u00ec come le <strong>musiche di confine, dal manouche al balcanico, al klezmer, al blues<\/strong>, con un\u2019attesa finestra sul <strong>folk-metal<\/strong><\/p>\n<p><strong>Primo appuntamento <\/strong>in coincidenza con la \u201cFesta europea della Musica\u201d, a <strong>Domanis<\/strong> (S. Giorgio della Richinvelda) alle 21.15 all\u2019Azienda \u201c<strong>I Magredi<\/strong>\u201d con il gruppo irlandese <strong>Mag Mell composto dai <\/strong>fratelli\u00a0 <strong>M\u00e9abh and Tiarn\u00e1n Smyth<\/strong> (violino, chitarra e voce) cresciuti alla scuola degli <strong>Armagh Pipers Club<\/strong>, una realt\u00e0 culturale che ha fatto la <strong>storia della musica tradizionale nell\u2019Irlanda del Nord<\/strong>. A loro si sono aggiunti la talentuosa <strong>Mair\u00e9ad Mitchell<\/strong> alla concertina ed <strong>Eimh\u00e9ar Mulholland<\/strong> all\u2019organetto e alla voce. La pi\u00f9 giovane musicista del gruppo \u00e8 <strong>Mialughain O\u2019Donnell, gi\u00e0 campione giovanile d\u2019Irlanda al flauto traverso<\/strong>, proveniente da una famiglia profondamente intrisa di musica popolare. Tutti studenti, fanno della freschezza e della forza esecutiva la loro dote principale, che li ha fatti in breve tempo partecipare a importanti manifestazioni come Celtic Colours, the William Kennedy Piping Festival, Celtic Connections e Piping Live, facendoli esibire prima di artisti di grande valore come L\u00fanasa, Four Men and a Dog e Flook. I <strong>Mag Mell<\/strong> saranno poi sul Lungolago di <strong>Redona<\/strong> (Tramonti di Sopra) <strong>venerd\u00ec 22<\/strong> sempre alle 21.15 e <strong>sabato 23 giugno<\/strong> nel suggestivo scenario delle <strong>Grotte di San Giovanni d\u2019Antro<\/strong> nella Valli del Natisone alle 19.30.<\/p>\n<p><strong>Sabato 23<\/strong> nel Parco del Municipio di <strong>Pozzuolo del Friuli concerto del gruppo \u201cThat Dog Was A Band Now\u201d (inizio ore 21.15). P<\/strong>rovenienti dal Canada, dagli Stati Uniti, e dalla Svezia e formatisi in California nel 2013, hanno percorso gli Stati Uniti in lungo e in largo, con i loro <strong>spettacoli pieni di energia<\/strong>, prima di partire alla conquista dell\u2019Europa. Dopo un primo disco autoprodotto nel 2015, hanno registrato un nuovo disco in Danimarca nel corso del 2017, che ha visto la luce nel maggio del 2018. Ottime recensioni hanno ottenuto nel corso del 2017 nei prestigiosi festival di Br\u00e5valla in Svezia e allo Svendborg Sound in Danimarca. La band si esibir\u00e0 anche <strong>domenica 24 a Travesio<\/strong> (sempre alle 21.15), dove condivider\u00e0 la scena anche con il gruppo italiano degli <strong>Almak\u00e0ntica, una denominazione che unisce pi\u00f9 parole: <\/strong>Alma a sottolineare l\u2019Anima nella sua forma pi\u00f9 poetica e creativa, Cantica come componimento Musicale e Antica a ricordo delle Origini e del Tempo passato. Almak\u00e0ntica \u00e8 l\u2019unione di pi\u00f9 regioni che si confrontano a <strong>suon di pizziche, tammurriate e tarantelle <\/strong>e da questo confronto partono per creare un nuovo linguaggio musicale.<\/p>\n","protected":false},"excerpt":{"rendered":"<p>Dal 21 giugno al 9 luglio<\/p>\n","protected":false},"author":28,"featured_media":26866,"comment_status":"closed","ping_status":"closed","sticky":false,"template":"","format":"standard","meta":{"dwc-title":[],"dwc-content":[],"footnotes":""},"categories":[37],"tags":[],"class_list":["post-26865","post","type-post","status-publish","format-standard","has-post-thumbnail","hentry","category-cultura-e-spettacolo"],"rttpg_featured_image_url":{"full":["https:\/\/imagazine.it\/wp-content\/uploads\/2024\/01\/25855-1.webp",750,523,false],"landscape":["https:\/\/imagazine.it\/wp-content\/uploads\/2024\/01\/25855-1.webp",750,523,false],"portraits":["https:\/\/imagazine.it\/wp-content\/uploads\/2024\/01\/25855-1.webp",750,523,false],"thumbnail":["https:\/\/imagazine.it\/wp-content\/uploads\/2024\/01\/25855-1-150x150.webp",150,150,true],"medium":["https:\/\/imagazine.it\/wp-content\/uploads\/2024\/01\/25855-1-300x209.webp",300,209,true],"large":["https:\/\/imagazine.it\/wp-content\/uploads\/2024\/01\/25855-1.webp",640,446,false],"thumblist":["https:\/\/imagazine.it\/wp-content\/uploads\/2024\/01\/25855-1.webp",300,209,false],"thumbrelated":["https:\/\/imagazine.it\/wp-content\/uploads\/2024\/01\/25855-1.webp",500,349,false],"meccarouselthumb":["https:\/\/imagazine.it\/wp-content\/uploads\/2024\/01\/25855-1.webp",465,324,false],"gridsquare":["https:\/\/imagazine.it\/wp-content\/uploads\/2024\/01\/25855-1.webp",373,260,false],"tileview":["https:\/\/imagazine.it\/wp-content\/uploads\/2024\/01\/25855-1.webp",300,209,false],"1536x1536":["https:\/\/imagazine.it\/wp-content\/uploads\/2024\/01\/25855-1.webp",750,523,false],"2048x2048":["https:\/\/imagazine.it\/wp-content\/uploads\/2024\/01\/25855-1.webp",750,523,false],"newsup-slider-full":["https:\/\/imagazine.it\/wp-content\/uploads\/2024\/01\/25855-1.webp",750,523,false],"newsup-featured":["https:\/\/imagazine.it\/wp-content\/uploads\/2024\/01\/25855-1.webp",750,523,false],"newsup-medium":["https:\/\/imagazine.it\/wp-content\/uploads\/2024\/01\/25855-1-720x380.webp",720,380,true],"tptn_thumbnail":["https:\/\/imagazine.it\/wp-content\/uploads\/2024\/01\/25855-1.webp",250,174,false],"sow-carousel-default":["https:\/\/imagazine.it\/wp-content\/uploads\/2024\/01\/25855-1-272x182.webp",272,182,true]},"rttpg_author":{"display_name":"redazione","author_link":"https:\/\/imagazine.it\/home_desk\/author\/redazione\/"},"rttpg_comment":0,"rttpg_category":"<a href=\"https:\/\/imagazine.it\/home_desk\/category\/cultura-e-spettacolo\/\" rel=\"category tag\">CULTURA&amp;SPETTACOLO<\/a>","rttpg_excerpt":"Dal 21 giugno al 9 luglio","_links":{"self":[{"href":"https:\/\/imagazine.it\/home_desk\/wp-json\/wp\/v2\/posts\/26865","targetHints":{"allow":["GET"]}}],"collection":[{"href":"https:\/\/imagazine.it\/home_desk\/wp-json\/wp\/v2\/posts"}],"about":[{"href":"https:\/\/imagazine.it\/home_desk\/wp-json\/wp\/v2\/types\/post"}],"author":[{"embeddable":true,"href":"https:\/\/imagazine.it\/home_desk\/wp-json\/wp\/v2\/users\/28"}],"replies":[{"embeddable":true,"href":"https:\/\/imagazine.it\/home_desk\/wp-json\/wp\/v2\/comments?post=26865"}],"version-history":[{"count":0,"href":"https:\/\/imagazine.it\/home_desk\/wp-json\/wp\/v2\/posts\/26865\/revisions"}],"wp:featuredmedia":[{"embeddable":true,"href":"https:\/\/imagazine.it\/home_desk\/wp-json\/wp\/v2\/media\/26866"}],"wp:attachment":[{"href":"https:\/\/imagazine.it\/home_desk\/wp-json\/wp\/v2\/media?parent=26865"}],"wp:term":[{"taxonomy":"category","embeddable":true,"href":"https:\/\/imagazine.it\/home_desk\/wp-json\/wp\/v2\/categories?post=26865"},{"taxonomy":"post_tag","embeddable":true,"href":"https:\/\/imagazine.it\/home_desk\/wp-json\/wp\/v2\/tags?post=26865"}],"curies":[{"name":"wp","href":"https:\/\/api.w.org\/{rel}","templated":true}]}}