{"id":26855,"date":"2018-06-19T00:00:00","date_gmt":"2018-06-18T23:00:00","guid":{"rendered":"https:\/\/imagazine.it\/?p=26855"},"modified":"2018-06-19T00:00:00","modified_gmt":"2018-06-18T23:00:00","slug":"teatro-e-musica-gli-studenti-incantano-il-pubblico","status":"publish","type":"post","link":"https:\/\/imagazine.it\/home_desk\/teatro-e-musica-gli-studenti-incantano-il-pubblico\/","title":{"rendered":"Teatro e musica, gli studenti incantano il pubblico"},"content":{"rendered":"<p>Le lezioni sono finite da pochi giorni, ma tra i ricordi principali dell\u2019attivit\u00e0 scolastica dell\u2019Istituto comprensivo di Cervignano del Friuli,restano quanto mai vive due iniziative extracurricolari, realizzate grazie ai contributi dell\u2019Amministrazione comunale e dei Progetti Europei (PON).<\/p>\n<p>Si tratta del Laboratorio Musicale e del Laboratorio Teatrale, definiti dalla dirigente scolastica <strong>Tullia Trimarchi<\/strong> due fiori all\u2019occhiello dell\u2019offerta formativa, entrambi tenutisi in orario pomeridiano da novembre a giugno, richiedendo un notevole impegno ai ragazzi che hanno desiderato aderire: 55 alunni nel caso della musica e 47 per il teatro.<\/p>\n<p>Il laboratorio musicale, coordinato dal professor <strong>Massimiliano Olivo<\/strong>, \u00e8 culminato lo scorso 7 giugno con un concerto nell\u2019aula magna della scuola media \u201cGiovanni Randaccio\u201d, dove il pubblico ha potuto ascoltare il risultato dell&#39;ottimo lavoro di\u00a0orchestrazione, con suoni puliti e brillanti.<\/p>\n<p>Il laboratorio teatrale si \u00e8 sviluppato invece su due piani: uno dedicato agli alunni della scuola primaria di via Firenze, coordinato dalla professoressa <strong>Marina Garlatti<\/strong> e dalla maestra <strong>Laura Zucchini<\/strong>, e uno dedicato agli allievi della scuola media, con il coordinamento delle professoresse Garlatti e <strong>Lucia Duca<\/strong>.<\/p>\n<p>Entrambi gli spettacoli realizzati dai due laboratori hanno debuttato a Serra San Quirico, alla Rassegna Nazionale Teatro della Scuola, e sono stati replicati pi\u00f9 volte anche fuori regione, fino alla serata conclusiva al Teatro Pasolini di Cervignano lo scorso 6 giugno.<\/p>\n<p>&#8220;Ho avuto modo di partecipare &#8211; commenta l&#39;assessore comunale all&#39;Istruzione, <strong>Federica Maule<\/strong> &#8211; a\u00a0entrambi gli spettacoli messi in scena a Cervignano e non posso che complimentarmi con il corpo insegnanti coinvolto\u00a0e l&#39;IC che da sempre, in sinergia anche con l&#39;Amministrazione comunale, crede fermamente nella necessit\u00e0 di coltivare questi specifici percorsi di crescita per i nostri studenti.\u00a0Agli ottimi risultati raggiunti il mio maggior plauso va a tutti\u00a0i bambini e\u00a0i ragazzi e alle loro famiglie che con impegno si dedicano a queste attivit\u00e0 in orario pomeridiano. Loro sono i veri\u00a0protagonisti\u00a0di questa progettualit\u00e0 e sono loro la centralit\u00e0 del nostro agire e della nostra unit\u00e0 d&#39;intenti. Questa \u00e8 la direzione giusta&#8221;.<\/p>\n","protected":false},"excerpt":{"rendered":"<p>Coinvolti oltre 100 ragazzi<\/p>\n","protected":false},"author":28,"featured_media":26856,"comment_status":"closed","ping_status":"closed","sticky":false,"template":"","format":"standard","meta":{"dwc-title":[],"dwc-content":[],"footnotes":""},"categories":[37],"tags":[],"class_list":["post-26855","post","type-post","status-publish","format-standard","has-post-thumbnail","hentry","category-cultura-e-spettacolo"],"rttpg_featured_image_url":{"full":["https:\/\/imagazine.it\/wp-content\/uploads\/2024\/01\/25838-1.webp",750,509,false],"landscape":["https:\/\/imagazine.it\/wp-content\/uploads\/2024\/01\/25838-1.webp",750,509,false],"portraits":["https:\/\/imagazine.it\/wp-content\/uploads\/2024\/01\/25838-1.webp",750,509,false],"thumbnail":["https:\/\/imagazine.it\/wp-content\/uploads\/2024\/01\/25838-1-150x150.webp",150,150,true],"medium":["https:\/\/imagazine.it\/wp-content\/uploads\/2024\/01\/25838-1-300x204.webp",300,204,true],"large":["https:\/\/imagazine.it\/wp-content\/uploads\/2024\/01\/25838-1.webp",640,434,false],"thumblist":["https:\/\/imagazine.it\/wp-content\/uploads\/2024\/01\/25838-1.webp",300,204,false],"thumbrelated":["https:\/\/imagazine.it\/wp-content\/uploads\/2024\/01\/25838-1.webp",500,339,false],"meccarouselthumb":["https:\/\/imagazine.it\/wp-content\/uploads\/2024\/01\/25838-1.webp",474,322,false],"gridsquare":["https:\/\/imagazine.it\/wp-content\/uploads\/2024\/01\/25838-1.webp",383,260,false],"tileview":["https:\/\/imagazine.it\/wp-content\/uploads\/2024\/01\/25838-1.webp",300,204,false],"1536x1536":["https:\/\/imagazine.it\/wp-content\/uploads\/2024\/01\/25838-1.webp",750,509,false],"2048x2048":["https:\/\/imagazine.it\/wp-content\/uploads\/2024\/01\/25838-1.webp",750,509,false],"newsup-slider-full":["https:\/\/imagazine.it\/wp-content\/uploads\/2024\/01\/25838-1.webp",750,509,false],"newsup-featured":["https:\/\/imagazine.it\/wp-content\/uploads\/2024\/01\/25838-1.webp",750,509,false],"newsup-medium":["https:\/\/imagazine.it\/wp-content\/uploads\/2024\/01\/25838-1-720x380.webp",720,380,true],"tptn_thumbnail":["https:\/\/imagazine.it\/wp-content\/uploads\/2024\/01\/25838-1.webp",250,170,false],"sow-carousel-default":["https:\/\/imagazine.it\/wp-content\/uploads\/2024\/01\/25838-1-272x182.webp",272,182,true]},"rttpg_author":{"display_name":"redazione","author_link":"https:\/\/imagazine.it\/home_desk\/author\/redazione\/"},"rttpg_comment":0,"rttpg_category":"<a href=\"https:\/\/imagazine.it\/home_desk\/category\/cultura-e-spettacolo\/\" rel=\"category tag\">CULTURA&amp;SPETTACOLO<\/a>","rttpg_excerpt":"Coinvolti oltre 100 ragazzi","_links":{"self":[{"href":"https:\/\/imagazine.it\/home_desk\/wp-json\/wp\/v2\/posts\/26855","targetHints":{"allow":["GET"]}}],"collection":[{"href":"https:\/\/imagazine.it\/home_desk\/wp-json\/wp\/v2\/posts"}],"about":[{"href":"https:\/\/imagazine.it\/home_desk\/wp-json\/wp\/v2\/types\/post"}],"author":[{"embeddable":true,"href":"https:\/\/imagazine.it\/home_desk\/wp-json\/wp\/v2\/users\/28"}],"replies":[{"embeddable":true,"href":"https:\/\/imagazine.it\/home_desk\/wp-json\/wp\/v2\/comments?post=26855"}],"version-history":[{"count":0,"href":"https:\/\/imagazine.it\/home_desk\/wp-json\/wp\/v2\/posts\/26855\/revisions"}],"wp:featuredmedia":[{"embeddable":true,"href":"https:\/\/imagazine.it\/home_desk\/wp-json\/wp\/v2\/media\/26856"}],"wp:attachment":[{"href":"https:\/\/imagazine.it\/home_desk\/wp-json\/wp\/v2\/media?parent=26855"}],"wp:term":[{"taxonomy":"category","embeddable":true,"href":"https:\/\/imagazine.it\/home_desk\/wp-json\/wp\/v2\/categories?post=26855"},{"taxonomy":"post_tag","embeddable":true,"href":"https:\/\/imagazine.it\/home_desk\/wp-json\/wp\/v2\/tags?post=26855"}],"curies":[{"name":"wp","href":"https:\/\/api.w.org\/{rel}","templated":true}]}}