{"id":26827,"date":"2018-06-13T00:00:00","date_gmt":"2018-06-12T23:00:00","guid":{"rendered":"https:\/\/imagazine.it\/?p=26827"},"modified":"2018-06-13T00:00:00","modified_gmt":"2018-06-12T23:00:00","slug":"gorizia-sequestrate-migliaia-di-falsi-articoli-made-in-italy","status":"publish","type":"post","link":"https:\/\/imagazine.it\/home_desk\/gorizia-sequestrate-migliaia-di-falsi-articoli-made-in-italy\/","title":{"rendered":"Gorizia, sequestrate migliaia di falsi articoli &#8220;Made in Italy&#8221;"},"content":{"rendered":"<p>I militari della Sezione Operativa Pronto Impiego della Compagnia di Gorizia, dopo aver proceduto al fermo di un furgone proveniente dalla Slovenia, hanno rinvenuto e sottoposto a sequestro d\u2019iniziativa 6.811 capi di biancheria intima interamente prodotti in Ungheria, ma riportanti sulle confezioni e sulle etichette interne il \u201ctricolore italiano\u201d e la dicitura \u201c100% PRODOTTO ITALIANO\u201d.<\/p>\n<p>Dalla verifica della documentazione commerciale e di trasporto esibita dal conducente, bloccato a Gorizia nei pressi del valico di confine \u201cSant\u2019Andrea\u201d, \u00e8 emerso che i capi d\u2019abbigliamento sarebbero stati consegnati a un\u2019azienda con sede in provincia di Pordenone che li avrebbe venduti attraverso la propria rete, ubicata tra il Veneto e il Friuli Venezia Giulia. Le successive attivit\u00e0 investigative, condotte attraverso la perquisizione dell\u2019azienda importatrice e l\u2019esame delle fatture di acquisto, hanno consentito di sottoporre a sequestro ulteriori 32.563 articoli di biancheria, per un totale di 39.374 prodotti, nonch\u00e9 di accertare che la societ\u00e0 pordenonese, a decorrere dal 2013, ha acquistato dalla societ\u00e0 ungherese e in seguito commercializzato 102.624 capi con le medesime caratteristiche di quelli intercettati al confine goriziano.<\/p>\n<p>I sequestri e le perquisizioni d\u2019iniziativa sono stati in seguito convalidati dalle Autorit\u00e0 Giudiziarie di Gorizia e Pordenone, mentre una consulenza tecnica disposta dalla Procura della Repubblica presso il Tribunale di Pordenone ha confermato la falsa indicazione di origine italiana dei prodotti. L\u2019amministratore dell\u2019impresa pordenonese si \u00e8 reso responsabile del reato di falsa indicazione di origine, punito fino a 2 anni di reclusione e con la multa massima di ventimila euro, mentre la societ\u00e0 interessata all\u2019illecito traffico \u00e8 stata denunciata da parte delle fiamme gialle goriziane per responsabilit\u00e0 amministrativa, essendo il suo amministratore autore di una violazione penale che configura la responsabilit\u00e0 dell\u2019ente per gli illeciti dipendenti da reato.<\/p>\n","protected":false},"excerpt":{"rendered":"<p>Operazione della Guardia di Finanza<\/p>\n","protected":false},"author":28,"featured_media":26828,"comment_status":"closed","ping_status":"closed","sticky":false,"template":"","format":"standard","meta":{"dwc-title":[],"dwc-content":[],"footnotes":""},"categories":[5],"tags":[],"class_list":["post-26827","post","type-post","status-publish","format-standard","has-post-thumbnail","hentry","category-attualita"],"rttpg_featured_image_url":{"full":["https:\/\/imagazine.it\/wp-content\/uploads\/2024\/01\/25800-1.webp",750,499,false],"landscape":["https:\/\/imagazine.it\/wp-content\/uploads\/2024\/01\/25800-1.webp",750,499,false],"portraits":["https:\/\/imagazine.it\/wp-content\/uploads\/2024\/01\/25800-1.webp",750,499,false],"thumbnail":["https:\/\/imagazine.it\/wp-content\/uploads\/2024\/01\/25800-1-150x150.webp",150,150,true],"medium":["https:\/\/imagazine.it\/wp-content\/uploads\/2024\/01\/25800-1-300x200.webp",300,200,true],"large":["https:\/\/imagazine.it\/wp-content\/uploads\/2024\/01\/25800-1.webp",640,426,false],"thumblist":["https:\/\/imagazine.it\/wp-content\/uploads\/2024\/01\/25800-1.webp",300,200,false],"thumbrelated":["https:\/\/imagazine.it\/wp-content\/uploads\/2024\/01\/25800-1.webp",500,333,false],"meccarouselthumb":["https:\/\/imagazine.it\/wp-content\/uploads\/2024\/01\/25800-1.webp",474,315,false],"gridsquare":["https:\/\/imagazine.it\/wp-content\/uploads\/2024\/01\/25800-1.webp",391,260,false],"tileview":["https:\/\/imagazine.it\/wp-content\/uploads\/2024\/01\/25800-1.webp",300,200,false],"1536x1536":["https:\/\/imagazine.it\/wp-content\/uploads\/2024\/01\/25800-1.webp",750,499,false],"2048x2048":["https:\/\/imagazine.it\/wp-content\/uploads\/2024\/01\/25800-1.webp",750,499,false],"newsup-slider-full":["https:\/\/imagazine.it\/wp-content\/uploads\/2024\/01\/25800-1.webp",750,499,false],"newsup-featured":["https:\/\/imagazine.it\/wp-content\/uploads\/2024\/01\/25800-1.webp",750,499,false],"newsup-medium":["https:\/\/imagazine.it\/wp-content\/uploads\/2024\/01\/25800-1-720x380.webp",720,380,true],"tptn_thumbnail":["https:\/\/imagazine.it\/wp-content\/uploads\/2024\/01\/25800-1.webp",250,166,false],"sow-carousel-default":["https:\/\/imagazine.it\/wp-content\/uploads\/2024\/01\/25800-1-272x182.webp",272,182,true]},"rttpg_author":{"display_name":"redazione","author_link":"https:\/\/imagazine.it\/home_desk\/author\/redazione\/"},"rttpg_comment":0,"rttpg_category":"<a href=\"https:\/\/imagazine.it\/home_desk\/category\/attualita\/\" rel=\"category tag\">ATTUALIT\u00c0<\/a>","rttpg_excerpt":"Operazione della Guardia di Finanza","_links":{"self":[{"href":"https:\/\/imagazine.it\/home_desk\/wp-json\/wp\/v2\/posts\/26827","targetHints":{"allow":["GET"]}}],"collection":[{"href":"https:\/\/imagazine.it\/home_desk\/wp-json\/wp\/v2\/posts"}],"about":[{"href":"https:\/\/imagazine.it\/home_desk\/wp-json\/wp\/v2\/types\/post"}],"author":[{"embeddable":true,"href":"https:\/\/imagazine.it\/home_desk\/wp-json\/wp\/v2\/users\/28"}],"replies":[{"embeddable":true,"href":"https:\/\/imagazine.it\/home_desk\/wp-json\/wp\/v2\/comments?post=26827"}],"version-history":[{"count":0,"href":"https:\/\/imagazine.it\/home_desk\/wp-json\/wp\/v2\/posts\/26827\/revisions"}],"wp:featuredmedia":[{"embeddable":true,"href":"https:\/\/imagazine.it\/home_desk\/wp-json\/wp\/v2\/media\/26828"}],"wp:attachment":[{"href":"https:\/\/imagazine.it\/home_desk\/wp-json\/wp\/v2\/media?parent=26827"}],"wp:term":[{"taxonomy":"category","embeddable":true,"href":"https:\/\/imagazine.it\/home_desk\/wp-json\/wp\/v2\/categories?post=26827"},{"taxonomy":"post_tag","embeddable":true,"href":"https:\/\/imagazine.it\/home_desk\/wp-json\/wp\/v2\/tags?post=26827"}],"curies":[{"name":"wp","href":"https:\/\/api.w.org\/{rel}","templated":true}]}}