{"id":26811,"date":"2018-06-11T00:00:00","date_gmt":"2018-06-10T23:00:00","guid":{"rendered":"https:\/\/imagazine.it\/?p=26811"},"modified":"2018-06-11T00:00:00","modified_gmt":"2018-06-10T23:00:00","slug":"la-pace-dei-morti-il-silenzio-dei-vivi","status":"publish","type":"post","link":"https:\/\/imagazine.it\/home_desk\/la-pace-dei-morti-il-silenzio-dei-vivi\/","title":{"rendered":"La pace dei morti, il silenzio dei vivi"},"content":{"rendered":"<p>Una passeggiata teatrale attraverser\u00e0 cittadine e paesi del Friuli avvolgendo il filo rosso della memoria a 100 anni dalla fine della Grande Guerra.<\/p>\n<p>Si concluder\u00e0 cos\u00ec il progetto\u00a0<strong>OLTRECONFINE 1918\/2018<\/strong>\u00a0dedicato alle memorie della Grande Guerra sul confine italo austriaco. Dopo aver incontrato associazioni, scuole, famiglie, amministratori locali nei comuni coinvolti \u2013 Palmanova (capofila), Aiello del Friuli, Bagnaria Arsa, Bicinicco, Campolongo Tapogliano, Castions di Strada, Chiopris Viscone, Gonars, Medea, Romans d\u2019Isonzo, Ruda, Santa Maria la Longa, San Vito al Torre, Torviscosa, Trivignano Udinese, Villesse e Visco \u2013 i curatori dell\u2019associazione\u00a0<strong>Cikale Operose<\/strong>\u00a0e il direttore artistico\u00a0<strong>Francesco Accomando<\/strong>\u00a0hanno lavorato per due mesi con un gruppo di attori non professionisti nella costruzione di una restituzione drammaturgica delle memorie raccolte.<\/p>\n<p>La passeggiata teatrale sar\u00e0 intitolata \u201c<strong>In cammino: la pace dei morti, il silenzio dei vivi<\/strong>\u201d e muover\u00e0 i primi passi da\u00a0Palmanova, nella serata di\u00a0gioved\u00ec 20 giugno. Proseguir\u00e0 poi con altre 16 tappe fino alla fine di agosto, con l\u2019ultima replica e la salita all\u2019Ara Pacis di Medea.<\/p>\n<p>Ad accompagnare la passeggiata, i racconti e le letture dalla Grande Guerra interpretati da <strong>Silvio Basile, Anna Bolognese, Bruno Chiaranti, Silvia D\u2019Ambrosio, Rossana Di Tommaso, Rinaldo Fantino, Gabriella Ferigutti, Romeo Mischis, Renato Sclauzero, Bruno Tomasin <\/strong>e<strong> Fabio Vidoz<\/strong>, gi\u00e0 protagonisti nella precedente edizione, ai quali quest\u2019anno si sono aggiunti <strong>Franco D\u2019Ambrosio, Sandra Mansutti, Alessio Michelin, Andrea Nicola, Massimiliana Olivo <\/strong>e<strong> Francesco Ursella<\/strong>.<\/p>\n<p>La partecipazione alla passeggiata teatrale \u00e8 gratuita (l\u2019organizzazione consiglia abbigliamento e scarpe comodi). Le passeggiate teatrali si svolgeranno all\u2019aperto, dunque in caso di maltempo gli eventi interessati dovranno essere rinviati.<\/p>\n<p><strong>Il calendario completo dei giorni e dei luoghi delle repliche nei vari comuni del FVG \u00e8 disponibile sul sito\u00a0<\/strong><a href=\"http:\/\/www.oltreconfine-ww1.eu\/\" target=\"_blank\" rel=\"noopener\">www.oltreconfine-ww1.eu<\/a>.<\/p>\n<p>\u00abIl lavoro di questi tre anni \u2013 afferma\u00a0<strong>Adriana Danielis <\/strong>vicesindaco di Palmanova \u2013 ha coinvolto molte realt\u00e0 territoriali che hanno saputo raccogliere l\u2019eredit\u00e0 di esperienze e testimonianze indirette del Primo conflitto mondiale consumato lungo il confine orientale. \u00a0Questo progetto ha certamente contribuito a ricomporre una frattura storica consumata in questi luoghi, ma anche a promuovere buone pratiche di collaborazione e di condivisione su progettualit\u00e0 culturali tra diverse amministrazioni\u00bb.<\/p>\n<p>\u00abLo spettacolo \u2013 spiega il direttore artistico\u00a0<strong>Francesco Accomando<\/strong>\u00a0\u2013 ricorda i tanti che all\u2019epoca della Grande Guerra hanno attraversato, in cammino, il territorio di confine del Friuli. Migliaia e migliaia da Caporetto a dopo la fine della guerra, truppe in avanzata e in ritirata, militari in rientro dal fronte per la licenza, prigionieri ed ex prigionieri di ritorno, civili fuggiaschi, profughi, deportati\u2026 Tutta la narrazione di Oltreconfine parla di questo continuo movimento massivo. Cos\u00ec lo spettacolo ha la forma del camminare, una sorta di rituale laico che coinvolge attori e pubblico nell\u2019atto del ricordare e nello stesso tempo \u00e8 l\u2019invito a un cammino collettivo da intraprendere per costruire una pace forse mai raggiungibile nella sua pienezza. Nel titolo c\u2019\u00e8 anche un paradosso, dato che ci racconta come solo i morti hanno trovato finalmente la pace alle loro sofferenze, mentre per i vivi la guerra della miseria e della fame \u00e8 continuata ben oltre il termine delle ostilit\u00e0. Infine ai vivi \u00e8 concesso il silenzio di una visita al camposanto, ma a loro appartiene anche il silenzio su tutto quello che non hanno voluto o potuto raccontare di quei giorni tremendi\u00bb.<\/p>\n","protected":false},"excerpt":{"rendered":"<p>Si conclude il progetto &#8220;Oltreconfine&#8221;<\/p>\n","protected":false},"author":28,"featured_media":26812,"comment_status":"closed","ping_status":"closed","sticky":false,"template":"","format":"standard","meta":{"dwc-title":[],"dwc-content":[],"footnotes":""},"categories":[37],"tags":[],"class_list":["post-26811","post","type-post","status-publish","format-standard","has-post-thumbnail","hentry","category-cultura-e-spettacolo"],"rttpg_featured_image_url":{"full":["https:\/\/imagazine.it\/wp-content\/uploads\/2024\/01\/25777-1.webp",750,463,false],"landscape":["https:\/\/imagazine.it\/wp-content\/uploads\/2024\/01\/25777-1.webp",750,463,false],"portraits":["https:\/\/imagazine.it\/wp-content\/uploads\/2024\/01\/25777-1.webp",750,463,false],"thumbnail":["https:\/\/imagazine.it\/wp-content\/uploads\/2024\/01\/25777-1-150x150.webp",150,150,true],"medium":["https:\/\/imagazine.it\/wp-content\/uploads\/2024\/01\/25777-1-300x185.webp",300,185,true],"large":["https:\/\/imagazine.it\/wp-content\/uploads\/2024\/01\/25777-1.webp",640,395,false],"thumblist":["https:\/\/imagazine.it\/wp-content\/uploads\/2024\/01\/25777-1.webp",300,185,false],"thumbrelated":["https:\/\/imagazine.it\/wp-content\/uploads\/2024\/01\/25777-1.webp",500,309,false],"meccarouselthumb":["https:\/\/imagazine.it\/wp-content\/uploads\/2024\/01\/25777-1.webp",474,293,false],"gridsquare":["https:\/\/imagazine.it\/wp-content\/uploads\/2024\/01\/25777-1.webp",391,241,false],"tileview":["https:\/\/imagazine.it\/wp-content\/uploads\/2024\/01\/25777-1.webp",300,185,false],"1536x1536":["https:\/\/imagazine.it\/wp-content\/uploads\/2024\/01\/25777-1.webp",750,463,false],"2048x2048":["https:\/\/imagazine.it\/wp-content\/uploads\/2024\/01\/25777-1.webp",750,463,false],"newsup-slider-full":["https:\/\/imagazine.it\/wp-content\/uploads\/2024\/01\/25777-1.webp",750,463,false],"newsup-featured":["https:\/\/imagazine.it\/wp-content\/uploads\/2024\/01\/25777-1.webp",750,463,false],"newsup-medium":["https:\/\/imagazine.it\/wp-content\/uploads\/2024\/01\/25777-1-720x380.webp",720,380,true],"tptn_thumbnail":["https:\/\/imagazine.it\/wp-content\/uploads\/2024\/01\/25777-1.webp",250,154,false],"sow-carousel-default":["https:\/\/imagazine.it\/wp-content\/uploads\/2024\/01\/25777-1-272x182.webp",272,182,true]},"rttpg_author":{"display_name":"redazione","author_link":"https:\/\/imagazine.it\/home_desk\/author\/redazione\/"},"rttpg_comment":0,"rttpg_category":"<a href=\"https:\/\/imagazine.it\/home_desk\/category\/cultura-e-spettacolo\/\" rel=\"category tag\">CULTURA&amp;SPETTACOLO<\/a>","rttpg_excerpt":"Si conclude il progetto \"Oltreconfine\"","_links":{"self":[{"href":"https:\/\/imagazine.it\/home_desk\/wp-json\/wp\/v2\/posts\/26811","targetHints":{"allow":["GET"]}}],"collection":[{"href":"https:\/\/imagazine.it\/home_desk\/wp-json\/wp\/v2\/posts"}],"about":[{"href":"https:\/\/imagazine.it\/home_desk\/wp-json\/wp\/v2\/types\/post"}],"author":[{"embeddable":true,"href":"https:\/\/imagazine.it\/home_desk\/wp-json\/wp\/v2\/users\/28"}],"replies":[{"embeddable":true,"href":"https:\/\/imagazine.it\/home_desk\/wp-json\/wp\/v2\/comments?post=26811"}],"version-history":[{"count":0,"href":"https:\/\/imagazine.it\/home_desk\/wp-json\/wp\/v2\/posts\/26811\/revisions"}],"wp:featuredmedia":[{"embeddable":true,"href":"https:\/\/imagazine.it\/home_desk\/wp-json\/wp\/v2\/media\/26812"}],"wp:attachment":[{"href":"https:\/\/imagazine.it\/home_desk\/wp-json\/wp\/v2\/media?parent=26811"}],"wp:term":[{"taxonomy":"category","embeddable":true,"href":"https:\/\/imagazine.it\/home_desk\/wp-json\/wp\/v2\/categories?post=26811"},{"taxonomy":"post_tag","embeddable":true,"href":"https:\/\/imagazine.it\/home_desk\/wp-json\/wp\/v2\/tags?post=26811"}],"curies":[{"name":"wp","href":"https:\/\/api.w.org\/{rel}","templated":true}]}}