{"id":26809,"date":"2018-06-07T00:00:00","date_gmt":"2018-06-06T23:00:00","guid":{"rendered":"https:\/\/imagazine.it\/?p=26809"},"modified":"2018-06-07T00:00:00","modified_gmt":"2018-06-06T23:00:00","slug":"legalita-studenti-di-cividale-premiati-a-roma","status":"publish","type":"post","link":"https:\/\/imagazine.it\/home_desk\/legalita-studenti-di-cividale-premiati-a-roma\/","title":{"rendered":"Legalit\u00e0, studenti di Cividale premiati a Roma"},"content":{"rendered":"<p>Gli allievi della Scuola Primaria annessa al Convitto Nazionale \u201cPaolo Diacono\u201d di Cividale del Friuli si sono aggiudicati il primo posto al concorso nazionale &#8220;PretenDiamo Legalit\u00e0, a scuola con il Commissario Mascherpa&#8221; \u2013 organizzato in collaborazione con il MIUR \u2013 e sono stati premiati nei giorni scorsi a Roma, al teatro Sala Umberto, dal Capo della Polizia di Stato <strong>Franco Gabrielli<\/strong>.<\/p>\n<p>Alla cerimonia di premiazione di questa prima edizione erano presenti il Questore della citt\u00e0 di Udine <strong>Claudio Cracovia<\/strong> e il Rettore del Convitto Paolo Diacono <strong>Patrizia Pavatti<\/strong>.\u00a0Testimonial dell&#39;iniziativa, il commissario Mascherpa,\u00a0protagonista del <em>graphic novel<\/em> a episodi edito in esclusiva sul mensile &#8220;Polizia Moderna&#8221;.<\/p>\n<p>I bambini delle classi 5a e 5b della Scuola Primaria del Convitto hanno partecipato al progetto assieme a allievi provenienti dalle scuole di 70 province italiane e hanno dato prova di quanto sia efficace trasmettere la cultura della legalit\u00e0 tra le nuove generazioni; nel corso dell&#39;anno scolastico hanno avuto modo di riflettere sulla legalit\u00e0 e di partecipare al concorso con degli elaborati creativi sui temi:\u00a0&#8220;<strong>Io=noi. Legalit\u00e0=responsabilit\u00e0\u201d\u00a0<\/strong>e<strong>\u00a0&#8220;Il futuro \u00e8 nella memoria: come riconquistare spazi di legalit\u00e0 collettiva<\/strong>&#8220;.\u00a0<\/p>\n<p>Gli allievi del Convitto, unitamente alle insegnanti, sono stati accompagnati dal personale della Questura di Udine che ha seguito tutto il percorso per la realizzazione dell\u2019elaborato prodotto. Il tutor Vice Commissario della Polizia di Stato <strong>Mara Lessio<\/strong> e collaboratori Assistenti Capo Coordinatori della P. di S.\u00a0 <strong>Stefano Tomasin<\/strong> e <strong>Lorena Paviotti<\/strong>, nei decorsi mesi hanno incontrato, presso la scuola, i giovani alunni con i quali sono stati condivisi pensieri che hanno stimolato riflessioni sulla necessit\u00e0 di superare ogni chiusura e isolamento per una rinnovata capacit\u00e0 di impegno civile, partendo dal principio che solo la cultura e la conoscenza sono in grado di aprire la mente al coraggio, al rispetto degli altri e alla tolleranza.<\/p>\n<p>In seguito all\u2019incontro con la Polizia di Stato, le classi quinte di Cividale, con immagini, grafica, creativit\u00e0 e originalit\u00e0 hanno cercato di trasmettere, con forte impatto, messaggi dai contenuti chiari ed efficaci sui concetti di legalit\u00e0 e rispetto delle regole calati in contesti a loro familiari: la scuola, il parco, l&#39;autobus e la citt\u00e0 sono diventati gli scenari in cui drammatizzare semplici episodi di vita quotidiana. Hanno realizzato un libro composto da dieci fotografie in bianco e nero dal titolo <strong><em>\u201cRISCATTIAMOCI\u201d La legalit\u00e0 attraverso gli occhi dei bambini<\/em>; <\/strong>in ogni immagine gli alunni hanno messo in luce i simboli della legalit\u00e0, della correttezza e del reciproco aiuto. I titoli, le poesie, i pensieri, i disegni e le creazioni degli studenti, secondo modalit\u00e0 d&#39;arte diverse, hanno ulteriormente sottolineato e spiegato il valore simbolico di ogni fotografia e hanno portato i bambini a ragionare e a scegliere tra comportamenti antitetici: quelli positivi e quelli negativi.<\/p>\n<p>Presenti alla premiazione anche il capo della segreteria del Dipartimento della pubblica sicurezza <strong>Enzo Calabria<\/strong>, il Questore di Roma <strong>Guido Marino<\/strong>, Il direttore generale per lo Studente, l\u2019Integrazione e la partecipazione del Miur <strong>Giovanna Boda<\/strong> nonch\u00e9 i Questori delle province premiate, i dirigenti scolastici e i docenti delle scuole interessate.<\/p>\n<p>L\u2019evento \u00e8 stato presentato dall\u2019attrice <strong>Clotilde Sabatino<\/strong> e sul palco sono saliti anche l\u2019attore <strong>Alessio Vassallo<\/strong> e l\u2019imitatrice <strong>Emanuela Aureli<\/strong>. In platea anche campioni delle Fiamme oro come <strong>Roberto Cammarelle<\/strong>, <strong>Valentina Vezzali<\/strong>, <strong>Alice Volpi<\/strong>, <strong>Irma Testa<\/strong>.<\/p>\n","protected":false},"excerpt":{"rendered":"<p>Il riconoscimento del Capo della Polizia<\/p>\n","protected":false},"author":28,"featured_media":26810,"comment_status":"closed","ping_status":"closed","sticky":false,"template":"","format":"standard","meta":{"dwc-title":[],"dwc-content":[],"footnotes":""},"categories":[5],"tags":[],"class_list":["post-26809","post","type-post","status-publish","format-standard","has-post-thumbnail","hentry","category-attualita"],"rttpg_featured_image_url":{"full":["https:\/\/imagazine.it\/wp-content\/uploads\/2024\/01\/25759-1.webp",750,457,false],"landscape":["https:\/\/imagazine.it\/wp-content\/uploads\/2024\/01\/25759-1.webp",750,457,false],"portraits":["https:\/\/imagazine.it\/wp-content\/uploads\/2024\/01\/25759-1.webp",750,457,false],"thumbnail":["https:\/\/imagazine.it\/wp-content\/uploads\/2024\/01\/25759-1-150x150.webp",150,150,true],"medium":["https:\/\/imagazine.it\/wp-content\/uploads\/2024\/01\/25759-1-300x183.webp",300,183,true],"large":["https:\/\/imagazine.it\/wp-content\/uploads\/2024\/01\/25759-1.webp",640,390,false],"thumblist":["https:\/\/imagazine.it\/wp-content\/uploads\/2024\/01\/25759-1.webp",300,183,false],"thumbrelated":["https:\/\/imagazine.it\/wp-content\/uploads\/2024\/01\/25759-1.webp",500,305,false],"meccarouselthumb":["https:\/\/imagazine.it\/wp-content\/uploads\/2024\/01\/25759-1.webp",474,289,false],"gridsquare":["https:\/\/imagazine.it\/wp-content\/uploads\/2024\/01\/25759-1.webp",391,238,false],"tileview":["https:\/\/imagazine.it\/wp-content\/uploads\/2024\/01\/25759-1.webp",300,183,false],"1536x1536":["https:\/\/imagazine.it\/wp-content\/uploads\/2024\/01\/25759-1.webp",750,457,false],"2048x2048":["https:\/\/imagazine.it\/wp-content\/uploads\/2024\/01\/25759-1.webp",750,457,false],"newsup-slider-full":["https:\/\/imagazine.it\/wp-content\/uploads\/2024\/01\/25759-1.webp",750,457,false],"newsup-featured":["https:\/\/imagazine.it\/wp-content\/uploads\/2024\/01\/25759-1.webp",750,457,false],"newsup-medium":["https:\/\/imagazine.it\/wp-content\/uploads\/2024\/01\/25759-1-720x380.webp",720,380,true],"tptn_thumbnail":["https:\/\/imagazine.it\/wp-content\/uploads\/2024\/01\/25759-1.webp",250,152,false],"sow-carousel-default":["https:\/\/imagazine.it\/wp-content\/uploads\/2024\/01\/25759-1-272x182.webp",272,182,true]},"rttpg_author":{"display_name":"redazione","author_link":"https:\/\/imagazine.it\/home_desk\/author\/redazione\/"},"rttpg_comment":0,"rttpg_category":"<a href=\"https:\/\/imagazine.it\/home_desk\/category\/attualita\/\" rel=\"category tag\">ATTUALIT\u00c0<\/a>","rttpg_excerpt":"Il riconoscimento del Capo della Polizia","_links":{"self":[{"href":"https:\/\/imagazine.it\/home_desk\/wp-json\/wp\/v2\/posts\/26809","targetHints":{"allow":["GET"]}}],"collection":[{"href":"https:\/\/imagazine.it\/home_desk\/wp-json\/wp\/v2\/posts"}],"about":[{"href":"https:\/\/imagazine.it\/home_desk\/wp-json\/wp\/v2\/types\/post"}],"author":[{"embeddable":true,"href":"https:\/\/imagazine.it\/home_desk\/wp-json\/wp\/v2\/users\/28"}],"replies":[{"embeddable":true,"href":"https:\/\/imagazine.it\/home_desk\/wp-json\/wp\/v2\/comments?post=26809"}],"version-history":[{"count":0,"href":"https:\/\/imagazine.it\/home_desk\/wp-json\/wp\/v2\/posts\/26809\/revisions"}],"wp:featuredmedia":[{"embeddable":true,"href":"https:\/\/imagazine.it\/home_desk\/wp-json\/wp\/v2\/media\/26810"}],"wp:attachment":[{"href":"https:\/\/imagazine.it\/home_desk\/wp-json\/wp\/v2\/media?parent=26809"}],"wp:term":[{"taxonomy":"category","embeddable":true,"href":"https:\/\/imagazine.it\/home_desk\/wp-json\/wp\/v2\/categories?post=26809"},{"taxonomy":"post_tag","embeddable":true,"href":"https:\/\/imagazine.it\/home_desk\/wp-json\/wp\/v2\/tags?post=26809"}],"curies":[{"name":"wp","href":"https:\/\/api.w.org\/{rel}","templated":true}]}}