{"id":26807,"date":"2018-06-07T00:00:00","date_gmt":"2018-06-06T23:00:00","guid":{"rendered":"https:\/\/imagazine.it\/?p=26807"},"modified":"2018-06-07T00:00:00","modified_gmt":"2018-06-06T23:00:00","slug":"lignano-20-anni-di-libri-e-vini","status":"publish","type":"post","link":"https:\/\/imagazine.it\/home_desk\/lignano-20-anni-di-libri-e-vini\/","title":{"rendered":"Lignano, 20 anni di libri e vini"},"content":{"rendered":"<p>Compie <strong>vent\u2019anni<\/strong> la rassegna estiva degli &#8220;<strong>Incontri con l&#39;Autore e con il vino&#8221;<\/strong> di Lignano Pineta, promossa dall\u2019Associazione Lignano nel Terzo Millennio e curata dallo scrittore <strong>Alberto Garlini<\/strong> e dal tecnologo alimentare <strong>Giovanni Munisso<\/strong>.<\/p>\n<p><strong>Dal 14 giugno al 6 settembre<\/strong>, ogni gioved\u00ec alle 18.30 al <strong>PalaPineta nel Parco del Mare<\/strong>, appuntamento con alcuni dei maggiori protagonisti della scena letteraria nazionale: <strong>Francesca Della Toffola, Lino Leggio, Andrea di Robilant, Eliana Liotta, Matteo Bussola, Mary Barbara Tolusso, Igor Sibaldi, Enrico Galiano, Mauro Corona e Luigi Maieron, Gian Mario Villalta, Federico Moccia e Antonio Caprarica<\/strong>.<\/p>\n<p>Incontri d\u2019autore per vini d\u2019autore; com\u2019\u00e8 d\u2019uso nell\u2019estate di Lignano, <strong>a ogni appuntamento il dialogo si abbiner\u00e0 a una cantina del territorio<\/strong>: alla presentazione del libro, dunque, si intrecceranno i profumi e i sentori di grandi vini.\u00a0Si avvicenderanno di volta in volta, le aziende\u00a0<strong>Vigna Traverso, Le Due Torri, Korsic Wines, Valentino Butussi, Irene Cencig, Principi di Porcia e Brugnera, Subida Di Monte, Modeano, De Lorenzi Vini, Alturis, Conte d&#39;Attimis \u2013 Maniago, Azienda del Poggio e Gori.<\/strong><\/p>\n<p>Il primo appuntamento degli &#8220;Incontri con l&#39;Autore e con il vino&#8221; gioved\u00ec <strong>14 giugno<\/strong> con la presentazione di <strong><em>Lignano: ti racconto<\/em><\/strong> (la Nuova Base Editrice), una raccolta di racconti brevi ambientati nella citt\u00e0 balneare frutto dell&#39;estro narrativo dei partecipanti al corso di scrittura creativa nel 2017 organizzato dall&#39;Associazione Lignano nel Terzo Millennio e curati da Alberto Garlini.<\/p>\n<p>Gioved\u00ec<strong> 21 giugno <\/strong>ci si sposta al <strong>Centro Kursaal<\/strong>, sempre alle 18.30, con il vincitore del Premio Hemingway 2018 nella sezione fotografia <strong>Francesca Della Toffola<\/strong>, autrice del volume <strong><em>Accerchiati Incanti<\/em><\/strong> (Punto Marte). Nel passaggio epocale dalle impronte chimico-fisiche a quelle elettroniche la fotografia offre sorprendenti e magiche possibilit\u00e0 di visualizzazione, non solo della realt\u00e0 corporea ma del pensiero e dei sogni. L\u2019autrice dialogher\u00e0 con <strong>Italo Zannier<\/strong>. L\u2019appuntamento \u00e8 organizzato <strong>in collaborazione con Il Premio Hemingway 2018.<\/strong><\/p>\n<p>Terzo appuntamento degli \u201cIncontri\u201d, gioved\u00ec <strong>28 giugno<\/strong>, con <strong>Li Noleggio<\/strong> autore di <strong><em>Preda<\/em><\/strong> (Cierre grafica). Protagonista di questo romanzo Leena Halonen, una ragazza che ha vissuto la sua infanzia nelle foreste innevate e che ha imparato l&#39;arte della sopravvivenza.<\/p>\n<p>Si prosegue<strong> gioved\u00ec 5 luglio <\/strong>con <strong>Andrea Di Robilant<\/strong> e il suo <strong><em>Autunno a Venezia. Hemingway e l\u2019ultima musa <\/em><\/strong>(Corbaccio), in collaborazione con Premio Hemingway. Un racconto che inizia dal ritorno in Italia dopo vent\u2019anni di Hemingway, un viaggio nell\u2019Italia del dopoguerra che durer\u00e0 otto mesi: da Genova a Milano, da Stresa a Cortina, infine a Venezia, dove incontra Adriana Ivancich, che diventa la musa dello scrittore nel senso pi\u00f9 classico. Grazie a lei Hemingway ritrova l\u2019ispirazione perduta e ricomincia a scrivere: \u00e8 lei la Renata di\u00a0<em>Di l\u00e0 dal fiume e tra gli alberi<\/em>. Adriana lo segue a Cuba. \u00c8 una stagione tormentata. Ma con lei al suo fianco Hemingway riesce a completare la sua opera scrivendo\u00a0<em>Il vecchio e il mare<\/em>, che gli vale il Pulitzer e poi il Nobel.<\/p>\n<p>Si pu\u00f2 dilatare la giovinezza? E invertire il processo di invecchiamento? La risposta \u00e8 s\u00ec, l&#39;et\u00e0 non \u00e8 uguale per tutti. Lo racconta <strong>gioved\u00ec 12 luglio <\/strong><strong>Eliana Liotta<\/strong>, autrice di <strong><em>L\u2019et\u00e0 non \u00e8 uguale per tutti<\/em><\/strong> (La Nave di Teseo). Nel suo libro spiega come educare se stessi a restare giovani, nel corpo e nello spirito, in base alle ricerche scientifiche pi\u00f9 attendibili. A 30, 50 o 70 anni. E, per la prima volta in Europa, il tema \u00e8 affrontato grazie al contributo multidisciplinare di medici e ricercatori di un grande centro clinico e di ricerca: l&#39;ospedale universitario Humanitas.<\/p>\n<p><strong>Gioved\u00ec<\/strong><strong> 19 <\/strong><strong>luglio<\/strong><strong>, <\/strong><strong>Matteo<\/strong> <strong>Bussola<\/strong> presenta <strong><em>La<\/em><\/strong> <strong><em>vita<\/em><\/strong> <strong><em>fino<\/em><\/strong> <strong><em>a<\/em><\/strong> <strong><em>te<\/em><\/strong> (Einaudi): Dopo il successo di\u00a0<em>Notti in bianco, baci a colazione<\/em>, l\u2019autore ha scritto un libro sull&#39;amore di coppia. Vissuto, immaginato, sperato, fallito. L&#39;amore che \u00abnon ti completa, ma ti comincia\u00bb. Matteo Bussola riconosce ci\u00f2 che di straordinario si annida nelle cose ordinarie perch\u00e9 le guarda come se accadessero per la prima volta, come se sentisse sempre la vita pulsare in ogni cellula. Ed \u00e8 con quello sguardo che racconta di relazioni sentimentali, l&#39;istante in cui nascono, il tempo che abitano<\/p>\n<p><strong><em>L\u2019esercizio del distacco<\/em><\/strong> (Bollati Boringhieri) \u00e8 il nuovo libro di <strong>Mary Barbara Tolusso<\/strong>, che lo presenta al pubblico di Lignano gioved\u00ec <strong>26 luglio. <\/strong>Questo romanzo ha una storia breve, ma che non lascia mai il lettore. E una volta chiuso, l\u2019eco resta a lungo. Un libro che \u00e8 prima di tutto una grande storia d\u2019amore scritta in una prosa unica, malinconica e intrisa di poesia. Un romanzo visionario che mette in scena il pi\u00f9 terribile dei desideri umani, quello che ci spinge a sognare un\u2019esistenza pi\u00f9 lunga, un amore eterno.<\/p>\n<p>Gioved\u00ec <strong>2 agosto<\/strong> appuntamento con <strong>Igor Sibaldi<\/strong> e il suo saggio <strong><em>Resuscitare<\/em><\/strong> (Mondadori), in cui l\u2019autore affronta<strong> il tema della resurrezione come esercizio psicologico e concreta possibilit\u00e0 esistenziale<\/strong>. Migliaia di anni fa erano note tecniche di resurrezione, ma enormi resistenze di ogni genere hanno impedito finora di comprenderne l\u2019efficacia. Oggi, grazie anche alle scoperte pi\u00f9 recenti della fisica, si aprono qui prospettive inaudite. Per la prima volta in questo saggio, che sfida tutte le nostre certezze, si descrive <strong>il metodo della resurrezione e della reversibilit\u00e0 del tempo<\/strong>, con lo straordinario cambiamento che questa prospettiva produce nella nostra mente.<\/p>\n<p>L\u2019esordio letterario di Enrico Galiano, <em>Eppure cadiamo felici<\/em>, \u00e8 stato il libro rivelazione del 2017. Dopo aver sbaragliato le classifiche per settimane, presto diventer\u00e0 un film. Il plauso della stampa e dei lettori \u00e8 stato unanime. E l\u2019autore continua ad essere un insegnante \u201ccelebrit\u00e0\u201d sulla rete. <strong>Gioved\u00ec\u00a09 agosto, <\/strong><strong>Enrico Galiano<\/strong> sar\u00e0 al Palapineta con <strong><em>Tutta la vita che vuoi<\/em> <\/strong>(Garzanti), il nuovo romanzo in cui i tre protagonisti adolescenti parlano di loro stessi, delle loro paure, delle loro speranze. E imparano che per vivere senza rimpianti bisogna mettersi in gioco, rischiare. Ma farlo con degli amici accanto rende tutto pi\u00f9 semplice.<\/p>\n<p>\u00a0\u201cUomini di parola\u201d. Non pu\u00f2 che titolarsi cos\u00ec l\u2019incontro di gioved\u00ec<strong> 16 agosto <\/strong>con<strong> Mauro Corona e Luigi Maieron<\/strong>, due amici della rassegna letteraria lignanese.\u00a0Musica e parola si fondono per un dialogo intrecciato fra ambiente, crisi economica, rapporto dell\u2019uomo con la natura, ricerca delle proprie radici, omaggio alla terra di origine. Temi cari ai due autori, che hanno affrontato anche in <em>Quasi niente<\/em>\u00a0\u2013 scritto a quattro mani \u2013 <strong><em>Te lo giuro sul cielo, <\/em><\/strong>il nuovo romanzo di Luigi Maieron e in\u00a0<strong><em>Confessioni Ultime<\/em><\/strong>\u00a0di Mauro Corona.<\/p>\n<p>Gioved\u00ec <strong>23 agosto<\/strong> torna al Palapineta <strong>Gian Mario Villalta<\/strong> con il suo ultimo romanzo <strong><em>Bestia da latte <\/em><\/strong>(SEM editore). A undici anni, in pochi mesi pu\u00f2 finire l\u2019infanzia. E i tradimenti che ci sembra di subire a volte li cerchiamo, oppure li inventiamo, per consentire a un\u2019altra et\u00e0 di avere inizio. Oggi, il bambino di allora si chiede le ragioni di quella violenza sorda, cupa, marcio frutto di altra violenza. E si chiede se la sua vita, senza quelle vicende ormai lontane, sarebbe stata diversa.<\/p>\n<p>Gioved\u00ec <strong>30 agosto<\/strong>, <strong>Federico Moccia<\/strong> presenta <strong><em>Tre volte te<\/em><\/strong> (Casa Editrice Nord). <em>Tre metri sopra il cielo<\/em> \u00e8 stato un fenomeno unico, che ha superato i confini editoriali per entrare nel vissuto di chi lo ha letto. E, adesso, dopo <em>Ho voglia di te<\/em>, i protagonisti tornano a raccontarci la loro storia. Sono diventati adulti, sono cambiati, hanno imparato dagli errori del passato. Ma, forse, in amore non esistono errori e certe cose non cambiano mai. Come finir\u00e0 la storia tra Babi, Step e Gin?<\/p>\n<p>Gran finale degli &#8220;<strong>Incontri con l&#39;Autore e con il vino&#8221; gioved\u00ec\u00a06 settembre assieme ad\u00a0Antonio Caprarica<\/strong> e al suo <strong><em>Royal baby. Vite magnifiche e viziate degli eredi al trono <\/em><\/strong>(Sperling &#038; Kupfer). Spostandosi avanti e indietro nel tempo, infilandosi nelle residenze reali di tutta Europa, l\u2019autore registra con brio e gusto per i particolari gli aspetti pi\u00f9 significativi e curiosi della vita e dell&#39;educazione di giovani principi e principesse.<\/p>\n","protected":false},"excerpt":{"rendered":"<p>Dal 14 giugno al 6 settembre<\/p>\n","protected":false},"author":28,"featured_media":26808,"comment_status":"closed","ping_status":"closed","sticky":false,"template":"","format":"standard","meta":{"dwc-title":[],"dwc-content":[],"footnotes":""},"categories":[37],"tags":[],"class_list":["post-26807","post","type-post","status-publish","format-standard","has-post-thumbnail","hentry","category-cultura-e-spettacolo"],"rttpg_featured_image_url":{"full":["https:\/\/imagazine.it\/wp-content\/uploads\/2024\/01\/25755-1.webp",750,472,false],"landscape":["https:\/\/imagazine.it\/wp-content\/uploads\/2024\/01\/25755-1.webp",750,472,false],"portraits":["https:\/\/imagazine.it\/wp-content\/uploads\/2024\/01\/25755-1.webp",750,472,false],"thumbnail":["https:\/\/imagazine.it\/wp-content\/uploads\/2024\/01\/25755-1-150x150.webp",150,150,true],"medium":["https:\/\/imagazine.it\/wp-content\/uploads\/2024\/01\/25755-1-300x189.webp",300,189,true],"large":["https:\/\/imagazine.it\/wp-content\/uploads\/2024\/01\/25755-1.webp",640,403,false],"thumblist":["https:\/\/imagazine.it\/wp-content\/uploads\/2024\/01\/25755-1.webp",300,189,false],"thumbrelated":["https:\/\/imagazine.it\/wp-content\/uploads\/2024\/01\/25755-1.webp",500,315,false],"meccarouselthumb":["https:\/\/imagazine.it\/wp-content\/uploads\/2024\/01\/25755-1.webp",474,298,false],"gridsquare":["https:\/\/imagazine.it\/wp-content\/uploads\/2024\/01\/25755-1.webp",391,246,false],"tileview":["https:\/\/imagazine.it\/wp-content\/uploads\/2024\/01\/25755-1.webp",300,189,false],"1536x1536":["https:\/\/imagazine.it\/wp-content\/uploads\/2024\/01\/25755-1.webp",750,472,false],"2048x2048":["https:\/\/imagazine.it\/wp-content\/uploads\/2024\/01\/25755-1.webp",750,472,false],"newsup-slider-full":["https:\/\/imagazine.it\/wp-content\/uploads\/2024\/01\/25755-1.webp",750,472,false],"newsup-featured":["https:\/\/imagazine.it\/wp-content\/uploads\/2024\/01\/25755-1.webp",750,472,false],"newsup-medium":["https:\/\/imagazine.it\/wp-content\/uploads\/2024\/01\/25755-1-720x380.webp",720,380,true],"tptn_thumbnail":["https:\/\/imagazine.it\/wp-content\/uploads\/2024\/01\/25755-1.webp",250,157,false],"sow-carousel-default":["https:\/\/imagazine.it\/wp-content\/uploads\/2024\/01\/25755-1-272x182.webp",272,182,true]},"rttpg_author":{"display_name":"redazione","author_link":"https:\/\/imagazine.it\/home_desk\/author\/redazione\/"},"rttpg_comment":0,"rttpg_category":"<a href=\"https:\/\/imagazine.it\/home_desk\/category\/cultura-e-spettacolo\/\" rel=\"category tag\">CULTURA&amp;SPETTACOLO<\/a>","rttpg_excerpt":"Dal 14 giugno al 6 settembre","_links":{"self":[{"href":"https:\/\/imagazine.it\/home_desk\/wp-json\/wp\/v2\/posts\/26807","targetHints":{"allow":["GET"]}}],"collection":[{"href":"https:\/\/imagazine.it\/home_desk\/wp-json\/wp\/v2\/posts"}],"about":[{"href":"https:\/\/imagazine.it\/home_desk\/wp-json\/wp\/v2\/types\/post"}],"author":[{"embeddable":true,"href":"https:\/\/imagazine.it\/home_desk\/wp-json\/wp\/v2\/users\/28"}],"replies":[{"embeddable":true,"href":"https:\/\/imagazine.it\/home_desk\/wp-json\/wp\/v2\/comments?post=26807"}],"version-history":[{"count":0,"href":"https:\/\/imagazine.it\/home_desk\/wp-json\/wp\/v2\/posts\/26807\/revisions"}],"wp:featuredmedia":[{"embeddable":true,"href":"https:\/\/imagazine.it\/home_desk\/wp-json\/wp\/v2\/media\/26808"}],"wp:attachment":[{"href":"https:\/\/imagazine.it\/home_desk\/wp-json\/wp\/v2\/media?parent=26807"}],"wp:term":[{"taxonomy":"category","embeddable":true,"href":"https:\/\/imagazine.it\/home_desk\/wp-json\/wp\/v2\/categories?post=26807"},{"taxonomy":"post_tag","embeddable":true,"href":"https:\/\/imagazine.it\/home_desk\/wp-json\/wp\/v2\/tags?post=26807"}],"curies":[{"name":"wp","href":"https:\/\/api.w.org\/{rel}","templated":true}]}}