{"id":26795,"date":"2018-06-06T00:00:00","date_gmt":"2018-06-05T23:00:00","guid":{"rendered":"https:\/\/imagazine.it\/?p=26795"},"modified":"2018-06-06T00:00:00","modified_gmt":"2018-06-05T23:00:00","slug":"ovaro-lavori-di-ampliamento-per-la-latteria","status":"publish","type":"post","link":"https:\/\/imagazine.it\/home_desk\/ovaro-lavori-di-ampliamento-per-la-latteria\/","title":{"rendered":"Ovaro, lavori di ampliamento per la Latteria"},"content":{"rendered":"<p>Cresce ancora la <strong>Latteria di Ovaro<\/strong>. Il caseificio carnico, che sorge nella frazione di Luincis e distribuisce i prodotti con il marchio <strong><em>Artelatte<\/em><\/strong> facente parte del <strong>Gruppo Pezzetta<\/strong> di Fagagna, si prepara ad ampliare il suo stabilimento. A breve, infatti, partiranno i lavori per la costruzione di una <strong>nuova ala da circa 1.200 metri quadrati<\/strong>, che porteranno il totale della sede a oltre 2.000 mq.<\/p>\n<p>Gli interventi consentiranno di ricavare locali pi\u00f9 ampi di quelli attuali per la lavorazione del latte, ma anche di creare maggiori spazi per accrescere la fruibilit\u00e0 dei reparti. Non solo: la nuova ala ospiter\u00e0 al primo piano anche un attrezzato magazzino per la conservazione e gestione di imballi e attrezzature non in uso. All&#39;interno dell&#39;ala che sar\u00e0 costruita, inoltre, \u00e8 in programma anche l&#39;utilizzo di nuove opportunit\u00e0 tecnologiche, in grado di creare un ponte ideale tra una latteria &#8220;d&#39;altri tempi&#8221; e le tecniche pi\u00f9 moderne.<\/p>\n<p>\u00abOltre a tutto questo &#8211; commenta <strong>David Urban<\/strong>, gestore della Latteria di Ovaro &#8211; desideriamo creare un punto vendita pi\u00f9 strutturato, che mediante un soppalco consenta anche ai visitatori di poter osservare alcune fasi della lavorazione dei prodotti. Riteniamo possa essere un modo originale di far vedere a chi ci sceglie come nascono i formaggi\u00bb. I lavori per l&#39;ampliamento prenderanno il via in tempi brevi e si dovrebbero concludere entro fine 2019.<\/p>\n","protected":false},"excerpt":{"rendered":"<p>Lo stabilimento di Luincis pronto ad allargarsi<\/p>\n","protected":false},"author":28,"featured_media":26796,"comment_status":"closed","ping_status":"closed","sticky":false,"template":"","format":"standard","meta":{"dwc-title":[],"dwc-content":[],"footnotes":""},"categories":[5],"tags":[],"class_list":["post-26795","post","type-post","status-publish","format-standard","has-post-thumbnail","hentry","category-attualita"],"rttpg_featured_image_url":{"full":["https:\/\/imagazine.it\/wp-content\/uploads\/2024\/01\/25715-1.webp",750,497,false],"landscape":["https:\/\/imagazine.it\/wp-content\/uploads\/2024\/01\/25715-1.webp",750,497,false],"portraits":["https:\/\/imagazine.it\/wp-content\/uploads\/2024\/01\/25715-1.webp",750,497,false],"thumbnail":["https:\/\/imagazine.it\/wp-content\/uploads\/2024\/01\/25715-1-150x150.webp",150,150,true],"medium":["https:\/\/imagazine.it\/wp-content\/uploads\/2024\/01\/25715-1-300x199.webp",300,199,true],"large":["https:\/\/imagazine.it\/wp-content\/uploads\/2024\/01\/25715-1.webp",640,424,false],"thumblist":["https:\/\/imagazine.it\/wp-content\/uploads\/2024\/01\/25715-1.webp",300,199,false],"thumbrelated":["https:\/\/imagazine.it\/wp-content\/uploads\/2024\/01\/25715-1.webp",500,331,false],"meccarouselthumb":["https:\/\/imagazine.it\/wp-content\/uploads\/2024\/01\/25715-1.webp",474,314,false],"gridsquare":["https:\/\/imagazine.it\/wp-content\/uploads\/2024\/01\/25715-1.webp",391,260,false],"tileview":["https:\/\/imagazine.it\/wp-content\/uploads\/2024\/01\/25715-1.webp",300,199,false],"1536x1536":["https:\/\/imagazine.it\/wp-content\/uploads\/2024\/01\/25715-1.webp",750,497,false],"2048x2048":["https:\/\/imagazine.it\/wp-content\/uploads\/2024\/01\/25715-1.webp",750,497,false],"newsup-slider-full":["https:\/\/imagazine.it\/wp-content\/uploads\/2024\/01\/25715-1.webp",750,497,false],"newsup-featured":["https:\/\/imagazine.it\/wp-content\/uploads\/2024\/01\/25715-1.webp",750,497,false],"newsup-medium":["https:\/\/imagazine.it\/wp-content\/uploads\/2024\/01\/25715-1-720x380.webp",720,380,true],"tptn_thumbnail":["https:\/\/imagazine.it\/wp-content\/uploads\/2024\/01\/25715-1.webp",250,166,false],"sow-carousel-default":["https:\/\/imagazine.it\/wp-content\/uploads\/2024\/01\/25715-1-272x182.webp",272,182,true]},"rttpg_author":{"display_name":"redazione","author_link":"https:\/\/imagazine.it\/home_desk\/author\/redazione\/"},"rttpg_comment":0,"rttpg_category":"<a href=\"https:\/\/imagazine.it\/home_desk\/category\/attualita\/\" rel=\"category tag\">ATTUALIT\u00c0<\/a>","rttpg_excerpt":"Lo stabilimento di Luincis pronto ad allargarsi","_links":{"self":[{"href":"https:\/\/imagazine.it\/home_desk\/wp-json\/wp\/v2\/posts\/26795","targetHints":{"allow":["GET"]}}],"collection":[{"href":"https:\/\/imagazine.it\/home_desk\/wp-json\/wp\/v2\/posts"}],"about":[{"href":"https:\/\/imagazine.it\/home_desk\/wp-json\/wp\/v2\/types\/post"}],"author":[{"embeddable":true,"href":"https:\/\/imagazine.it\/home_desk\/wp-json\/wp\/v2\/users\/28"}],"replies":[{"embeddable":true,"href":"https:\/\/imagazine.it\/home_desk\/wp-json\/wp\/v2\/comments?post=26795"}],"version-history":[{"count":0,"href":"https:\/\/imagazine.it\/home_desk\/wp-json\/wp\/v2\/posts\/26795\/revisions"}],"wp:featuredmedia":[{"embeddable":true,"href":"https:\/\/imagazine.it\/home_desk\/wp-json\/wp\/v2\/media\/26796"}],"wp:attachment":[{"href":"https:\/\/imagazine.it\/home_desk\/wp-json\/wp\/v2\/media?parent=26795"}],"wp:term":[{"taxonomy":"category","embeddable":true,"href":"https:\/\/imagazine.it\/home_desk\/wp-json\/wp\/v2\/categories?post=26795"},{"taxonomy":"post_tag","embeddable":true,"href":"https:\/\/imagazine.it\/home_desk\/wp-json\/wp\/v2\/tags?post=26795"}],"curies":[{"name":"wp","href":"https:\/\/api.w.org\/{rel}","templated":true}]}}