{"id":26787,"date":"2018-06-06T00:00:00","date_gmt":"2018-06-05T23:00:00","guid":{"rendered":"https:\/\/imagazine.it\/?p=26787"},"modified":"2018-06-06T00:00:00","modified_gmt":"2018-06-05T23:00:00","slug":"gorizia-diventa-capitale-del-blues","status":"publish","type":"post","link":"https:\/\/imagazine.it\/home_desk\/gorizia-diventa-capitale-del-blues\/","title":{"rendered":"Gorizia diventa capitale del blues"},"content":{"rendered":"<p>Torna in regione <strong>dal 30 giugno al 28 luglio Blue Notte Gorizia Jazz, Blues &#038; Art Festival<\/strong>, organizzato da <strong>Contea Societ\u00e0 Cooperativa Sociale Onlus <\/strong>in collaborazione con partner pubblici e privati del territorio regionale\u00a0 e transfrontaliero. Cambia la location principale, ma resta immutata la qualit\u00e0 della proposta musicale e culturale, che porter\u00e0 a Gorizia e sul territorio transfrontaliero alcuni dei migliori artisti blues, soul e jazz internazionali, valorizzando diversi luoghi storici tra i pi\u00f9 suggestivi del territorio di confine.\u00a0<\/p>\n<p><strong>LE NOVIT\u00c0<\/strong>. Dopo sette edizioni al Parco Basaglia,<strong> Blue Notte Gorizia Festival <\/strong>ha deciso di abbracciare la citt\u00e0, <strong>spostando la propria location principale nella Piazza Transalpina<\/strong>, sul confine tra Italia e Slovenia. Riconfermato il consueto appuntamento a <strong>\u0161empeter pri Gorici<\/strong>, organizzato insieme al K\u0160TM di \u0160empeter-Vrtojba (ente pubblico per la cultura, lo sport, i giovani ed il turismo del Comune di \u0160empeter-Vrtojba), con cui si rinnova sempre pi\u00f9 forte il sodalizio anno dopo anno.<br \/> Nell\u2019<strong>Anno Europeo del Patrimonio Culturale <\/strong>Blue Notte si propone di valorizzare alcuni <strong>luoghi storici del goriziano e della Slovenia<\/strong>. La manifestazione far\u00e0 tappa in luoghi di particolare suggestione e interesse storico artistico come <strong>Palazzo Coronini Cronberg a Gorizia<\/strong>, gi\u00e0 sede di un museo e di attivit\u00e0 culturali, il <strong>Castello di Kromberk di Nova Gorica<\/strong>, restaurata fortificazione rinascimentale, e l\u2019Azienda vitivinicola <strong>Castello di Rubbia<\/strong> a Savogna d&#39;Isonzo, nei pressi di alcune antiche trincee carsiche della Grande Guerra.<\/p>\n<p><strong>GLI ARTISTI<\/strong>. Il <strong>cartellone musicale <\/strong>annovera l\u2019icona mondiale del soul, <strong>Kaz Hawkins<\/strong> (il <strong>19 luglio a \u0160empeter pri Gorici<\/strong>), potente e pluripremiata cantautrice di Belfast.<br \/> Ancora &#8220;musica dell&#39;anima&#8221; per la serata <strong>del 21 luglio<\/strong>, <strong>alla Transalpina<\/strong>, con le calde atmosfere del blues britannico di <strong>Kyla Brox<\/strong>. A introdurre la star inglese del blues saranno la cantante slovena <strong>TatjanaMihelj<\/strong> e la cantautrice goriziana <strong>Paola Rossato<\/strong>.<br \/> Il <strong>22 luglio<\/strong>, sempre alla Transalpina, \u00e8 la volta dei travolgenti <strong>King King<\/strong>, definiti la miglior rock blues band del mondo dal <em>Blues Rock Review<\/em>.<\/p>\n<p>A intercalare le serate tutto blues e soul <strong>\u00e8 il programma del 20 luglio, ancora alla Transalpina<\/strong>, dove &#8211; sempre a partire dalle 21 &#8211; troveranno espressione un video mapping e i risultati di workshop, contest e altri percorsi dedicati ai giovani, nati nell&#39;ambito del festival <strong>UpGiovani, figlio del bando SIllumina &#8211; finanziato dalla Siae e dal MiBACT<\/strong>.<\/p>\n<p><strong>Il Parco Coronini di Gorizia<\/strong>, che circonda l&#39;omonima storica villa, <strong>ospita il 28 luglio Jan Sturiale<\/strong>, chitarrista, compositore e produttore, pi\u00f9 volte al fianco di Lenny Wheeler. Sturiale porta a Gorizia, con la sua band, il nuovo progetto <strong>&#8220;Roadmaps&#8221;<\/strong>.<br \/> Non mancano le anteprime che <strong>dal 30 giugno<\/strong> si snodano sul territorio provinciale e sulla zona di confine, quest&#39;anno dedicate con particolare interesse <strong>al jazz.<br \/> Sabato 30 giugno, a Moraro,<\/strong> suona il <strong>Lorena Favot Duo<\/strong> (alla voce della Favot si affianca il tastierista <strong>Rudy Fantin<\/strong>) con un fresco e originale progetto dedicato a Mina. <strong>Venerd\u00ec 6 luglio nella Corte d&#39;Aviano di Palazzo Torriani a Gradisca <\/strong>tocca alla cantante<strong> Monika Bajer <\/strong>con il suo quartetto, scatenati in un brillante repertorio swing senza confini: &#8220;<strong><em>Passion for swing without frontiers<\/em><\/strong>&#8221; \u00e8 il titolo del progetto e con lei suonano <strong>Marko \u010cepak<\/strong> alla chitarra gipsy solista, <strong>Roberto Franceschini<\/strong> al contrabbasso e <strong>Paolo Sciarrini<\/strong> alla chitarra gipsy ritmica. A introdurre il concerto un breve video di <strong>Serena Finatti<\/strong> che presenta il suo nuovo lavoro, <strong>&#8220;Fragile e fiera&#8221;<\/strong>, protagonista anche dell&#39;anteprima tedesca del Blue Notte Gorizia Festival (live a Colonia l&#39;8 giugno).<br \/> <strong>Sabato 7 luglio<\/strong> il <strong>Castello di Rubbia <\/strong>ospita<strong> &#8220;Song for Africa&#8221; del Coj &#038; Blue Trio <\/strong>(<strong>Cl<\/strong><strong>audio Cojaniz<\/strong> &#8211; pianoforte; <strong>Alex Turchet<\/strong> &#8211; contrabbasso; <strong>Luca Grizzo<\/strong> &#8211; percussioni e voce).<br \/> <strong>Venerd\u00ec 13 luglio<\/strong>, dopo un&#39;anteprima del quartetto sloveno capitanato da <strong>Ale\u0161 Rendla<\/strong>, un altro &#8220;pezzo da Novanta&#8221; del jazz internazionale sale sul palcoscenico del Festival: <strong>a Nova Gorica, al Castello di Kronberk <\/strong>si esibisce il pianista <strong>Stefano Battaglia<\/strong>, con <strong>Salvatore Maiore<\/strong> al contrabbasso e <strong>Roberto Dani<\/strong> alla batteria &#8211; autorevole firma della musica contemporanea europea, che propone il suo recente progetto <strong>&#8220;<\/strong><strong>Songways &#8211; Devotional Songs\u201d<\/strong>.<\/p>\n<p>Come anticipato, anche quest&#39;anno Blue Notte Gorizia Festival si interseca con un diverso percorso dedicato ai giovani (come lo scorso anno \u00e8 capitato per &#8220;Oltre il muro&#8221;): il <strong>festival Up Giovani<\/strong> (finanziato da <strong>SIAE e MiBACT <\/strong>attraverso il bando <strong>SIllumina- periferie urbane<\/strong>) propone due contest &#8211; uno di video making e uno dedicato alle band giovanili &#8211; e un workshop di realizzazione di musica su smartphone, che troveranno espressione nella serata del 20 luglio alla Transalpina e sono dedicati ai giovani Under 35. Sempre il 20 luglio saranno lette e recitate anche le poesie vincitrici del <strong>Terzo Concorso Internazionale di Poesia Blue Notte<\/strong>, che attende gli scritti poetici in italiano, sloveno, friulano, tedesco da consegnare <strong>entro il 15 luglio<\/strong> (si vedano i comunicati allegati per queste attivit\u00e0).<\/p>\n","protected":false},"excerpt":{"rendered":"<p>Presentato il Blue Notte Festival<\/p>\n","protected":false},"author":28,"featured_media":26788,"comment_status":"closed","ping_status":"closed","sticky":false,"template":"","format":"standard","meta":{"dwc-title":[],"dwc-content":[],"footnotes":""},"categories":[37],"tags":[],"class_list":["post-26787","post","type-post","status-publish","format-standard","has-post-thumbnail","hentry","category-cultura-e-spettacolo"],"rttpg_featured_image_url":{"full":["https:\/\/imagazine.it\/wp-content\/uploads\/2024\/01\/25709-1.webp",750,500,false],"landscape":["https:\/\/imagazine.it\/wp-content\/uploads\/2024\/01\/25709-1.webp",750,500,false],"portraits":["https:\/\/imagazine.it\/wp-content\/uploads\/2024\/01\/25709-1.webp",750,500,false],"thumbnail":["https:\/\/imagazine.it\/wp-content\/uploads\/2024\/01\/25709-1-150x150.webp",150,150,true],"medium":["https:\/\/imagazine.it\/wp-content\/uploads\/2024\/01\/25709-1-300x200.webp",300,200,true],"large":["https:\/\/imagazine.it\/wp-content\/uploads\/2024\/01\/25709-1.webp",640,427,false],"thumblist":["https:\/\/imagazine.it\/wp-content\/uploads\/2024\/01\/25709-1.webp",300,200,false],"thumbrelated":["https:\/\/imagazine.it\/wp-content\/uploads\/2024\/01\/25709-1.webp",500,333,false],"meccarouselthumb":["https:\/\/imagazine.it\/wp-content\/uploads\/2024\/01\/25709-1.webp",474,316,false],"gridsquare":["https:\/\/imagazine.it\/wp-content\/uploads\/2024\/01\/25709-1.webp",391,260,false],"tileview":["https:\/\/imagazine.it\/wp-content\/uploads\/2024\/01\/25709-1.webp",300,200,false],"1536x1536":["https:\/\/imagazine.it\/wp-content\/uploads\/2024\/01\/25709-1.webp",750,500,false],"2048x2048":["https:\/\/imagazine.it\/wp-content\/uploads\/2024\/01\/25709-1.webp",750,500,false],"newsup-slider-full":["https:\/\/imagazine.it\/wp-content\/uploads\/2024\/01\/25709-1.webp",750,500,false],"newsup-featured":["https:\/\/imagazine.it\/wp-content\/uploads\/2024\/01\/25709-1.webp",750,500,false],"newsup-medium":["https:\/\/imagazine.it\/wp-content\/uploads\/2024\/01\/25709-1-720x380.webp",720,380,true],"tptn_thumbnail":["https:\/\/imagazine.it\/wp-content\/uploads\/2024\/01\/25709-1.webp",250,167,false],"sow-carousel-default":["https:\/\/imagazine.it\/wp-content\/uploads\/2024\/01\/25709-1-272x182.webp",272,182,true]},"rttpg_author":{"display_name":"redazione","author_link":"https:\/\/imagazine.it\/home_desk\/author\/redazione\/"},"rttpg_comment":0,"rttpg_category":"<a href=\"https:\/\/imagazine.it\/home_desk\/category\/cultura-e-spettacolo\/\" rel=\"category tag\">CULTURA&amp;SPETTACOLO<\/a>","rttpg_excerpt":"Presentato il Blue Notte Festival","_links":{"self":[{"href":"https:\/\/imagazine.it\/home_desk\/wp-json\/wp\/v2\/posts\/26787","targetHints":{"allow":["GET"]}}],"collection":[{"href":"https:\/\/imagazine.it\/home_desk\/wp-json\/wp\/v2\/posts"}],"about":[{"href":"https:\/\/imagazine.it\/home_desk\/wp-json\/wp\/v2\/types\/post"}],"author":[{"embeddable":true,"href":"https:\/\/imagazine.it\/home_desk\/wp-json\/wp\/v2\/users\/28"}],"replies":[{"embeddable":true,"href":"https:\/\/imagazine.it\/home_desk\/wp-json\/wp\/v2\/comments?post=26787"}],"version-history":[{"count":0,"href":"https:\/\/imagazine.it\/home_desk\/wp-json\/wp\/v2\/posts\/26787\/revisions"}],"wp:featuredmedia":[{"embeddable":true,"href":"https:\/\/imagazine.it\/home_desk\/wp-json\/wp\/v2\/media\/26788"}],"wp:attachment":[{"href":"https:\/\/imagazine.it\/home_desk\/wp-json\/wp\/v2\/media?parent=26787"}],"wp:term":[{"taxonomy":"category","embeddable":true,"href":"https:\/\/imagazine.it\/home_desk\/wp-json\/wp\/v2\/categories?post=26787"},{"taxonomy":"post_tag","embeddable":true,"href":"https:\/\/imagazine.it\/home_desk\/wp-json\/wp\/v2\/tags?post=26787"}],"curies":[{"name":"wp","href":"https:\/\/api.w.org\/{rel}","templated":true}]}}