{"id":26775,"date":"2018-06-04T00:00:00","date_gmt":"2018-06-03T23:00:00","guid":{"rendered":"https:\/\/imagazine.it\/?p=26775"},"modified":"2018-06-04T00:00:00","modified_gmt":"2018-06-03T23:00:00","slug":"due-vespisti-friulani-in-viaggio-verso-le-canarie","status":"publish","type":"post","link":"https:\/\/imagazine.it\/home_desk\/due-vespisti-friulani-in-viaggio-verso-le-canarie\/","title":{"rendered":"Due vespisti friulani in viaggio verso le Canarie"},"content":{"rendered":"<p>Raggiungere i quattro punti cardinali d\u2019Europa a bordo di una Vespa. Un progetto che, nelle intenzioni di <strong>Denis Ciani<\/strong> ed <strong>Edi Fadelli<\/strong>, potr\u00e0 essere portato a termine nell\u2019arco di 4 anni. Il primo viaggio \u00e8 gi\u00e0 stato archiviato nel 2017, con il raggiungimento di Capo Nord in sella a due Vespa Px.<\/p>\n<p>Nel 2018 si punta all\u2019estremo pi\u00f9 a Sud, e quindi alle isole Canarie. La partenza \u00e8 gi\u00e0 fissata: i due \u2018cavalieri\u2019 partiranno alla volta dell\u2019arcipelago spagnolo venerd\u00ec 8 giugno e, percorrendo poco meno di 10 mila chilometri in due settimane, faranno rientro in Friuli per i primi giorni di luglio.<\/p>\n<p><strong>I commenti dei protagonisti &#8211;<\/strong> I due temerari, soci dei Vespa Club di Udine e Porcia, sono determinati e ansiosi di partire: \u00abQuesto viaggio \u2013 racconta Ciani \u2013 vuole essere una continuazione di quello a Capo Nord. Attraverseremo il sud della Francia, la Spagna, il Marocco e il Portogallo, portando con orgoglio la bandiera del Friuli in tutti i Paesi che visiteremo\u00bb. Fadelli parla dello spirito del viaggio: \u00abAndiamo alla ricerca di qualcosa di nuovo: persone, territori e culture. La sfida \u00e8 molto intrigante perch\u00e9 al nord abbiamo trovato freddo, pioggia e neve, al sud ci attende tanto caldo. Vedremo cosa accadr\u00e0. Ovviamente cercheremo di divertirci e di goderci questa avventura\u00bb. Le Vespa utilizzate saranno sempre i Px 200 del 1982 che sono arrivati fino a Capo Nord.<\/p>\n<p><strong>La partenza \u2013<\/strong> La partenza \u00e8 fissata per venerd\u00ec 8 giugno alle 10.30 da San Vito al Tagliamento, dalla sede della cooperativa Futura (nella zona industriale Ponterosso). Una realt\u00e0 che seguir\u00e0 i due vespisti lungo tutto il viaggio, aggiornando il blog dedicato, come spiega la responsabile comunicazione di Futura, <strong>Francesca Benvenuto<\/strong>: \u00abSeguiremo i cavalieri per il secondo anno dando il nostro contributo con le risorse di cui disponiamo: sar\u00e0 Giovanna ad aggiornare ogni giorno il \u2018diario di bordo\u2019 di questo viaggio\u00bb. Tutti gli aggiornamenti saranno disponibili all\u2019indirizzo cavalierinvespa.wordpress.com.<\/p>\n<p><strong>Il sostegno di Repsol \u2013<\/strong> Per la loro avventura, i due vespisti friulani possono contare sull\u2019appoggio di Repsol, il colosso di petrolio e gas presente anche in MotoGp. I due vespisti hanno ricevuto\u00a0 il vestiario e il materiale tecnico per il viaggio, e il 12 giugno sono attesi nella sede di Repsol, a Madrid, per il lancio dell\u2019iniziativa. Molti anche gli sponsor friulani che hanno voluto stare vicino a Ciani e Fadelli, tra questi la Cantina Ramuscello.\u00a0<\/p>\n","protected":false},"excerpt":{"rendered":"<p>Presentata l\u2019avventura di Ciani e Fadelli<\/p>\n","protected":false},"author":28,"featured_media":26776,"comment_status":"closed","ping_status":"closed","sticky":false,"template":"","format":"standard","meta":{"dwc-title":[],"dwc-content":[],"footnotes":""},"categories":[38],"tags":[],"class_list":["post-26775","post","type-post","status-publish","format-standard","has-post-thumbnail","hentry","category-sport"],"rttpg_featured_image_url":{"full":["https:\/\/imagazine.it\/wp-content\/uploads\/2024\/01\/25617-1.webp",750,501,false],"landscape":["https:\/\/imagazine.it\/wp-content\/uploads\/2024\/01\/25617-1.webp",750,501,false],"portraits":["https:\/\/imagazine.it\/wp-content\/uploads\/2024\/01\/25617-1.webp",750,501,false],"thumbnail":["https:\/\/imagazine.it\/wp-content\/uploads\/2024\/01\/25617-1-150x150.webp",150,150,true],"medium":["https:\/\/imagazine.it\/wp-content\/uploads\/2024\/01\/25617-1-300x200.webp",300,200,true],"large":["https:\/\/imagazine.it\/wp-content\/uploads\/2024\/01\/25617-1.webp",640,428,false],"thumblist":["https:\/\/imagazine.it\/wp-content\/uploads\/2024\/01\/25617-1.webp",300,200,false],"thumbrelated":["https:\/\/imagazine.it\/wp-content\/uploads\/2024\/01\/25617-1.webp",500,334,false],"meccarouselthumb":["https:\/\/imagazine.it\/wp-content\/uploads\/2024\/01\/25617-1.webp",474,317,false],"gridsquare":["https:\/\/imagazine.it\/wp-content\/uploads\/2024\/01\/25617-1.webp",389,260,false],"tileview":["https:\/\/imagazine.it\/wp-content\/uploads\/2024\/01\/25617-1.webp",300,200,false],"1536x1536":["https:\/\/imagazine.it\/wp-content\/uploads\/2024\/01\/25617-1.webp",750,501,false],"2048x2048":["https:\/\/imagazine.it\/wp-content\/uploads\/2024\/01\/25617-1.webp",750,501,false],"newsup-slider-full":["https:\/\/imagazine.it\/wp-content\/uploads\/2024\/01\/25617-1.webp",750,501,false],"newsup-featured":["https:\/\/imagazine.it\/wp-content\/uploads\/2024\/01\/25617-1.webp",750,501,false],"newsup-medium":["https:\/\/imagazine.it\/wp-content\/uploads\/2024\/01\/25617-1-720x380.webp",720,380,true],"tptn_thumbnail":["https:\/\/imagazine.it\/wp-content\/uploads\/2024\/01\/25617-1.webp",250,167,false],"sow-carousel-default":["https:\/\/imagazine.it\/wp-content\/uploads\/2024\/01\/25617-1-272x182.webp",272,182,true]},"rttpg_author":{"display_name":"redazione","author_link":"https:\/\/imagazine.it\/home_desk\/author\/redazione\/"},"rttpg_comment":0,"rttpg_category":"<a href=\"https:\/\/imagazine.it\/home_desk\/category\/sport\/\" rel=\"category tag\">SPORT<\/a>","rttpg_excerpt":"Presentata l\u2019avventura di Ciani e Fadelli","_links":{"self":[{"href":"https:\/\/imagazine.it\/home_desk\/wp-json\/wp\/v2\/posts\/26775","targetHints":{"allow":["GET"]}}],"collection":[{"href":"https:\/\/imagazine.it\/home_desk\/wp-json\/wp\/v2\/posts"}],"about":[{"href":"https:\/\/imagazine.it\/home_desk\/wp-json\/wp\/v2\/types\/post"}],"author":[{"embeddable":true,"href":"https:\/\/imagazine.it\/home_desk\/wp-json\/wp\/v2\/users\/28"}],"replies":[{"embeddable":true,"href":"https:\/\/imagazine.it\/home_desk\/wp-json\/wp\/v2\/comments?post=26775"}],"version-history":[{"count":0,"href":"https:\/\/imagazine.it\/home_desk\/wp-json\/wp\/v2\/posts\/26775\/revisions"}],"wp:featuredmedia":[{"embeddable":true,"href":"https:\/\/imagazine.it\/home_desk\/wp-json\/wp\/v2\/media\/26776"}],"wp:attachment":[{"href":"https:\/\/imagazine.it\/home_desk\/wp-json\/wp\/v2\/media?parent=26775"}],"wp:term":[{"taxonomy":"category","embeddable":true,"href":"https:\/\/imagazine.it\/home_desk\/wp-json\/wp\/v2\/categories?post=26775"},{"taxonomy":"post_tag","embeddable":true,"href":"https:\/\/imagazine.it\/home_desk\/wp-json\/wp\/v2\/tags?post=26775"}],"curies":[{"name":"wp","href":"https:\/\/api.w.org\/{rel}","templated":true}]}}