{"id":26773,"date":"2018-06-04T00:00:00","date_gmt":"2018-06-03T23:00:00","guid":{"rendered":"https:\/\/imagazine.it\/?p=26773"},"modified":"2018-06-04T00:00:00","modified_gmt":"2018-06-03T23:00:00","slug":"mauro-buoro-conquista-anche-il-veneto","status":"publish","type":"post","link":"https:\/\/imagazine.it\/home_desk\/mauro-buoro-conquista-anche-il-veneto\/","title":{"rendered":"Mauro Buoro conquista anche il Veneto"},"content":{"rendered":"<p>Ponte della Priula \u00e8 un luogo per me molto significativo: l\u00ec sono sepolti i miei genitori e per questo, appena arrivato, sono andato a trovarli in cimitero. Le ore prima della partenza sono stato accolto a casa di mio cugino Graziano Olivotto e della sua famiglia: mi sono sentito coccolato e apprezzato.<\/p>\n<p>A mia insaputa, vicino alla chiesa del paese (Tempio Votivo) avevano preparato un gazebo per il brindisi. Ma le sorprese non erano finite: l\u00ec ho infatti trovato radunati tutti i miei cugini che non vedevo ormai da tanti anni: un\u2019emozione unica. Anche il parroco don Francesco ha voluto presenziare, impartendomi la benedizione prima della partenza.<\/p>\n<p>Ma le emozioni si sono susseguite rapidamente: la sindaca di Susegana, Vincenza Scarpa, mi ha infatti regalato un bellissimo libro (<em>I nostri &#8220;Capitei&#8221;<\/em>, storia dei capitelli in Veneto).<\/p>\n<p>Alle 17 \u00e8 il momento della partenza. La prima destinazione \u00e8 Nervesa della Battaglia: attraverso il Piave e inizia a piovere, per fortuna solo per pochi minuti. \u00a0Con tanta adrenalina comincio a spingere una mtb appesantita dalle borse per trascorrere le prossime 24 ore.<\/p>\n<p>Mi dirigo verso Montebelluna per andare poi in direzione Bassano del Grappa. Il clima \u00e8 ancora un po\u2019 caldo. Dopo Passo Thiene inizio a scendere verso Vicenza: le gambe rispondono ancora bene, il traffico \u00e8 intenso: sono strade molto frequentate. Alle 21.30 entro a Vicenza mentre cala la notte. Indosso il giubbino giallo per essere visto. La temperatura \u00e8 ancora buona.<\/p>\n<p>Mi dirigo verso Altavilla Vicentina verso Montebello e San Martino Buon Albergo, direzione Verona. \u00c8 notte piena ma la strada la conosco. Quattro anni fa la percorsi per raggiungere Milano in bici con un viaggio di 6 giorni.<\/p>\n<p>Attraverso Verona senza passare per il centro: c&#39;\u00e8 troppa gente che gira di notte, vedo gruppetti di persone a bordo strada. Io cerco di fermarmi il meno possibile, giusto per necessit\u00e0 fisiologiche, e mangio correndo, prendendo l\u2019occorrente dallo zainetto dietro la sella. Non fa tanto freddo: il cellulare segna 18\u00b0C.<\/p>\n<p>Transito vicino alla recinzione di una casa e, all\u2019improvviso, un cane comincia ad abbaiare e a seguirmi. In tensione spingo sui pedali, pensando tra me \u2018tanto \u00e8 chiuso e non esce\u2019. Invece alla fine della recinzione il portone \u00e8 aperto\u2026 Temo gi\u00e0 un pericoloso incontro ravvicinato, invece il cane si blocca di colpo. Avr\u00e0 preso paura anche lui? Mi \u00e8 andata bene.<\/p>\n<p>Al primo bar mi fermo per bere qualcosa di caldo e una brioche. Anche in queste zone aprono anche alle 5, come in Friuli d\u2019altronde. In queste condizioni la colazione \u00e8 fantastica e la apprezzi di pi\u00f9. Riparto verso Badia Polesine, poi Fratta di Polesine. Il territorio offre tante strade rettilinee e lunghe che non finiscono mai e paesi che si assomigliano tutti: un noia.<\/p>\n<p>Mi dirigo verso Rovigo per costeggiare i Colli Euganei a sud verso Padova. Inizia a farmi male il ginocchio. All\u2019inizio piano piano, ma poi sempre di pi\u00f9. Rallento la velocit\u00e0 e cerco una farmacia di turno. Spiego la situazione e recupero degli antidolorifici. Stringo i denti e arrivo vicino a Venezia. Il caldo si fa sentire: c\u2019\u00e8 \u00a0tanta afa, continuo a bere molto. Decido di chiamare mio cugino che si \u00e8 offerto di venire a Venezia a prendermi; ci diamo appuntamento per le 16.30. L&#39; emozione cresce: sto per iniziare il ponte della ferrovia, una cosa unica. La pista ciclabile non \u00e8 male, sento salire un nodo alla gola. Alla fine del ponte mi fermo: invio messaggi a parenti, mi giro e vedo mio cugino Graziano intento a riprendermi per un video. Ci abbracciamo. Osservo il contachilometri: 315 km, anche questa volta ce l&#39;ho fatta.<\/p>\n<p>Dedico un pensiero a tutti colore che mi sono stati accanto. Adesso curo il ginocchio. Fra un mese \u00e8 mezzo \u00e8 gi\u00e0 tempo di una nuova sfida. Il giro della Lombardia in 24 ore.<\/p>\n","protected":false},"excerpt":{"rendered":"<p>Nuova impresa per il ciclista di Perteole<\/p>\n","protected":false},"author":28,"featured_media":26774,"comment_status":"closed","ping_status":"closed","sticky":false,"template":"","format":"standard","meta":{"dwc-title":[],"dwc-content":[],"footnotes":""},"categories":[38],"tags":[],"class_list":["post-26773","post","type-post","status-publish","format-standard","has-post-thumbnail","hentry","category-sport"],"rttpg_featured_image_url":{"full":["https:\/\/imagazine.it\/wp-content\/uploads\/2024\/01\/25605-1.webp",750,491,false],"landscape":["https:\/\/imagazine.it\/wp-content\/uploads\/2024\/01\/25605-1.webp",750,491,false],"portraits":["https:\/\/imagazine.it\/wp-content\/uploads\/2024\/01\/25605-1.webp",750,491,false],"thumbnail":["https:\/\/imagazine.it\/wp-content\/uploads\/2024\/01\/25605-1-150x150.webp",150,150,true],"medium":["https:\/\/imagazine.it\/wp-content\/uploads\/2024\/01\/25605-1-300x196.webp",300,196,true],"large":["https:\/\/imagazine.it\/wp-content\/uploads\/2024\/01\/25605-1.webp",640,419,false],"thumblist":["https:\/\/imagazine.it\/wp-content\/uploads\/2024\/01\/25605-1.webp",300,196,false],"thumbrelated":["https:\/\/imagazine.it\/wp-content\/uploads\/2024\/01\/25605-1.webp",500,327,false],"meccarouselthumb":["https:\/\/imagazine.it\/wp-content\/uploads\/2024\/01\/25605-1.webp",474,310,false],"gridsquare":["https:\/\/imagazine.it\/wp-content\/uploads\/2024\/01\/25605-1.webp",391,256,false],"tileview":["https:\/\/imagazine.it\/wp-content\/uploads\/2024\/01\/25605-1.webp",300,196,false],"1536x1536":["https:\/\/imagazine.it\/wp-content\/uploads\/2024\/01\/25605-1.webp",750,491,false],"2048x2048":["https:\/\/imagazine.it\/wp-content\/uploads\/2024\/01\/25605-1.webp",750,491,false],"newsup-slider-full":["https:\/\/imagazine.it\/wp-content\/uploads\/2024\/01\/25605-1.webp",750,491,false],"newsup-featured":["https:\/\/imagazine.it\/wp-content\/uploads\/2024\/01\/25605-1.webp",750,491,false],"newsup-medium":["https:\/\/imagazine.it\/wp-content\/uploads\/2024\/01\/25605-1-720x380.webp",720,380,true],"tptn_thumbnail":["https:\/\/imagazine.it\/wp-content\/uploads\/2024\/01\/25605-1.webp",250,164,false],"sow-carousel-default":["https:\/\/imagazine.it\/wp-content\/uploads\/2024\/01\/25605-1-272x182.webp",272,182,true]},"rttpg_author":{"display_name":"redazione","author_link":"https:\/\/imagazine.it\/home_desk\/author\/redazione\/"},"rttpg_comment":0,"rttpg_category":"<a href=\"https:\/\/imagazine.it\/home_desk\/category\/sport\/\" rel=\"category tag\">SPORT<\/a>","rttpg_excerpt":"Nuova impresa per il ciclista di Perteole","_links":{"self":[{"href":"https:\/\/imagazine.it\/home_desk\/wp-json\/wp\/v2\/posts\/26773","targetHints":{"allow":["GET"]}}],"collection":[{"href":"https:\/\/imagazine.it\/home_desk\/wp-json\/wp\/v2\/posts"}],"about":[{"href":"https:\/\/imagazine.it\/home_desk\/wp-json\/wp\/v2\/types\/post"}],"author":[{"embeddable":true,"href":"https:\/\/imagazine.it\/home_desk\/wp-json\/wp\/v2\/users\/28"}],"replies":[{"embeddable":true,"href":"https:\/\/imagazine.it\/home_desk\/wp-json\/wp\/v2\/comments?post=26773"}],"version-history":[{"count":0,"href":"https:\/\/imagazine.it\/home_desk\/wp-json\/wp\/v2\/posts\/26773\/revisions"}],"wp:featuredmedia":[{"embeddable":true,"href":"https:\/\/imagazine.it\/home_desk\/wp-json\/wp\/v2\/media\/26774"}],"wp:attachment":[{"href":"https:\/\/imagazine.it\/home_desk\/wp-json\/wp\/v2\/media?parent=26773"}],"wp:term":[{"taxonomy":"category","embeddable":true,"href":"https:\/\/imagazine.it\/home_desk\/wp-json\/wp\/v2\/categories?post=26773"},{"taxonomy":"post_tag","embeddable":true,"href":"https:\/\/imagazine.it\/home_desk\/wp-json\/wp\/v2\/tags?post=26773"}],"curies":[{"name":"wp","href":"https:\/\/api.w.org\/{rel}","templated":true}]}}