{"id":26769,"date":"2018-06-04T00:00:00","date_gmt":"2018-06-03T23:00:00","guid":{"rendered":"https:\/\/imagazine.it\/?p=26769"},"modified":"2018-06-04T00:00:00","modified_gmt":"2018-06-03T23:00:00","slug":"musica-e-immagine-si-fondono-a-monfalcone","status":"publish","type":"post","link":"https:\/\/imagazine.it\/home_desk\/musica-e-immagine-si-fondono-a-monfalcone\/","title":{"rendered":"Musica e immagine si fondono a Monfalcone"},"content":{"rendered":"<p>Nasce un nuovo progetto culturale e artistico a Monfalcone:\u00a0il suo titolo \u00e8 4&#215;8 (4 VOLTE 8) e verr\u00e0 presentato, contestualmente a una mostra fotografica, venerd\u00ec 15 giugno, alle ore 18, alla Libreria Ubik Rinascita di Monfalcone.\u00a0<\/p>\n<p><strong>Venerd\u00ec 21 giugno<\/strong>, nell&#39;ambito del medesimo progetto,\u00a0<strong>al Carso in Corso di Monfalcone<\/strong>,<strong> alle 21<\/strong>, \u00e8 atteso il concerto del\u00a0<strong>Giovanni Maier Quintet<\/strong>: <strong>Francesco Ivone<\/strong> alla tromba, <strong>Flavio Brumat<\/strong> al sax tenore, sax contralto e flauto, <strong>Lauro Rossi <\/strong>al trombone, <strong>Giovanni Maier<\/strong> al contrabbasso e <strong>Urban Ku\u0161ar<\/strong> alla batteria. Il concerto, con musiche scelte e composte per l&#39;occasione, sar\u00e0 registrato live per la produzione di un cd. Entrambi gli appuntamenti sono a\u00a0<strong>ingresso libero<\/strong>.<\/p>\n<p>La cura del progetto \u00e8\u00a0<strong>dell&#39;Associazione Nuovo Corso di Monfalcone<\/strong>, e a dargli espressione sono\u00a0<strong>Giovanni Maier <\/strong>per la parte musicale,<strong> Luca A. d&#39;Agostino <\/strong>per la parte fotografica,<strong> Gianni Spizzo <\/strong>per la parte testuale e<strong> Roberto Duse <\/strong>per la parte grafica.<\/p>\n<p>Un progetto multimediale che trova un&#39;anticipazione nella mostra fotografica &#8220;<strong>Promemoria. 5 ritratti fotografici di Luca A. d&#39;Agostino&#8221;<\/strong>, che verr\u00e0 inaugurata sempre alla\u00a0<strong>Liberia Ubik Rinascita il 15 giugno alle 18.<\/strong>\u00a0<\/p>\n<p>I\u00a0<strong>cinque ritratti fotografici realizzati da d&#39;Agostino<\/strong>\u00a0sono scatti che vedono al centro gli strumentisti del quintetto di Maier: ognuno di loro ha scelto un contesto che potesse restituire in modo particolarmente forte il rapporto con la propria terra, con il proprio vissuto, con la propria metabolizzazione dei ricordi e della sofferenza della storia.\u00a0<\/p>\n<p>&#8220;Mi piace pensare a questo baule (nella foto) anche come una metafora di tutto ci\u00f2 che mi ha lasciato mio padre in eredit\u00e0, che \u00e8 molto, a partire dalla musica; molto di quello che verr\u00e0 suonato per questa commemorazione \u00e8 frutto dell\u2019ideale contenuto di questo baule&#8221;, commenta Giovanni Maier la propria esperienza nel progetto 4 x 8 (4 VOLTE 8).\u00a0\u00a0<\/p>\n<p><strong>Il Giovanni Maier Quintet sar\u00e0 infatti protagonista anche del concerto di venerd\u00ec 21 giugno al Carso in Corso, alle ore 21<\/strong>.\u00a0Il concerto consiste in diverse parti e, tra le musiche, alcune sono appositamente composte per il progetto, altre frutto di arrangiamenti e improvvisazioni, per la cura del leader del progetto Giovanni Maier.<\/p>\n","protected":false},"excerpt":{"rendered":"<p>Progetto 4&#215;8<\/p>\n","protected":false},"author":28,"featured_media":26770,"comment_status":"closed","ping_status":"closed","sticky":false,"template":"","format":"standard","meta":{"dwc-title":[],"dwc-content":[],"footnotes":""},"categories":[37],"tags":[],"class_list":["post-26769","post","type-post","status-publish","format-standard","has-post-thumbnail","hentry","category-cultura-e-spettacolo"],"rttpg_featured_image_url":{"full":["https:\/\/imagazine.it\/wp-content\/uploads\/2024\/01\/25602-1.webp",750,503,false],"landscape":["https:\/\/imagazine.it\/wp-content\/uploads\/2024\/01\/25602-1.webp",750,503,false],"portraits":["https:\/\/imagazine.it\/wp-content\/uploads\/2024\/01\/25602-1.webp",750,503,false],"thumbnail":["https:\/\/imagazine.it\/wp-content\/uploads\/2024\/01\/25602-1-150x150.webp",150,150,true],"medium":["https:\/\/imagazine.it\/wp-content\/uploads\/2024\/01\/25602-1-300x201.webp",300,201,true],"large":["https:\/\/imagazine.it\/wp-content\/uploads\/2024\/01\/25602-1.webp",640,429,false],"thumblist":["https:\/\/imagazine.it\/wp-content\/uploads\/2024\/01\/25602-1.webp",300,201,false],"thumbrelated":["https:\/\/imagazine.it\/wp-content\/uploads\/2024\/01\/25602-1.webp",500,335,false],"meccarouselthumb":["https:\/\/imagazine.it\/wp-content\/uploads\/2024\/01\/25602-1.webp",474,318,false],"gridsquare":["https:\/\/imagazine.it\/wp-content\/uploads\/2024\/01\/25602-1.webp",388,260,false],"tileview":["https:\/\/imagazine.it\/wp-content\/uploads\/2024\/01\/25602-1.webp",300,201,false],"1536x1536":["https:\/\/imagazine.it\/wp-content\/uploads\/2024\/01\/25602-1.webp",750,503,false],"2048x2048":["https:\/\/imagazine.it\/wp-content\/uploads\/2024\/01\/25602-1.webp",750,503,false],"newsup-slider-full":["https:\/\/imagazine.it\/wp-content\/uploads\/2024\/01\/25602-1.webp",750,503,false],"newsup-featured":["https:\/\/imagazine.it\/wp-content\/uploads\/2024\/01\/25602-1.webp",750,503,false],"newsup-medium":["https:\/\/imagazine.it\/wp-content\/uploads\/2024\/01\/25602-1-720x380.webp",720,380,true],"tptn_thumbnail":["https:\/\/imagazine.it\/wp-content\/uploads\/2024\/01\/25602-1.webp",250,168,false],"sow-carousel-default":["https:\/\/imagazine.it\/wp-content\/uploads\/2024\/01\/25602-1-272x182.webp",272,182,true]},"rttpg_author":{"display_name":"redazione","author_link":"https:\/\/imagazine.it\/home_desk\/author\/redazione\/"},"rttpg_comment":0,"rttpg_category":"<a href=\"https:\/\/imagazine.it\/home_desk\/category\/cultura-e-spettacolo\/\" rel=\"category tag\">CULTURA&amp;SPETTACOLO<\/a>","rttpg_excerpt":"Progetto 4x8","_links":{"self":[{"href":"https:\/\/imagazine.it\/home_desk\/wp-json\/wp\/v2\/posts\/26769","targetHints":{"allow":["GET"]}}],"collection":[{"href":"https:\/\/imagazine.it\/home_desk\/wp-json\/wp\/v2\/posts"}],"about":[{"href":"https:\/\/imagazine.it\/home_desk\/wp-json\/wp\/v2\/types\/post"}],"author":[{"embeddable":true,"href":"https:\/\/imagazine.it\/home_desk\/wp-json\/wp\/v2\/users\/28"}],"replies":[{"embeddable":true,"href":"https:\/\/imagazine.it\/home_desk\/wp-json\/wp\/v2\/comments?post=26769"}],"version-history":[{"count":0,"href":"https:\/\/imagazine.it\/home_desk\/wp-json\/wp\/v2\/posts\/26769\/revisions"}],"wp:featuredmedia":[{"embeddable":true,"href":"https:\/\/imagazine.it\/home_desk\/wp-json\/wp\/v2\/media\/26770"}],"wp:attachment":[{"href":"https:\/\/imagazine.it\/home_desk\/wp-json\/wp\/v2\/media?parent=26769"}],"wp:term":[{"taxonomy":"category","embeddable":true,"href":"https:\/\/imagazine.it\/home_desk\/wp-json\/wp\/v2\/categories?post=26769"},{"taxonomy":"post_tag","embeddable":true,"href":"https:\/\/imagazine.it\/home_desk\/wp-json\/wp\/v2\/tags?post=26769"}],"curies":[{"name":"wp","href":"https:\/\/api.w.org\/{rel}","templated":true}]}}