{"id":26757,"date":"2018-06-01T00:00:00","date_gmt":"2018-05-31T23:00:00","guid":{"rendered":"https:\/\/imagazine.it\/?p=26757"},"modified":"2018-06-01T00:00:00","modified_gmt":"2018-05-31T23:00:00","slug":"estate-in-montagna-riaprono-gli-impianti","status":"publish","type":"post","link":"https:\/\/imagazine.it\/home_desk\/estate-in-montagna-riaprono-gli-impianti\/","title":{"rendered":"Estate in montagna, riaprono gli impianti"},"content":{"rendered":"<p>L\u2019estate\u00a0nei poli montani del Friuli Venezia Giulia \u00e8 alle porte: gli impianti di risalita entrano in funzione per permettere a turisti e residenti di vivere le montagne attraverso una proposta di attivit\u00e0 all\u2019aria aperta.<\/p>\n<p>A\u00a0<strong>Tarvisio<\/strong>, d\u2019estate come d\u2019inverno, \u00e8 possibile raggiungere il borgo del Lussari con la telecabina che parte da Camporosso, che sar\u00e0 in funzione tutti i giorni fino al 16 settembre e ancora il 22, 23, 29 e 30 settembre.<\/p>\n<p>Per chi desidera vivere la magia del borgo anche\u00a0<strong>in notturna<\/strong>, nel mese di agosto ogni venerd\u00ec fino alle 23 la telecabina del Lussari sar\u00e0 aperta: in queste occasioni dalle ore 17 il biglietto coster\u00e0 per tutti 7 euro (il 50% in meno rispetto alla tariffa adulti).<\/p>\n<p>D\u2019estate a Tarvisio torna in attivit\u00e0 dal 30 giugno al 9 settembre il\u00a0<strong>bob su rotaia<\/strong>\u00a0con il suo percorso di 880 metri di lunghezza, 665 di discesa, 215 di risalita e un dislivello di 73 metri. La localit\u00e0 offre inoltre nello stesso periodo un\u2019<strong>area divertimenti per bambini\u00a0<\/strong>molto attrezzata.<\/p>\n<p>A\u00a0<strong>Sella Nevea\u00a0<\/strong>la telecabina del Canin entrer\u00e0 invece in funzione\u00a0sabato 7 e domenica 8 luglio e poi dal 14 luglio al 16 settembre l\u2019apertura sar\u00e0 giornaliera e continuativa.<\/p>\n<p>A\u00a0<strong>Piancavallo<\/strong>\u00a0la Seggiovia Tremol 1 e il bob su rotaia riaprono il 16 giugno per restare aperti ogni fine settimana, mentre dall\u20191 agosto fino al 31 agosto l\u2019apertura sar\u00e0 giornaliera, per poi rimanere attivi nei primi due week-end di settembre.<\/p>\n<p>Anche le vette di\u00a0<strong>Forni di Sopra<\/strong>\u00a0si potranno raggiungere grazie all\u2019aiuto degli impianti di risalita: le funivie Varmost 1 e Varmost 2 aprono sabato 30 giugno e saranno in funzione tutti i fine settimana di luglio. Dal 28 luglio l\u2019apertura sar\u00e0 quotidiana fino al 2 settembre. I due impianti saranno in funzione ancora sabato 8 e domenica 9 settembre.<\/p>\n<p>A<strong>\u00a0Ravascletto\u2013Zoncolan<\/strong> la cima del Monte Zoncolan, a quasi 1800 metri d\u2019altitudine, si raggiunge da Ravascletto con la Funifor che permette di godere di uno splendido panorama estivo in quota. L\u2019impianto riapre per due week-end di luglio (nelle giornate del 14, 15, 21 e 22), quindi sar\u00e0 funzionante ininterrottamente da sabato 28 luglio a domenica 2 settembre.<\/p>\n<p>Chi desidera scoprire la localit\u00e0 di\u00a0<strong>Sappada<\/strong>\u00a0e i suoi percorsi in quota potr\u00e0 usufruire della seggiovia Miravalle, gestita dalla societ\u00e0 GTS, dal 5 luglio al 22 luglio tutti i gioved\u00ec e le domeniche, mentre dal 23 luglio al 2 settembre \u00e8 prevista l\u2019apertura giornaliera continuativa.<\/p>\n<p>Per gli impianti della gestione PromoTurismoFVG le tariffe delle diverse tipologie di biglietti e le promozioni sono rimaste invariate rispetto alla stagione estiva 2017. Permane in particolare l&#39;<strong>attenzione verso le famiglie<\/strong>\u00a0con la\u00a0<strong>gratuit\u00e0 per la categoria baby fino ai 10 anni<\/strong>. Viene confermata la\u00a0<strong>tariffa ridotta del 25%<\/strong>\u00a0per le categorie\u00a0<strong>junior, senior, over 75, gruppi organizzati e famiglie<\/strong>. Confermata inoltre l&#39;applicazione della\u00a0<strong>&#8220;tariffa residenti&#8221;<\/strong>\u00a0in tutti i poli con una riduzione pari al 50% rispetto alle tariffe intere ordinarie, applicata esclusivamente sui biglietti di corsa singola e andata\/ritorno.<\/p>\n<p>Info:\u00a0<a href=\"http:\/\/www.turismofvg.it\/\" target=\"_blank\" rel=\"noopener\">www.turismofvg.it<\/a><\/p>\n","protected":false},"excerpt":{"rendered":"<p>Ecco tutte le date dei poli del FVG<\/p>\n","protected":false},"author":28,"featured_media":26758,"comment_status":"closed","ping_status":"closed","sticky":false,"template":"","format":"standard","meta":{"dwc-title":[],"dwc-content":[],"footnotes":""},"categories":[8],"tags":[],"class_list":["post-26757","post","type-post","status-publish","format-standard","has-post-thumbnail","hentry","category-turismo"],"rttpg_featured_image_url":{"full":["https:\/\/imagazine.it\/wp-content\/uploads\/2024\/01\/25588-1.webp",750,500,false],"landscape":["https:\/\/imagazine.it\/wp-content\/uploads\/2024\/01\/25588-1.webp",750,500,false],"portraits":["https:\/\/imagazine.it\/wp-content\/uploads\/2024\/01\/25588-1.webp",750,500,false],"thumbnail":["https:\/\/imagazine.it\/wp-content\/uploads\/2024\/01\/25588-1-150x150.webp",150,150,true],"medium":["https:\/\/imagazine.it\/wp-content\/uploads\/2024\/01\/25588-1-300x200.webp",300,200,true],"large":["https:\/\/imagazine.it\/wp-content\/uploads\/2024\/01\/25588-1.webp",640,427,false],"thumblist":["https:\/\/imagazine.it\/wp-content\/uploads\/2024\/01\/25588-1.webp",300,200,false],"thumbrelated":["https:\/\/imagazine.it\/wp-content\/uploads\/2024\/01\/25588-1.webp",500,333,false],"meccarouselthumb":["https:\/\/imagazine.it\/wp-content\/uploads\/2024\/01\/25588-1.webp",474,316,false],"gridsquare":["https:\/\/imagazine.it\/wp-content\/uploads\/2024\/01\/25588-1.webp",391,260,false],"tileview":["https:\/\/imagazine.it\/wp-content\/uploads\/2024\/01\/25588-1.webp",300,200,false],"1536x1536":["https:\/\/imagazine.it\/wp-content\/uploads\/2024\/01\/25588-1.webp",750,500,false],"2048x2048":["https:\/\/imagazine.it\/wp-content\/uploads\/2024\/01\/25588-1.webp",750,500,false],"newsup-slider-full":["https:\/\/imagazine.it\/wp-content\/uploads\/2024\/01\/25588-1.webp",750,500,false],"newsup-featured":["https:\/\/imagazine.it\/wp-content\/uploads\/2024\/01\/25588-1.webp",750,500,false],"newsup-medium":["https:\/\/imagazine.it\/wp-content\/uploads\/2024\/01\/25588-1-720x380.webp",720,380,true],"tptn_thumbnail":["https:\/\/imagazine.it\/wp-content\/uploads\/2024\/01\/25588-1.webp",250,167,false],"sow-carousel-default":["https:\/\/imagazine.it\/wp-content\/uploads\/2024\/01\/25588-1-272x182.webp",272,182,true]},"rttpg_author":{"display_name":"redazione","author_link":"https:\/\/imagazine.it\/home_desk\/author\/redazione\/"},"rttpg_comment":0,"rttpg_category":"<a href=\"https:\/\/imagazine.it\/home_desk\/category\/turismo\/\" rel=\"category tag\">TURISMO<\/a>","rttpg_excerpt":"Ecco tutte le date dei poli del FVG","_links":{"self":[{"href":"https:\/\/imagazine.it\/home_desk\/wp-json\/wp\/v2\/posts\/26757","targetHints":{"allow":["GET"]}}],"collection":[{"href":"https:\/\/imagazine.it\/home_desk\/wp-json\/wp\/v2\/posts"}],"about":[{"href":"https:\/\/imagazine.it\/home_desk\/wp-json\/wp\/v2\/types\/post"}],"author":[{"embeddable":true,"href":"https:\/\/imagazine.it\/home_desk\/wp-json\/wp\/v2\/users\/28"}],"replies":[{"embeddable":true,"href":"https:\/\/imagazine.it\/home_desk\/wp-json\/wp\/v2\/comments?post=26757"}],"version-history":[{"count":0,"href":"https:\/\/imagazine.it\/home_desk\/wp-json\/wp\/v2\/posts\/26757\/revisions"}],"wp:featuredmedia":[{"embeddable":true,"href":"https:\/\/imagazine.it\/home_desk\/wp-json\/wp\/v2\/media\/26758"}],"wp:attachment":[{"href":"https:\/\/imagazine.it\/home_desk\/wp-json\/wp\/v2\/media?parent=26757"}],"wp:term":[{"taxonomy":"category","embeddable":true,"href":"https:\/\/imagazine.it\/home_desk\/wp-json\/wp\/v2\/categories?post=26757"},{"taxonomy":"post_tag","embeddable":true,"href":"https:\/\/imagazine.it\/home_desk\/wp-json\/wp\/v2\/tags?post=26757"}],"curies":[{"name":"wp","href":"https:\/\/api.w.org\/{rel}","templated":true}]}}