{"id":26743,"date":"2018-05-30T00:00:00","date_gmt":"2018-05-29T23:00:00","guid":{"rendered":"https:\/\/imagazine.it\/?p=26743"},"modified":"2018-05-30T00:00:00","modified_gmt":"2018-05-29T23:00:00","slug":"bologna-scopre-i-gusti-tipici-di-cordovado","status":"publish","type":"post","link":"https:\/\/imagazine.it\/home_desk\/bologna-scopre-i-gusti-tipici-di-cordovado\/","title":{"rendered":"Bologna scopre i gusti tipici di Cordovado"},"content":{"rendered":"<p>Successo a FICO, il parco agroalimentare di Bologna, per le proposte enogastronomiche e culturali di Cordovado ospiti nello stand di Ecceitalia, il consorzio promozionale dei Borghi pi\u00f9 belli d\u2019Italia, club dell\u2019Anci del quale il borgo friulano fa parte.<\/p>\n<p>L\u2019occasione \u00e8 stata utile anche per lanciare il prossimo appuntamento con Sapori in Borgo, manifestazione dedicata alle tipicit\u00e0 enogastronomiche del Friuli Venezia Giulia e del resto d\u2019Italia, in programma il 9 e 10 giugno con delegazioni di borghi provenienti da tutta la Penisola.\u00a0<\/p>\n<p>Nello specifico, a Fico sono stati proposti ai visitatori i vini locali dell&#39;azienda <em>Soppelsa<\/em> e una selezione dei prodotti della bottega <em>Se son rose<\/em>, insieme al gelato a base di mela cotta prodotto dalla Gelateria Dolci Emozioni guarnito con crumble del dolce tipico del borgo chiamato Spaccafumo (nome omaggio a un personaggio letterario cordovadese inventato da Ippolito Nievo), creazione del panificio Venturini. Inoltre il <strong>Gruppo Sbandieratori di Cordovado<\/strong> si \u00e8 esibito nei padiglioni riscuotendo molti applausi.\u00a0<\/p>\n<p>\u201cUn\u2019importante vetrina &#8211; hanno commentato il sindaco di Cordovado <strong>Francesco Toneguzzo<\/strong> e <strong>Mauro Colavitti<\/strong> presidente della Pro Loco Cordovado &#8211; che ha permesso ad ancora pi\u00f9 persone di conoscere la nostra realt\u00e0 e, perch\u00e8 no, sceglierla magari per un soggiorno gi\u00e0 nel fine settimana di Sapori in Borgo\u201d.\u00a0<\/p>\n<p>Per quanto riguarda questa manifestazione saranno tredici i borghi partecipanti con i propri piatti tipici in rappresentanza di gran parte della Penisola comprensiva, per la prima volta, del Sud Italia. Sono Orvinio (Lazio), Ortignano Raggiolo e Vecchiano (Toscana), Bienno (Lombardia), Montagnana, Portogruaro, Canaro e Concordia Sagittaria (Veneto), Norcia (Umbria) pi\u00f9 Vermegliano, Precenicco e Cordovado per il Friuli Venezia Giulia e la Calabria con il borgo di Bova.\u00a0<\/p>\n<p>\u201cIl programma \u00e8 completo e siamo pronti per attendere i visitatori &#8211; ha concluso la direttrice artistica <strong>Elena Pasqual<\/strong> -: Sapori in Borgo sar\u00e0 ancora una volta una bella occasione di incontro tra gusti e proposte culturali\u201d.<\/p>\n<p>Nell\u2019attesa di conoscere tutto il programma, gi\u00e0 noti i nomi di due big del panorama artistico friulano che saranno presenti con due spettacoli gratuiti: <u><a href=\"http:\/\/www.imagazine.it\/notizie-trieste-gorizia-udine-friuli\/5460\" target=\"_blank\" rel=\"noopener\">il cantautore carnico <strong>Doro Gjat<\/strong><\/a><\/u> che presenter\u00e0 il suo nuovo album <strong>Orizzonti Verticali<\/strong> sabato 9 giugno alle 21.30 e <u><a href=\"http:\/\/www.imagazine.it\/notizie-trieste-gorizia-udine-friuli\/5118\" target=\"_blank\" rel=\"noopener\">la cabarettista in marilenghe <strong>Catine<\/strong><\/a><\/u>, ovvero la comica friul-lucana <strong>Caterina Tomasulo<\/strong> con le sue gag domenica alle 21.<\/p>\n","protected":false},"excerpt":{"rendered":"<p>Al Parco agroalimentare FICO<\/p>\n","protected":false},"author":28,"featured_media":26744,"comment_status":"closed","ping_status":"closed","sticky":false,"template":"","format":"standard","meta":{"dwc-title":[],"dwc-content":[],"footnotes":""},"categories":[6],"tags":[],"class_list":["post-26743","post","type-post","status-publish","format-standard","has-post-thumbnail","hentry","category-societa"],"rttpg_featured_image_url":{"full":["https:\/\/imagazine.it\/wp-content\/uploads\/2024\/01\/25570-1.webp",750,521,false],"landscape":["https:\/\/imagazine.it\/wp-content\/uploads\/2024\/01\/25570-1.webp",750,521,false],"portraits":["https:\/\/imagazine.it\/wp-content\/uploads\/2024\/01\/25570-1.webp",750,521,false],"thumbnail":["https:\/\/imagazine.it\/wp-content\/uploads\/2024\/01\/25570-1-150x150.webp",150,150,true],"medium":["https:\/\/imagazine.it\/wp-content\/uploads\/2024\/01\/25570-1-300x208.webp",300,208,true],"large":["https:\/\/imagazine.it\/wp-content\/uploads\/2024\/01\/25570-1.webp",640,445,false],"thumblist":["https:\/\/imagazine.it\/wp-content\/uploads\/2024\/01\/25570-1.webp",300,208,false],"thumbrelated":["https:\/\/imagazine.it\/wp-content\/uploads\/2024\/01\/25570-1.webp",500,347,false],"meccarouselthumb":["https:\/\/imagazine.it\/wp-content\/uploads\/2024\/01\/25570-1.webp",466,324,false],"gridsquare":["https:\/\/imagazine.it\/wp-content\/uploads\/2024\/01\/25570-1.webp",374,260,false],"tileview":["https:\/\/imagazine.it\/wp-content\/uploads\/2024\/01\/25570-1.webp",300,208,false],"1536x1536":["https:\/\/imagazine.it\/wp-content\/uploads\/2024\/01\/25570-1.webp",750,521,false],"2048x2048":["https:\/\/imagazine.it\/wp-content\/uploads\/2024\/01\/25570-1.webp",750,521,false],"newsup-slider-full":["https:\/\/imagazine.it\/wp-content\/uploads\/2024\/01\/25570-1.webp",750,521,false],"newsup-featured":["https:\/\/imagazine.it\/wp-content\/uploads\/2024\/01\/25570-1.webp",750,521,false],"newsup-medium":["https:\/\/imagazine.it\/wp-content\/uploads\/2024\/01\/25570-1-720x380.webp",720,380,true],"tptn_thumbnail":["https:\/\/imagazine.it\/wp-content\/uploads\/2024\/01\/25570-1.webp",250,174,false],"sow-carousel-default":["https:\/\/imagazine.it\/wp-content\/uploads\/2024\/01\/25570-1-272x182.webp",272,182,true]},"rttpg_author":{"display_name":"redazione","author_link":"https:\/\/imagazine.it\/home_desk\/author\/redazione\/"},"rttpg_comment":0,"rttpg_category":"<a href=\"https:\/\/imagazine.it\/home_desk\/category\/societa\/\" rel=\"category tag\">SOCIET\u00c0<\/a>","rttpg_excerpt":"Al Parco agroalimentare FICO","_links":{"self":[{"href":"https:\/\/imagazine.it\/home_desk\/wp-json\/wp\/v2\/posts\/26743","targetHints":{"allow":["GET"]}}],"collection":[{"href":"https:\/\/imagazine.it\/home_desk\/wp-json\/wp\/v2\/posts"}],"about":[{"href":"https:\/\/imagazine.it\/home_desk\/wp-json\/wp\/v2\/types\/post"}],"author":[{"embeddable":true,"href":"https:\/\/imagazine.it\/home_desk\/wp-json\/wp\/v2\/users\/28"}],"replies":[{"embeddable":true,"href":"https:\/\/imagazine.it\/home_desk\/wp-json\/wp\/v2\/comments?post=26743"}],"version-history":[{"count":0,"href":"https:\/\/imagazine.it\/home_desk\/wp-json\/wp\/v2\/posts\/26743\/revisions"}],"wp:featuredmedia":[{"embeddable":true,"href":"https:\/\/imagazine.it\/home_desk\/wp-json\/wp\/v2\/media\/26744"}],"wp:attachment":[{"href":"https:\/\/imagazine.it\/home_desk\/wp-json\/wp\/v2\/media?parent=26743"}],"wp:term":[{"taxonomy":"category","embeddable":true,"href":"https:\/\/imagazine.it\/home_desk\/wp-json\/wp\/v2\/categories?post=26743"},{"taxonomy":"post_tag","embeddable":true,"href":"https:\/\/imagazine.it\/home_desk\/wp-json\/wp\/v2\/tags?post=26743"}],"curies":[{"name":"wp","href":"https:\/\/api.w.org\/{rel}","templated":true}]}}