{"id":26734,"date":"2018-05-29T00:00:00","date_gmt":"2018-05-28T23:00:00","guid":{"rendered":"https:\/\/imagazine.it\/?p=26734"},"modified":"2018-05-29T00:00:00","modified_gmt":"2018-05-28T23:00:00","slug":"inaugura-a-fagagna-la-verniciatura-a-impatto-zero","status":"publish","type":"post","link":"https:\/\/imagazine.it\/home_desk\/inaugura-a-fagagna-la-verniciatura-a-impatto-zero\/","title":{"rendered":"Inaugura a Fagagna la verniciatura a impatto zero"},"content":{"rendered":"<p>A sette anni dall\u2019inaugurazione del quartier generale, Pratic porta sulle medesime colline friulane di Fagagna inediti spazi per la progettazione e produzione delle sue pergole e tende di design.\u00a0Accanto alla sede attuale, il marchio italiano leader del settore <em>outdoor<\/em> aggiunge oggi ulteriori 10 mila metri, raddoppiando di fatto la superficie dell\u2019azienda. Come avvenuto nel 2011, anche il secondo edificio \u00e8 stato progettato da Geza \u2013 Gri e Zucchi Architettura, secondo gli stessi valori di semplicit\u00e0 ed efficienza che hanno decretato il successo della prima \u201cversione\u201d, celebrata con premi e pubblicazioni internazionali.<\/p>\n<p>La novit\u00e0 pi\u00f9 rilevante contemplata dal progetto di ampliamento \u00e8 rappresentata dalla prima linea di verniciatura, grazie alla quale Pratic realizzer\u00e0 le strutture <em>outdoor<\/em> in trenta diverse colorazioni, che si sommano alle otto gi\u00e0 esistenti.<\/p>\n<p>L\u2019azienda nata nel 1960 e oggi guidata dai <strong>Dino <\/strong>ed<strong> Edi Orioli<\/strong> \u00e8 pronta cos\u00ec a portare sul mercato una delle pi\u00f9 ricche e raffinate offerte cromatiche, nata dalla collaborazione con architetti e designer e incentrata su <em>nuance<\/em> che ricordano i colori caldi della terra.<\/p>\n<p>Pratic ha scelto il pre-trattamento <em>Qualicoat<\/em> <em>Seaside<\/em> che tutela dal rischio corrosione salsedine, e vernici dalle alte prestazioni <em>anti-aging<\/em> fornite dai migliori fornitori internazionali sul mercato. In particolare, le vernici in <em>Qualicoat Classe 2<\/em> adottate da Pratic garantiscono maggiore resistenza ai raggi UV, alla salsedine, all\u2019umidit\u00e0, maggiore durata della brillantezza del colore nel tempo e facilit\u00e0 di manutenzione grazie a un reticolo pi\u00f9 denso della vernice che agevola la pulizia.<\/p>\n<p>L\u2019impianto verniciatura di Pratic \u00e8 stato concepito per avere zero impatto ambientale. All\u2019interno del processo di verniciatura non vengono, infatti, utilizzati ne\u0301 solventi ne\u0301 composti volatili organici; le polveri in poliestere hanno un grado di recuperabilita\u0300 del 97%. Anche in fase di pre-trattamento si e\u0300 scelta la soluzione meno impattante: lo stadio di conversione finale utilizza un agente chimico nanotecnologico che, privo di cromo, risulta innocuo per l\u2019ambiente. Inoltre, l\u2019impianto e\u0300 dotato di un sistema di depurazione a scarico zero, che consente il riutilizzo del 97% dell\u2019acqua utilizzata per i processi di lavaggio automatico riducendo al minimo i consumi idrici.<\/p>\n<p>\u201cPratic ha deciso di investire in tecnologia e servizio al cliente \u2013 dichiarano Dino ed Edi Orioli \u2013 e questa nuova linea di verniciatura lo dimostra. Da oggi le nostre strutture potranno essere personalizzate anche dal punto di vista del colore e soddisfare il pi\u00f9 complesso dei progetti. La tipologia di impianto realizzato e il piano di sviluppo varato per i prossimi anni rispondono totalmente agli standard di altissima qualit\u00e0 del nostro prodotto, dei processi di progettazione e produzione\u201d.<\/p>\n<p>Il nuovo edificio, caratterizzato da una superficie riflettente, ospita anche nuovi macchinari a controllo numerico per la fresatura in grado di effettuare lavorazioni ad alta precisione; accanto a essi un magazzino compattabile che si sviluppa per nove piani di altezza e che pu\u00f2 contenere fino a 700 posti pallet.<\/p>\n<p>Molta attenzione \u00e8 stata data al comfort e al benessere dei collaboratori: nuovi uffici per l\u2019industrializzazione del prodotto, la Ricerca &#038; Sviluppo \u2013 dotata di una nuova area test interna ed esterna \u2013 e gli uffici tecnico-commerciali. Per le pause dall\u2019attivit\u00e0 lavorativa \u00e8 stata creata una luminosa area ristoratrice per ospiti e collaboratori affiancata da ulteriori zone relax interne ed esterne all\u2019edificio.<\/p>\n<p>I numeri di Pratic confermano la crescita: negli ultimi due anni gli investimenti hanno toccato quota 10,5 milioni di euro; in un decennio il numero dei collaboratori \u00e8 aumentato del 252% e il fatturato \u00e8 pi\u00f9 che triplicato raggiungendo i 38 milioni di euro.<\/p>\n","protected":false},"excerpt":{"rendered":"<p>Per &#8220;Pratic&#8221; secondo edificio di 10 mila metri<\/p>\n","protected":false},"author":28,"featured_media":26735,"comment_status":"closed","ping_status":"closed","sticky":false,"template":"","format":"standard","meta":{"dwc-title":[],"dwc-content":[],"footnotes":""},"categories":[6],"tags":[],"class_list":["post-26734","post","type-post","status-publish","format-standard","has-post-thumbnail","hentry","category-societa"],"rttpg_featured_image_url":{"full":["https:\/\/imagazine.it\/wp-content\/uploads\/2024\/01\/25535-1.webp",750,500,false],"landscape":["https:\/\/imagazine.it\/wp-content\/uploads\/2024\/01\/25535-1.webp",750,500,false],"portraits":["https:\/\/imagazine.it\/wp-content\/uploads\/2024\/01\/25535-1.webp",750,500,false],"thumbnail":["https:\/\/imagazine.it\/wp-content\/uploads\/2024\/01\/25535-1-150x150.webp",150,150,true],"medium":["https:\/\/imagazine.it\/wp-content\/uploads\/2024\/01\/25535-1-300x200.webp",300,200,true],"large":["https:\/\/imagazine.it\/wp-content\/uploads\/2024\/01\/25535-1.webp",640,427,false],"thumblist":["https:\/\/imagazine.it\/wp-content\/uploads\/2024\/01\/25535-1.webp",300,200,false],"thumbrelated":["https:\/\/imagazine.it\/wp-content\/uploads\/2024\/01\/25535-1.webp",500,333,false],"meccarouselthumb":["https:\/\/imagazine.it\/wp-content\/uploads\/2024\/01\/25535-1.webp",474,316,false],"gridsquare":["https:\/\/imagazine.it\/wp-content\/uploads\/2024\/01\/25535-1.webp",391,260,false],"tileview":["https:\/\/imagazine.it\/wp-content\/uploads\/2024\/01\/25535-1.webp",300,200,false],"1536x1536":["https:\/\/imagazine.it\/wp-content\/uploads\/2024\/01\/25535-1.webp",750,500,false],"2048x2048":["https:\/\/imagazine.it\/wp-content\/uploads\/2024\/01\/25535-1.webp",750,500,false],"newsup-slider-full":["https:\/\/imagazine.it\/wp-content\/uploads\/2024\/01\/25535-1.webp",750,500,false],"newsup-featured":["https:\/\/imagazine.it\/wp-content\/uploads\/2024\/01\/25535-1.webp",750,500,false],"newsup-medium":["https:\/\/imagazine.it\/wp-content\/uploads\/2024\/01\/25535-1-720x380.webp",720,380,true],"tptn_thumbnail":["https:\/\/imagazine.it\/wp-content\/uploads\/2024\/01\/25535-1.webp",250,167,false],"sow-carousel-default":["https:\/\/imagazine.it\/wp-content\/uploads\/2024\/01\/25535-1-272x182.webp",272,182,true]},"rttpg_author":{"display_name":"redazione","author_link":"https:\/\/imagazine.it\/home_desk\/author\/redazione\/"},"rttpg_comment":0,"rttpg_category":"<a href=\"https:\/\/imagazine.it\/home_desk\/category\/societa\/\" rel=\"category tag\">SOCIET\u00c0<\/a>","rttpg_excerpt":"Per \"Pratic\" secondo edificio di 10 mila metri","_links":{"self":[{"href":"https:\/\/imagazine.it\/home_desk\/wp-json\/wp\/v2\/posts\/26734","targetHints":{"allow":["GET"]}}],"collection":[{"href":"https:\/\/imagazine.it\/home_desk\/wp-json\/wp\/v2\/posts"}],"about":[{"href":"https:\/\/imagazine.it\/home_desk\/wp-json\/wp\/v2\/types\/post"}],"author":[{"embeddable":true,"href":"https:\/\/imagazine.it\/home_desk\/wp-json\/wp\/v2\/users\/28"}],"replies":[{"embeddable":true,"href":"https:\/\/imagazine.it\/home_desk\/wp-json\/wp\/v2\/comments?post=26734"}],"version-history":[{"count":0,"href":"https:\/\/imagazine.it\/home_desk\/wp-json\/wp\/v2\/posts\/26734\/revisions"}],"wp:featuredmedia":[{"embeddable":true,"href":"https:\/\/imagazine.it\/home_desk\/wp-json\/wp\/v2\/media\/26735"}],"wp:attachment":[{"href":"https:\/\/imagazine.it\/home_desk\/wp-json\/wp\/v2\/media?parent=26734"}],"wp:term":[{"taxonomy":"category","embeddable":true,"href":"https:\/\/imagazine.it\/home_desk\/wp-json\/wp\/v2\/categories?post=26734"},{"taxonomy":"post_tag","embeddable":true,"href":"https:\/\/imagazine.it\/home_desk\/wp-json\/wp\/v2\/tags?post=26734"}],"curies":[{"name":"wp","href":"https:\/\/api.w.org\/{rel}","templated":true}]}}