{"id":26728,"date":"2018-05-28T00:00:00","date_gmt":"2018-05-27T23:00:00","guid":{"rendered":"https:\/\/imagazine.it\/?p=26728"},"modified":"2018-05-28T00:00:00","modified_gmt":"2018-05-27T23:00:00","slug":"alternanza-scuola-lavoro-premiati-i-video-delle-scuole","status":"publish","type":"post","link":"https:\/\/imagazine.it\/home_desk\/alternanza-scuola-lavoro-premiati-i-video-delle-scuole\/","title":{"rendered":"Alternanza scuola\/lavoro: premiati i video delle scuole"},"content":{"rendered":"<p><strong>Un Premio alle scuole che\u00a0<\/strong>hanno realizzato i\u00a0<strong>pi\u00f9 efficaci video-racconti della loro esperienza di alternanza scuola-lavoro<\/strong>: \u00e8 \u201cStorie di alternanza\u201d<strong>,\u00a0<\/strong>promosso da\u00a0<strong>Unioncamere<\/strong>\u00a0e, per il territorio, dalla\u00a0<strong>Camera di Commercio di Udine<\/strong>, che ha messo a disposizione 5 mila euro per i vincitori, oggi premiati in Sala Valduga dal presidente <strong>Giovanni Da Pozzo.<\/strong>\u00a0<\/p>\n<p>Tre premi sono stati riservati ai licei e tre agli Istituti tecnici e professionali:\u00a0<em>per i Licei<\/em>, il\u00a0<strong>primo e il secondo posto<\/strong>\u00a0se lo sono aggiudicati due classi del\u00a0<strong>Liceo Paolo Diacono<\/strong>\u00a0di\u00a0<strong>Cividale<\/strong>, mentre il\u00a0<strong>terzo<\/strong>\u00a0\u00e8 andato a una \u201ccordata\u201d formata da\u00a0<strong>Stellini, Percoto e Marinelli<\/strong>\u00a0di\u00a0<strong>Udine<\/strong>. Per quanto riguarda gli\u00a0<em>istituti tecnici e professionali<\/em>, al primo posto si \u00e8 classificato il video del\u00a0<strong>Malignani<\/strong>, al\u00a0<strong>secondo il Bearzi<\/strong>\u00a0e al\u00a0<strong>terzo il Marinoni<\/strong>. Il\u00a0<strong>Malignani andr\u00e0 domani anche a Roma<\/strong>, perch\u00e9 il video ha ricevuto una menzione speciale alla selezione italiana del Premio \u2013 i partecipanti concorrevano automaticamente\u00a0<strong>anche alla selezione nazionale.<\/strong><\/p>\n<p>Tutti i premiati hanno ricevuto un\u00a0<strong>maxi-assegno<\/strong>, fondi stanziati dalla Camera da utilizzare per progetti scolastici: ai\u00a0<strong>primi classificati da 1.200 euro, ai secondi da 800 e ai terzi da 500 euro<\/strong>.<\/p>\n<p>La Premiazione \u00e8\u00a0stata occasione anche per presentare\u00a0<strong>alcuni dati del Centro studi Cciaa Udine <\/strong>da parte del responsabile<strong> Mario Passon<\/strong>, commentati dal presidente Da Pozzo.\u00a0\u00a0\u00abIl fatto che la\u00a0<strong>percentuali di giovani del Fvg occupati sia 10 punti pi\u00f9 alta della media nazionale<\/strong>\u00a0\u00e8 un buon risultato \u2013 ha detto \u2013, ma chiaramente non ci deve far abbassare l\u2019attenzione sul tema dei giovani e mondo del lavoro, anche perch\u00e9 la nostra regione \u00e8 ultima per imprese under 35. In ogni caso, il segnale \u00e8 pi\u00f9 che positivo ed \u00e8 segno di tutto un sistema che funziona, parte dalla scuola e dagli insegnanti, dalle imprese, ma prima di tutto dalle famiglie, primo supporto e stimolo per i nostri giovani\u00bb.<\/p>\n<p>Da Pozzo ha ricordato i\u00a0<strong>voucher<\/strong>, contributi per le aziende che ospitano studenti in alternanza, bando aperto fino al\u00a0<strong>31 agosto, ma anche i corsi di formazione specifica per i giovani e a<\/strong>ltre attivit\u00e0 di alternanza\u00a0realizzate come\u00a0<strong>partner di Junior Achievement<\/strong>, appena culminate\u00a0\u00a0con il successo della\u00a0<strong>Fiera Impresa in Azione.\u00a0<\/strong>Sta proseguendo inoltre il<strong>\u00a0progetto pilota targato Cciaa e ideato appositamente per gli studenti dei Licei<\/strong>, con 76 ragazzi coinvolti e 14 aziende aderenti.\u00a0Al termine ogni gruppo presenter\u00e0 l\u2019<em>output<\/em>\u00a0di progetto: una proposta di innovazione di un processo che avranno osservato in azienda.<\/p>\n","protected":false},"excerpt":{"rendered":"<p>Premio promosso da Unioncamere<\/p>\n","protected":false},"author":28,"featured_media":26729,"comment_status":"closed","ping_status":"closed","sticky":false,"template":"","format":"standard","meta":{"dwc-title":[],"dwc-content":[],"footnotes":""},"categories":[6],"tags":[],"class_list":["post-26728","post","type-post","status-publish","format-standard","has-post-thumbnail","hentry","category-societa"],"rttpg_featured_image_url":{"full":["https:\/\/imagazine.it\/wp-content\/uploads\/2024\/01\/25528-1.webp",750,330,false],"landscape":["https:\/\/imagazine.it\/wp-content\/uploads\/2024\/01\/25528-1.webp",750,330,false],"portraits":["https:\/\/imagazine.it\/wp-content\/uploads\/2024\/01\/25528-1.webp",750,330,false],"thumbnail":["https:\/\/imagazine.it\/wp-content\/uploads\/2024\/01\/25528-1-150x150.webp",150,150,true],"medium":["https:\/\/imagazine.it\/wp-content\/uploads\/2024\/01\/25528-1-300x132.webp",300,132,true],"large":["https:\/\/imagazine.it\/wp-content\/uploads\/2024\/01\/25528-1.webp",640,282,false],"thumblist":["https:\/\/imagazine.it\/wp-content\/uploads\/2024\/01\/25528-1.webp",300,132,false],"thumbrelated":["https:\/\/imagazine.it\/wp-content\/uploads\/2024\/01\/25528-1.webp",500,220,false],"meccarouselthumb":["https:\/\/imagazine.it\/wp-content\/uploads\/2024\/01\/25528-1.webp",474,209,false],"gridsquare":["https:\/\/imagazine.it\/wp-content\/uploads\/2024\/01\/25528-1.webp",391,172,false],"tileview":["https:\/\/imagazine.it\/wp-content\/uploads\/2024\/01\/25528-1.webp",300,132,false],"1536x1536":["https:\/\/imagazine.it\/wp-content\/uploads\/2024\/01\/25528-1.webp",750,330,false],"2048x2048":["https:\/\/imagazine.it\/wp-content\/uploads\/2024\/01\/25528-1.webp",750,330,false],"newsup-slider-full":["https:\/\/imagazine.it\/wp-content\/uploads\/2024\/01\/25528-1.webp",750,330,false],"newsup-featured":["https:\/\/imagazine.it\/wp-content\/uploads\/2024\/01\/25528-1.webp",750,330,false],"newsup-medium":["https:\/\/imagazine.it\/wp-content\/uploads\/2024\/01\/25528-1-720x330.webp",720,330,true],"tptn_thumbnail":["https:\/\/imagazine.it\/wp-content\/uploads\/2024\/01\/25528-1.webp",250,110,false],"sow-carousel-default":["https:\/\/imagazine.it\/wp-content\/uploads\/2024\/01\/25528-1-272x182.webp",272,182,true]},"rttpg_author":{"display_name":"redazione","author_link":"https:\/\/imagazine.it\/home_desk\/author\/redazione\/"},"rttpg_comment":0,"rttpg_category":"<a href=\"https:\/\/imagazine.it\/home_desk\/category\/societa\/\" rel=\"category tag\">SOCIET\u00c0<\/a>","rttpg_excerpt":"Premio promosso da Unioncamere","_links":{"self":[{"href":"https:\/\/imagazine.it\/home_desk\/wp-json\/wp\/v2\/posts\/26728","targetHints":{"allow":["GET"]}}],"collection":[{"href":"https:\/\/imagazine.it\/home_desk\/wp-json\/wp\/v2\/posts"}],"about":[{"href":"https:\/\/imagazine.it\/home_desk\/wp-json\/wp\/v2\/types\/post"}],"author":[{"embeddable":true,"href":"https:\/\/imagazine.it\/home_desk\/wp-json\/wp\/v2\/users\/28"}],"replies":[{"embeddable":true,"href":"https:\/\/imagazine.it\/home_desk\/wp-json\/wp\/v2\/comments?post=26728"}],"version-history":[{"count":0,"href":"https:\/\/imagazine.it\/home_desk\/wp-json\/wp\/v2\/posts\/26728\/revisions"}],"wp:featuredmedia":[{"embeddable":true,"href":"https:\/\/imagazine.it\/home_desk\/wp-json\/wp\/v2\/media\/26729"}],"wp:attachment":[{"href":"https:\/\/imagazine.it\/home_desk\/wp-json\/wp\/v2\/media?parent=26728"}],"wp:term":[{"taxonomy":"category","embeddable":true,"href":"https:\/\/imagazine.it\/home_desk\/wp-json\/wp\/v2\/categories?post=26728"},{"taxonomy":"post_tag","embeddable":true,"href":"https:\/\/imagazine.it\/home_desk\/wp-json\/wp\/v2\/tags?post=26728"}],"curies":[{"name":"wp","href":"https:\/\/api.w.org\/{rel}","templated":true}]}}