{"id":26724,"date":"2018-05-28T00:00:00","date_gmt":"2018-05-27T23:00:00","guid":{"rendered":"https:\/\/imagazine.it\/?p=26724"},"modified":"2018-05-28T00:00:00","modified_gmt":"2018-05-27T23:00:00","slug":"dalla-bosnia-a-udine-per-studiare-nuovi-modelli-di-business","status":"publish","type":"post","link":"https:\/\/imagazine.it\/home_desk\/dalla-bosnia-a-udine-per-studiare-nuovi-modelli-di-business\/","title":{"rendered":"Dalla Bosnia a Udine per studiare nuovi modelli di business"},"content":{"rendered":"<p>Il <strong>modello di auto-sostenibilit\u00e0<\/strong> del Centro di Ricerca e Trasferimento Tecnologico <strong>Friuli Innovazione<\/strong> si fa notare anche <strong>all\u2019estero, dove viene preso ad esempio di unicit\u00e0 virtuosa di una struttura che non ha scopo di lucro e si autofinanzia<\/strong> principalmente procurandosi contributi attraverso schemi competitivi europei, nazionali o regionali, ai quali partecipa presentando progetti di ricerca e innovazione mettendo poi a disposizione del territorio \u2013 principalmente PMI \u2013 servizi, esperienze e competenze.<\/p>\n<p>Proprio per studiare questo modello vincente di business \u00e8 arrivata a Friuli Innovazione dalla Bosnia Herzegovina una <strong>delegazione dell\u2019Universit\u00e0 di Banja Luka<\/strong> guidata <strong>Andjela Pepic, responsabile dell\u2019area Trasferimento Tecnologico <\/strong>e membro del COST \u2013 European Cooperation in the field of Scientific and Technical Research \u2013 ente finalizzato allo scambio di informazioni pratiche sugli aspetti amministrativi, finanziari e giuridici della gestione dei progetti di ricerca e innovazione.<\/p>\n<p>Accolti dal <strong>direttore di Friuli Innovazione Fabio Feruglio<\/strong> e dal <strong>project manager Saverio D\u2019Eredit\u00e0<\/strong>, Andjela Pepic e il suo staff hanno avuto modo di confrontarsi sui temi dei progetti europei, sulle attivit\u00e0 di trasferimento tecnologico, sui servizi di consulenza alle imprese e sulle azioni che Friuli Innovazione svolge a favore del territorio.<\/p>\n<p>Con un <strong>modello di funzionamento che rimane un unicum nel panorama dei parchi scientifici regionali e nazionali<\/strong>, Friuli Innovazione svolge infatti numerose attivit\u00e0 finalizzate a rafforzare la competitivit\u00e0 della regione: dalla gestione del parco scientifico e tecnologico di Udine, che conta circa 40 realt\u00e0 insediate, alla gestione dell\u2019incubatore certificato d\u2019impresa, che ha supportato la nascita di una sessantina di startup e creato pi\u00f9 di 200 posti di lavoro.<\/p>\n<p>\u201c<em>Ci sono molte complementariet\u00e0 che possono essere ricercate tra i rispettivi territori<\/em> \u2013 ha dichiarato <strong>Pepic<\/strong> \u2013 <em>soprattutto in settori come la meccanica, nei quali sono molte le opportunit\u00e0 di cooperazione con imprese e poli dell\u2019innovazione e ci piacerebbe approfondirle. Banja Luka \u00e8 stata per diversi anni un\u2019eccellenza per l\u2019ingegneria meccanica e oggi molte imprese, soprattutto austriache e tedesche, ma anche italiane, si stanno interessando al nostro territorio. Dal punto di vista dell\u2019accesso ai finanziamenti europei<\/em> <em>l\u2019esperienza maturata da Friuli Innovazione \u00e8 di grandissima rilevanza e rappresenta un esempio di sostenibilit\u00e0 e qualit\u00e0. In questo senso per noi sarebbe estremamente importante poter lavorare allo sviluppo di progetti comuni, soprattutto per la nascita e crescita di nuove imprese\u201d.<\/em><\/p>\n","protected":false},"excerpt":{"rendered":"<p>Dall\u2019Universit\u00e0 di Banja Luka<\/p>\n","protected":false},"author":28,"featured_media":26725,"comment_status":"closed","ping_status":"closed","sticky":false,"template":"","format":"standard","meta":{"dwc-title":[],"dwc-content":[],"footnotes":""},"categories":[6],"tags":[],"class_list":["post-26724","post","type-post","status-publish","format-standard","has-post-thumbnail","hentry","category-societa"],"rttpg_featured_image_url":{"full":["https:\/\/imagazine.it\/wp-content\/uploads\/2024\/01\/25523-1.webp",750,524,false],"landscape":["https:\/\/imagazine.it\/wp-content\/uploads\/2024\/01\/25523-1.webp",750,524,false],"portraits":["https:\/\/imagazine.it\/wp-content\/uploads\/2024\/01\/25523-1.webp",750,524,false],"thumbnail":["https:\/\/imagazine.it\/wp-content\/uploads\/2024\/01\/25523-1-150x150.webp",150,150,true],"medium":["https:\/\/imagazine.it\/wp-content\/uploads\/2024\/01\/25523-1-300x210.webp",300,210,true],"large":["https:\/\/imagazine.it\/wp-content\/uploads\/2024\/01\/25523-1.webp",640,447,false],"thumblist":["https:\/\/imagazine.it\/wp-content\/uploads\/2024\/01\/25523-1.webp",300,210,false],"thumbrelated":["https:\/\/imagazine.it\/wp-content\/uploads\/2024\/01\/25523-1.webp",500,349,false],"meccarouselthumb":["https:\/\/imagazine.it\/wp-content\/uploads\/2024\/01\/25523-1.webp",464,324,false],"gridsquare":["https:\/\/imagazine.it\/wp-content\/uploads\/2024\/01\/25523-1.webp",372,260,false],"tileview":["https:\/\/imagazine.it\/wp-content\/uploads\/2024\/01\/25523-1.webp",300,210,false],"1536x1536":["https:\/\/imagazine.it\/wp-content\/uploads\/2024\/01\/25523-1.webp",750,524,false],"2048x2048":["https:\/\/imagazine.it\/wp-content\/uploads\/2024\/01\/25523-1.webp",750,524,false],"newsup-slider-full":["https:\/\/imagazine.it\/wp-content\/uploads\/2024\/01\/25523-1.webp",750,524,false],"newsup-featured":["https:\/\/imagazine.it\/wp-content\/uploads\/2024\/01\/25523-1.webp",750,524,false],"newsup-medium":["https:\/\/imagazine.it\/wp-content\/uploads\/2024\/01\/25523-1-720x380.webp",720,380,true],"tptn_thumbnail":["https:\/\/imagazine.it\/wp-content\/uploads\/2024\/01\/25523-1.webp",250,175,false],"sow-carousel-default":["https:\/\/imagazine.it\/wp-content\/uploads\/2024\/01\/25523-1-272x182.webp",272,182,true]},"rttpg_author":{"display_name":"redazione","author_link":"https:\/\/imagazine.it\/home_desk\/author\/redazione\/"},"rttpg_comment":0,"rttpg_category":"<a href=\"https:\/\/imagazine.it\/home_desk\/category\/societa\/\" rel=\"category tag\">SOCIET\u00c0<\/a>","rttpg_excerpt":"Dall\u2019Universit\u00e0 di Banja Luka","_links":{"self":[{"href":"https:\/\/imagazine.it\/home_desk\/wp-json\/wp\/v2\/posts\/26724","targetHints":{"allow":["GET"]}}],"collection":[{"href":"https:\/\/imagazine.it\/home_desk\/wp-json\/wp\/v2\/posts"}],"about":[{"href":"https:\/\/imagazine.it\/home_desk\/wp-json\/wp\/v2\/types\/post"}],"author":[{"embeddable":true,"href":"https:\/\/imagazine.it\/home_desk\/wp-json\/wp\/v2\/users\/28"}],"replies":[{"embeddable":true,"href":"https:\/\/imagazine.it\/home_desk\/wp-json\/wp\/v2\/comments?post=26724"}],"version-history":[{"count":0,"href":"https:\/\/imagazine.it\/home_desk\/wp-json\/wp\/v2\/posts\/26724\/revisions"}],"wp:featuredmedia":[{"embeddable":true,"href":"https:\/\/imagazine.it\/home_desk\/wp-json\/wp\/v2\/media\/26725"}],"wp:attachment":[{"href":"https:\/\/imagazine.it\/home_desk\/wp-json\/wp\/v2\/media?parent=26724"}],"wp:term":[{"taxonomy":"category","embeddable":true,"href":"https:\/\/imagazine.it\/home_desk\/wp-json\/wp\/v2\/categories?post=26724"},{"taxonomy":"post_tag","embeddable":true,"href":"https:\/\/imagazine.it\/home_desk\/wp-json\/wp\/v2\/tags?post=26724"}],"curies":[{"name":"wp","href":"https:\/\/api.w.org\/{rel}","templated":true}]}}