{"id":26708,"date":"2018-05-25T00:00:00","date_gmt":"2018-05-24T23:00:00","guid":{"rendered":"https:\/\/imagazine.it\/?p=26708"},"modified":"2018-05-25T00:00:00","modified_gmt":"2018-05-24T23:00:00","slug":"a-bibione-il-g20-delle-spiagge-italiane","status":"publish","type":"post","link":"https:\/\/imagazine.it\/home_desk\/a-bibione-il-g20-delle-spiagge-italiane\/","title":{"rendered":"A Bibione il G20 delle spiagge italiane"},"content":{"rendered":"<p>Tracciare le linee guida in tema di futura sostenibilit\u00e0, nuovi programmi d\u2019innovazione e progettazione strategica delle spiagge italiane, che da sole ogni estate attirano oltre 60 milioni di presenze, tra italiani e turisti stranieri. Risponde a questa esigenza l\u2019alleanza che il Comune di San Michele al Tagliamento-Bibione, in collaborazione con Bibione Live \u2013 Consorzio di Promozione Turistica, propone alle stazioni turistiche balneari italiane, organizzando dal 5 al 7 settembre prossimi il \u201cG20 delle Spiagge italiane (G20s)\u201d.<\/p>\n<p>Si tratta del primo summit di questo genere lanciato in Italia con la volont\u00e0 di farlo divenire un appuntamento annuale e itinerante lungo tutta la penisola, per valutare congiuntamente tra amministratori pubblici, tecnici del turismo, studiosi e <em>decision maker<\/em> le prospettive di sviluppo delle spiagge tricolori.<\/p>\n<p>Al G20s arriveranno le localit\u00e0 balneari di sette regioni che rappresentano una significativa parte dell\u2019offerta del turismo estivo: accanto alla spiaggia veneta di Bibione, con i suoi 5,3 milioni di presenze all&#39;anno, le corregionali Cavallino Treporti, Jesolo, Caorle e Chioggia; le friulane Lignano Sabbiadoro e Grado, la riviera romagnola con Rimini, Riccione, Cesenatico, Bellaria-Igea Marina, Comacchio, Cervia e Cattolica; la Campania con Sorrento, Forio e Ischia, \u00a0Vieste per la Puglia, Castiglione della Pescaia per la Toscana e la Costa Smeralda con il comune di Arzachena.<\/p>\n<p>Tra eventi aperti anche a localit\u00e0 e operatori diversi dai venti comuni partecipanti \u2013 saranno due le sessioni plenarie \u2013 e confronti \u201ca porte chiuse\u201d, istituzioni e imprenditori discuteranno su focus dedicati al management delle destinazioni balneari, a finanziamenti e risorse, agli aspetti ambientali e per lo sviluppo sostenibile, a infrastrutture e urbanistica, ai servizi.<\/p>\n<p>L\u2019obiettivo \u00e8 rendere chiare sfide e opportunit\u00e0 che si trovano ad affrontare, oggi, le destinazioni balneari. Nel contempo, il G20 permetter\u00e0 di acquisire le conoscenze su come le amministrazioni municipali stanno lavorando a questi temi, condividendo le <em>best practice<\/em>.<\/p>\n<p>I risultati del G20s verranno tradotti in un documento d&#39;indirizzo in grado di incidere sui piani di sviluppo strategici, a livello comunale, regionale e anche nazionale: infatti, il summit delle spiagge italiane vuole creare un vero coordinamento tra le destinazioni balneari italiane, andando ad applicare da un lato le metodologie e i modelli forniti dal Piano strategico di sviluppo del Turismo (Pst) del ministero dei Beni e delle Attivit\u00e0 culturali e del Turismo e, dall\u2019altro, fornire \u201cdal basso\u201d dei validi contributi allo stesso Pst 2017-2022 e alle varie programmazioni regionali.<\/p>\n<p>\u00a0\u201cUn\u2019occasione preziosa \u2013 afferma <strong>Federico Caner, assessore al turismo della Regione Veneto <\/strong>\u2013 per elaborare strategie comuni tra eccellenze di quel comparto che \u00e8 componente essenziale dell\u2019economia del Paese, e che in Veneto rappresenta la prima industria regionale con un fatturato di oltre 17 miliardi di euro\u201d.<\/p>\n<p>\u00a0\u201cQuesto appuntamento \u2013 aggiunge <strong>Pasqualino Codognotto, sindaco di San Michele al Tagliamento-Bibione <\/strong>\u2013 d\u00e0 ai sindaci un\u2019opportunit\u00e0 unica di analizzare insieme le problematiche dello sviluppo turistico dei territori per i quali abbiamo responsabilit\u00e0 di governo. Ed \u00e8 proprio partendo da qui che si dovranno individuare soluzioni concrete a livello nazionale e internazionale\u201d.<\/p>\n<p>\u00a0\u201cBibione \u2013 conclude <strong>Giuliana Basso, Presidente Bibione Live <\/strong>\u2013 \u00e8 orgogliosa di poter ospitare un evento che si pone questi importanti obiettivi per il futuro del turismo. Un\u2019occasione di studio, ma anche di promozione del nostro territorio ricco di peculiarit\u00e0 e sempre pronto a stimolare azioni che portino valore all\u2019economia turistica\u201d.<\/p>\n","protected":false},"excerpt":{"rendered":"<p>Dal 5 al 7 settembre<\/p>\n","protected":false},"author":28,"featured_media":26709,"comment_status":"closed","ping_status":"closed","sticky":false,"template":"","format":"standard","meta":{"dwc-title":[],"dwc-content":[],"footnotes":""},"categories":[8],"tags":[],"class_list":["post-26708","post","type-post","status-publish","format-standard","has-post-thumbnail","hentry","category-turismo"],"rttpg_featured_image_url":{"full":["https:\/\/imagazine.it\/wp-content\/uploads\/2024\/01\/25493-1.webp",750,533,false],"landscape":["https:\/\/imagazine.it\/wp-content\/uploads\/2024\/01\/25493-1.webp",750,533,false],"portraits":["https:\/\/imagazine.it\/wp-content\/uploads\/2024\/01\/25493-1.webp",750,533,false],"thumbnail":["https:\/\/imagazine.it\/wp-content\/uploads\/2024\/01\/25493-1-150x150.webp",150,150,true],"medium":["https:\/\/imagazine.it\/wp-content\/uploads\/2024\/01\/25493-1-300x213.webp",300,213,true],"large":["https:\/\/imagazine.it\/wp-content\/uploads\/2024\/01\/25493-1.webp",640,455,false],"thumblist":["https:\/\/imagazine.it\/wp-content\/uploads\/2024\/01\/25493-1.webp",300,213,false],"thumbrelated":["https:\/\/imagazine.it\/wp-content\/uploads\/2024\/01\/25493-1.webp",500,355,false],"meccarouselthumb":["https:\/\/imagazine.it\/wp-content\/uploads\/2024\/01\/25493-1.webp",456,324,false],"gridsquare":["https:\/\/imagazine.it\/wp-content\/uploads\/2024\/01\/25493-1.webp",366,260,false],"tileview":["https:\/\/imagazine.it\/wp-content\/uploads\/2024\/01\/25493-1.webp",300,213,false],"1536x1536":["https:\/\/imagazine.it\/wp-content\/uploads\/2024\/01\/25493-1.webp",750,533,false],"2048x2048":["https:\/\/imagazine.it\/wp-content\/uploads\/2024\/01\/25493-1.webp",750,533,false],"newsup-slider-full":["https:\/\/imagazine.it\/wp-content\/uploads\/2024\/01\/25493-1.webp",750,533,false],"newsup-featured":["https:\/\/imagazine.it\/wp-content\/uploads\/2024\/01\/25493-1.webp",750,533,false],"newsup-medium":["https:\/\/imagazine.it\/wp-content\/uploads\/2024\/01\/25493-1-720x380.webp",720,380,true],"tptn_thumbnail":["https:\/\/imagazine.it\/wp-content\/uploads\/2024\/01\/25493-1.webp",250,178,false],"sow-carousel-default":["https:\/\/imagazine.it\/wp-content\/uploads\/2024\/01\/25493-1-272x182.webp",272,182,true]},"rttpg_author":{"display_name":"redazione","author_link":"https:\/\/imagazine.it\/home_desk\/author\/redazione\/"},"rttpg_comment":0,"rttpg_category":"<a href=\"https:\/\/imagazine.it\/home_desk\/category\/turismo\/\" rel=\"category tag\">TURISMO<\/a>","rttpg_excerpt":"Dal 5 al 7 settembre","_links":{"self":[{"href":"https:\/\/imagazine.it\/home_desk\/wp-json\/wp\/v2\/posts\/26708","targetHints":{"allow":["GET"]}}],"collection":[{"href":"https:\/\/imagazine.it\/home_desk\/wp-json\/wp\/v2\/posts"}],"about":[{"href":"https:\/\/imagazine.it\/home_desk\/wp-json\/wp\/v2\/types\/post"}],"author":[{"embeddable":true,"href":"https:\/\/imagazine.it\/home_desk\/wp-json\/wp\/v2\/users\/28"}],"replies":[{"embeddable":true,"href":"https:\/\/imagazine.it\/home_desk\/wp-json\/wp\/v2\/comments?post=26708"}],"version-history":[{"count":0,"href":"https:\/\/imagazine.it\/home_desk\/wp-json\/wp\/v2\/posts\/26708\/revisions"}],"wp:featuredmedia":[{"embeddable":true,"href":"https:\/\/imagazine.it\/home_desk\/wp-json\/wp\/v2\/media\/26709"}],"wp:attachment":[{"href":"https:\/\/imagazine.it\/home_desk\/wp-json\/wp\/v2\/media?parent=26708"}],"wp:term":[{"taxonomy":"category","embeddable":true,"href":"https:\/\/imagazine.it\/home_desk\/wp-json\/wp\/v2\/categories?post=26708"},{"taxonomy":"post_tag","embeddable":true,"href":"https:\/\/imagazine.it\/home_desk\/wp-json\/wp\/v2\/tags?post=26708"}],"curies":[{"name":"wp","href":"https:\/\/api.w.org\/{rel}","templated":true}]}}